{"id":2690,"date":"2013-11-20T12:00:00","date_gmt":"2013-11-20T12:00:00","guid":{"rendered":"http:\/\/haksen.org.tr\/?p=2690"},"modified":"2013-11-20T12:00:00","modified_gmt":"2013-11-20T12:00:00","slug":"kirikkale-valiligine-ziyaret","status":"publish","type":"post","link":"https:\/\/haksen.org.tr\/?p=2690","title":{"rendered":"K\u0131r\u0131kkale Valili\u011fine Ziyaret"},"content":{"rendered":"<p>Genel Ba\u015fkan Ayhan \u00c7ivi , beraberindeki heyetle birlikte K\u0131r\u0131kkale Valisi say\u0131n Ali Kolat&#8217;\u0131 makam\u0131nda ziyaret etti.<\/p>\n<p>Ziyarete sendikalar\u0131m\u0131z\u0131n y\u00f6netici ve K\u0131r\u0131kkale&#8217;deki temsilcileri kat\u0131ld\u0131.<\/p>\n<p>Genel Ba\u015fkan Ayhan \u00c7ivi, konfederasyonumuzun \u00e7al\u0131\u015fmalar\u0131 ve K\u0131r\u0131kkale&#8217;de g\u00f6rev yapan sendika \u00fcyelerimizin iletti\u011fi konularda bilgi verdi.<\/p>\n<p>G\u00f6r\u00fc\u015fmenin \u00f6ncesinde K\u0131r\u0131kkale Valili\u011findeki \u00fcyelerimiz ziyaret eden Genel Ba\u015fkan Ayhan \u00c7ivi, il n\u00fcfus m\u00fcd\u00fcrl\u00fc\u011f\u00fc ve \u0130l Acil Afet M\u00fcd\u00fcrl\u00fc\u011f\u00fcndeki \u00fcyelerimizin sorunlar\u0131n\u0131 dinledi.<\/p>\n<h2 style='margin:20px 0;'>\u0130\u00e7erik Galerisi<\/h2>\n<p><img decoding=\"async\" src=\"wp-content\/uploads\/2016\/12\/166534391.jpg\" alt=\"K\u0131r\u0131kkale Valili\u011fine Ziyaret\" style=\"width:100%;\" \/><\/p>\n<p><img decoding=\"async\" src=\"wp-content\/uploads\/2016\/12\/287208463.jpg\" alt=\"K\u0131r\u0131kkale Valili\u011fine Ziyaret\" style=\"width:100%;\" \/><\/p>\n<p><img decoding=\"async\" src=\"wp-content\/uploads\/2016\/12\/882024708.jpg\" alt=\"K\u0131r\u0131kkale Valili\u011fine Ziyaret\" style=\"width:100%;\" \/><\/p>\n","protected":false},"excerpt":{"rendered":"<p>Genel Ba\u015fkan Ayhan \u00c7ivi, K\u0131r\u0131kkale Valisi say\u0131n Ali Kolat&#8217;\u0131 makam\u0131nda ziyaret etti.<\/p>\n","protected":false},"author":1,"featured_media":2691,"comment_status":"closed","ping_status":"open","sticky":false,"template":"","format":"standard","meta":{"footnotes":""},"categories":[],"tags":[],"class_list":["post-2690","post","type-post","status-publish","format-standard","has-post-thumbnail"],"_links":{"self":[{"href":"https:\/\/haksen.org.tr\/index.php?rest_route=\/wp\/v2\/posts\/2690","targetHints":{"allow":["GET"]}}],"collection":[{"href":"https:\/\/haksen.org.tr\/index.php?rest_route=\/wp\/v2\/posts"}],"about":[{"href":"https:\/\/haksen.org.tr\/index.php?rest_route=\/wp\/v2\/types\/post"}],"author":[{"embeddable":true,"href":"https:\/\/haksen.org.tr\/index.php?rest_route=\/wp\/v2\/users\/1"}],"replies":[{"embeddable":true,"href":"https:\/\/haksen.org.tr\/index.php?rest_route=%2Fwp%2Fv2%2Fcomments&post=2690"}],"version-history":[{"count":0,"href":"https:\/\/haksen.org.tr\/index.php?rest_route=\/wp\/v2\/posts\/2690\/revisions"}],"wp:featuredmedia":[{"embeddable":true,"href":"https:\/\/haksen.org.tr\/index.php?rest_route=\/wp\/v2\/media\/2691"}],"wp:attachment":[{"href":"https:\/\/haksen.org.tr\/index.php?rest_route=%2Fwp%2Fv2%2Fmedia&parent=2690"}],"wp:term":[{"taxonomy":"category","embeddable":true,"href":"https:\/\/haksen.org.tr\/index.php?rest_route=%2Fwp%2Fv2%2Fcategories&post=2690"},{"taxonomy":"post_tag","embeddable":true,"href":"https:\/\/haksen.org.tr\/index.php?rest_route=%2Fwp%2Fv2%2Ftags&post=2690"}],"curies":[{"name":"wp","href":"https:\/\/api.w.org\/{rel}","templated":true}]}}