{"id":2688,"date":"2013-11-15T12:00:00","date_gmt":"2013-11-15T12:00:00","guid":{"rendered":"http:\/\/haksen.org.tr\/?p=2688"},"modified":"2013-11-15T12:00:00","modified_gmt":"2013-11-15T12:00:00","slug":"aihmden--4-c-davamiz-hakkinda-bilgi-talebi","status":"publish","type":"post","link":"https:\/\/haksen.org.tr\/?p=2688","title":{"rendered":"A\u0130HM\u2019den  4\/C Davam\u0131z Hakk\u0131nda Bilgi Talebi"},"content":{"rendered":"<p>HAKSEN Hukuk M\u00fc\u015favirli\u011fince sendika \u00fcyemiz ad\u0131na Nisan-2009\u2019da Dan\u0131\u015ftay\u2019a dava a\u00e7\u0131lm\u0131\u015ft\u0131r. Dan\u0131\u015ftay 2.Dairesinin y\u00fcr\u00fctmeyi durdurma talebimizi reddetmesi nedeniyle \u0130dari Dava Daireleri Kuruluna yap\u0131lan itiraz \u00fczerine, Dan\u0131\u015ftay \u0130DDK yapt\u0131\u011f\u0131 inceleme sonucu, Mart- 2010 ay\u0131nda 657 say\u0131l\u0131 Yasan\u0131n 4\/C maddesinin Anayasaya ayk\u0131r\u0131 oldu\u011fu gerek\u00e7esiyle iptali i\u00e7in Anayasa Mahkemesine ba\u015fvuru karar\u0131 alm\u0131\u015ft\u0131r.<\/p>\n<p>S\u00f6z konusu ba\u015fvurunun Anayasa Mahkemesince incelenmesi sonucu \u20184\/C \u0130PTAL BA\u015eVURUSU\u2019 Mart-2011 ay\u0131nda reddedilmi\u015ftir. Anayasa Mahkemesinin gerek\u00e7eli karar\u0131 da Ekim-2011\u2019de Resmi Gazetede yay\u0131mlanm\u0131\u015ft\u0131r.<\/p>\n<p>Anayasa Mahkemesinin ret karar\u0131ndan sonra, davan\u0131n lehimize sonu\u00e7lanma ihtimalinin bulunmad\u0131\u011f\u0131 ve yarg\u0131laman\u0131n y\u0131llar sonra kesinle\u015fece\u011fi g\u00f6z \u00f6n\u00fcne al\u0131narak konu  8 \u015eubat 2012 tarihinde Avrupa \u0130nsan Haklar\u0131 Mahkemesine g\u00f6t\u00fcr\u00fclm\u00fc\u015ft\u00fcr.<\/p>\n<p>Yap\u0131lan ba\u015fvurunun \u00fczerinden 20 ay ge\u00e7mi\u015f olmas\u0131na ra\u011fmen A\u0130HM\u2019den taraf\u0131m\u0131za herhangi bir yaz\u0131 gelmemi\u015ftir.<\/p>\n<p>Bu nedenle, ba\u015fvrumuz hakk\u0131nda bilgi edinmek  amac\u0131yla hukuk m\u00fc\u015favirimiz taraf\u0131ndan 13 Kas\u0131m 2013 tarihinde A\u0130HM\u2019e  yaz\u0131l\u0131 talepte bulunulmu\u015ftur.<\/p>\n<p> 8 \u015eubat 2012 tarihinde yapt\u0131\u011f\u0131m\u0131z ba\u015fvuruya ili\u015fkin PTT Makbuzu,<br \/>\n13 Kas\u0131m 2103 tarihinde yapt\u0131\u011f\u0131m\u0131z bilgi edinme ba\u015fvurusu,<br \/>\nBilgi edinme ba\u015fvurusuna ili\u015fkin PTT makbuzu ekte sunulmu\u015ftur.<\/p>\n","protected":false},"excerpt":{"rendered":"<p>Hukuk m\u00fc\u015favirimiz taraf\u0131ndan 4\/C stat\u00fcs\u00fcyle ilgili A\u0130HM\u2019e yapt\u0131\u011f\u0131m\u0131z ba\u015fvurunun ak\u0131beti hakk\u0131nda bilgi edinme ba\u015fvuru yap\u0131lm\u0131\u015ft\u0131r.<\/p>\n","protected":false},"author":1,"featured_media":2689,"comment_status":"closed","ping_status":"open","sticky":false,"template":"","format":"standard","meta":{"footnotes":""},"categories":[],"tags":[],"class_list":["post-2688","post","type-post","status-publish","format-standard","has-post-thumbnail"],"_links":{"self":[{"href":"https:\/\/haksen.org.tr\/index.php?rest_route=\/wp\/v2\/posts\/2688","targetHints":{"allow":["GET"]}}],"collection":[{"href":"https:\/\/haksen.org.tr\/index.php?rest_route=\/wp\/v2\/posts"}],"about":[{"href":"https:\/\/haksen.org.tr\/index.php?rest_route=\/wp\/v2\/types\/post"}],"author":[{"embeddable":true,"href":"https:\/\/haksen.org.tr\/index.php?rest_route=\/wp\/v2\/users\/1"}],"replies":[{"embeddable":true,"href":"https:\/\/haksen.org.tr\/index.php?rest_route=%2Fwp%2Fv2%2Fcomments&post=2688"}],"version-history":[{"count":0,"href":"https:\/\/haksen.org.tr\/index.php?rest_route=\/wp\/v2\/posts\/2688\/revisions"}],"wp:featuredmedia":[{"embeddable":true,"href":"https:\/\/haksen.org.tr\/index.php?rest_route=\/wp\/v2\/media\/2689"}],"wp:attachment":[{"href":"https:\/\/haksen.org.tr\/index.php?rest_route=%2Fwp%2Fv2%2Fmedia&parent=2688"}],"wp:term":[{"taxonomy":"category","embeddable":true,"href":"https:\/\/haksen.org.tr\/index.php?rest_route=%2Fwp%2Fv2%2Fcategories&post=2688"},{"taxonomy":"post_tag","embeddable":true,"href":"https:\/\/haksen.org.tr\/index.php?rest_route=%2Fwp%2Fv2%2Ftags&post=2688"}],"curies":[{"name":"wp","href":"https:\/\/api.w.org\/{rel}","templated":true}]}}