{"id":2686,"date":"2013-11-03T12:00:00","date_gmt":"2013-11-03T12:00:00","guid":{"rendered":"http:\/\/haksen.org.tr\/?p=2686"},"modified":"2013-11-03T12:00:00","modified_gmt":"2013-11-03T12:00:00","slug":"adalet-bakanina-fazla-calisma-mektubu","status":"publish","type":"post","link":"https:\/\/haksen.org.tr\/?p=2686","title":{"rendered":"Adalet Bakan\u0131na Fazla \u00c7al\u0131\u015fma Mektubu"},"content":{"rendered":"<p>Genel Ba\u015fkan Ayhan \u00c7ivi ve Genel Koordinat\u00f6r Hanifi G\u00f6k\u00e7ek imzas\u0131yla g\u00f6nderilen mektupta;<\/p>\n<p>&#8220;3717 say\u0131l\u0131 Kanunun 2\/A maddesinde yer alan, &#8220;Anayasa Mahkemesi, Yarg\u0131tay, Dan\u0131\u015ftay, H\u00e2kimler ve Savc\u0131lar Y\u00fcksek Kurulu ve Y\u00fcksek Se\u00e7im Kurulu ile Adalet Bakanl\u0131\u011f\u0131 merkez ve ta\u015fra te\u015fkilat\u0131 (ceza ve infaz kurumlar\u0131 hari\u00e7) ile T\u00fcrkiye Adalet Akademisi kadrolar\u0131nda, s\u00f6zle\u015fmeli personel d\u00e2hil, 657 say\u0131l\u0131 Devlet Memurlar\u0131 Kanununa t\u00e2bi olarak \u00e7al\u0131\u015fan personele, ayda elli saati a\u015fmayacak \u015fekilde fiilen yap\u0131lan fazla \u00e7al\u0131\u015fma kar\u015f\u0131l\u0131\u011f\u0131nda, B\u00fct\u00e7e Kanunu ile belirlenen fazla \u00e7al\u0131\u015fma \u00fccretinin \u00fc\u00e7 kat\u0131na kadar fazla \u00e7al\u0131\u015fma \u00fccreti \u00f6denebilir. Fazla \u00e7al\u0131\u015fma yapt\u0131r\u0131lacak g\u00fcn ve saatler ile \u00e7al\u0131\u015fma mahalli gibi hususlar dikkate al\u0131nmak suretiyle belirlenecek saat ba\u015f\u0131 \u00f6deme miktar\u0131 ve \u00f6demeye ili\u015fkin di\u011fer usul ve esaslar Adalet Bakanl\u0131\u011f\u0131, Y\u00fcksek Mahkemelerde ve Y\u00fcksek Se\u00e7im Kurulunda ise Ba\u015fkanlar\u0131 taraf\u0131ndan tespit edilir.<\/p>\n<p>Bu madde uyar\u0131nca yap\u0131lacak \u00f6deme, damga vergisi hari\u00e7 herhangi bir vergiye t\u00e2bi tutulmaz.&#8221; h\u00fckm\u00fc gere\u011fince Adalet Bakanl\u0131\u011f\u0131 merkez ve ta\u015fra te\u015fkilat\u0131 \u00e7al\u0131\u015fanlar\u0131na fazla mesai \u00f6demesi yap\u0131l\u0131rken, 666 say\u0131l\u0131 KHK&#8217;n\u0131n 1&#8217;inci maddesi ile 375 say\u0131l\u0131 KHK&#8217;ya eklenen EK 12&#8217;nci maddesinin 2&#8217;nci f\u0131kras\u0131n\u0131n (m) bendi uyar\u0131nca; 8\/5\/1991 tarihli ve 3717 say\u0131l\u0131 Kanunun fazla \u00e7al\u0131\u015fma \u00fccretine ili\u015fkin 2\/A maddesi 31\/12\/2011 tarihinden ge\u00e7erli olmak \u00fczere y\u00fcr\u00fcrl\u00fckten kald\u0131r\u0131lm\u0131\u015f olmakla birlikte 666 say\u0131l\u0131 KHK&#8217;n\u0131n 2&#8217;nci maddesi ile 375 say\u0131l\u0131 KHK&#8217;ya eklenen Ge\u00e7ici 15&#8217;inci maddenin (a) f\u0131kras\u0131nda ise y\u00fcr\u00fcrl\u00fckten kald\u0131r\u0131lan h\u00fck\u00fcmlerin 31\/12\/2012 tarihine kadar uygulanmas\u0131na devam olunaca\u011f\u0131 belirtilmi\u015ftir.<\/p>\n<p>Ancak, Anayasa Mahkemesi&#8217;nin 27.12.2012 tarih ve E:2011\/139, K:2012\/205 say\u0131l\u0131 karar\u0131 ile 666 say\u0131l\u0131 KHK&#8217;n\u0131n 2&#8217;nci maddesiyle 375 say\u0131l\u0131 KHK&#8217;ya eklenen Ge\u00e7ici 11&#8217;inci ve Ge\u00e7ici 15&#8217;inci maddelerinin de 6223 say\u0131l\u0131 Yetki Kanunu kapsam\u0131nda olmad\u0131\u011f\u0131 ve Anayasa\u2019ya ayk\u0131r\u0131 oldu\u011fu gerek\u00e7esiyle iptal edilmi\u015ftir.<\/p>\n<p>Hukuka ayk\u0131r\u0131l\u0131\u011f\u0131 Anayasa Mahkemesince tespit edilen bir yasal d\u00fczenleme sonucu Adalet Bakanl\u0131\u011f\u0131 personeline 10 aydan beri fazla \u00e7al\u0131\u015fma \u00fccreti \u00f6denememi\u015ftir.<\/p>\n<p>Yarg\u0131daki i\u015f yo\u011funlu\u011fu artarak devam etmekte olup yarg\u0131 personeli de mesai saati g\u00f6zetmeksizin ve herhangi bir fazla \u00e7al\u0131\u015fma \u00fccreti de almadan g\u00f6revini yerine getirmenin gayreti i\u00e7erisindedir.<\/p>\n<p>Bu nedenle, personelin ma\u011fduriyetinin giderilmesi i\u00e7in y\u00fcr\u00fcrl\u00fckten kald\u0131r\u0131lan 3717 say\u0131l\u0131 Kanunun 2\/A maddesinin yeniden d\u00fczenlenerek y\u00fcr\u00fcrl\u00fc\u011fe konulmas\u0131n\u0131 arz ve talep ederiz.&#8221; denildi.<\/p>\n","protected":false},"excerpt":{"rendered":"<p>Haksen Genel Ba\u015fkan\u0131 Ayhan \u00c7ivi, Adalet Bakan\u0131 Sadullah Ergin&#8217;e mektup yazarak, adalet personelinin fazla \u00e7al\u0131\u015fma \u00fccretlerinin \u00f6denmesini talep etti.<\/p>\n","protected":false},"author":1,"featured_media":2687,"comment_status":"closed","ping_status":"open","sticky":false,"template":"","format":"standard","meta":{"footnotes":""},"categories":[],"tags":[],"class_list":["post-2686","post","type-post","status-publish","format-standard","has-post-thumbnail"],"_links":{"self":[{"href":"https:\/\/haksen.org.tr\/index.php?rest_route=\/wp\/v2\/posts\/2686","targetHints":{"allow":["GET"]}}],"collection":[{"href":"https:\/\/haksen.org.tr\/index.php?rest_route=\/wp\/v2\/posts"}],"about":[{"href":"https:\/\/haksen.org.tr\/index.php?rest_route=\/wp\/v2\/types\/post"}],"author":[{"embeddable":true,"href":"https:\/\/haksen.org.tr\/index.php?rest_route=\/wp\/v2\/users\/1"}],"replies":[{"embeddable":true,"href":"https:\/\/haksen.org.tr\/index.php?rest_route=%2Fwp%2Fv2%2Fcomments&post=2686"}],"version-history":[{"count":0,"href":"https:\/\/haksen.org.tr\/index.php?rest_route=\/wp\/v2\/posts\/2686\/revisions"}],"wp:featuredmedia":[{"embeddable":true,"href":"https:\/\/haksen.org.tr\/index.php?rest_route=\/wp\/v2\/media\/2687"}],"wp:attachment":[{"href":"https:\/\/haksen.org.tr\/index.php?rest_route=%2Fwp%2Fv2%2Fmedia&parent=2686"}],"wp:term":[{"taxonomy":"category","embeddable":true,"href":"https:\/\/haksen.org.tr\/index.php?rest_route=%2Fwp%2Fv2%2Fcategories&post=2686"},{"taxonomy":"post_tag","embeddable":true,"href":"https:\/\/haksen.org.tr\/index.php?rest_route=%2Fwp%2Fv2%2Ftags&post=2686"}],"curies":[{"name":"wp","href":"https:\/\/api.w.org\/{rel}","templated":true}]}}