{"id":2682,"date":"2013-11-03T12:00:00","date_gmt":"2013-11-03T12:00:00","guid":{"rendered":"http:\/\/haksen.org.tr\/?p=2682"},"modified":"2013-11-03T12:00:00","modified_gmt":"2013-11-03T12:00:00","slug":"sincan-adliyesinde-haksen-ruzgari-","status":"publish","type":"post","link":"https:\/\/haksen.org.tr\/?p=2682","title":{"rendered":"Sincan Adliyesinde Haksen R\u00fczgar\u0131"},"content":{"rendered":"<p>Sincan Adliyesi personelinin \u00e7o\u011funlu\u011funun  sendikal tercihlerini de\u011fi\u015ftirerek  B\u00fcro Hak-Sen&#8217;e kat\u0131lmalar\u0131 sonucu sendikam\u0131z yetkili sendika oldu.<\/p>\n<p>Haksen ve B\u00fcro Hak-Sen Genel Ba\u015fkan\u0131 Ayhan \u00c7ivi, sendika y\u00f6neticileriyle birlikte Sincan Adliyesi personeline te\u015fekk\u00fcr etmek i\u00e7in sabah kahvalt\u0131s\u0131nda bir araya geldi. <\/p>\n<p>Kahvalt\u0131 sonras\u0131 sendika \u00fcyelerimizle sohbet eden Genel Ba\u015fkan Ayhan \u00c7ivi; kat\u0131l\u0131mlar\u0131 nedeniyle \u00fcyelere te\u015fekk\u00fcr eden \u00c7ivi,yetkili sendikalar\u0131n siyasal ve ideolojik par\u00e7alanmaya neden olmalar\u0131ndan dolay\u0131 kamu \u00e7al\u0131\u015fanlar\u0131n\u0131n kazan\u0131lm\u0131\u015f haklar\u0131n\u0131 da kaybettiklerini s\u00f6yledi.<\/p>\n<p>Haklar\u0131n ancak birlikte m\u00fccadeleyle geri al\u0131nabilece\u011fini belirten \u00c7ivi, birlikteli\u011fin adresi &#8220;insan haklar\u0131na dayal\u0131 sendikac\u0131l\u0131k yapan&#8221; Haksen dedi.<\/p>\n<p>Hak ve emek m\u00fccadelemizin varl\u0131k nedeni her ge\u00e7en g\u00fcn daha da iyi anla\u015f\u0131lacak diyen \u00c7ivi, hakk\u0131n\u0131 arayan t\u00fcm memurlar\u0131 haksen&#8217;e davet etti.<\/p>\n<h2 style='margin:20px 0;'>\u0130\u00e7erik Galerisi<\/h2>\n<p><img decoding=\"async\" src=\"wp-content\/uploads\/2016\/12\/292134971.jpg\" alt=\"Sincan Adliyesinde Haksen R\u00fczgar\u0131 \" style=\"width:100%;\" \/><\/p>\n<p><img decoding=\"async\" src=\"wp-content\/uploads\/2016\/12\/565838539.jpg\" alt=\"Sincan Adliyesinde Haksen R\u00fczgar\u0131 \" style=\"width:100%;\" \/><\/p>\n","protected":false},"excerpt":{"rendered":"<p>Sincan Adliyesi personelinin sendika tercilerini de\u011fi\u015ftirmeleri sonucu B\u00fcro Hak-Sen 1.s\u0131raya y\u00fckselerek yetkili sendika oldu.<\/p>\n","protected":false},"author":1,"featured_media":2683,"comment_status":"closed","ping_status":"open","sticky":false,"template":"","format":"standard","meta":{"footnotes":""},"categories":[],"tags":[],"class_list":["post-2682","post","type-post","status-publish","format-standard","has-post-thumbnail"],"_links":{"self":[{"href":"https:\/\/haksen.org.tr\/index.php?rest_route=\/wp\/v2\/posts\/2682","targetHints":{"allow":["GET"]}}],"collection":[{"href":"https:\/\/haksen.org.tr\/index.php?rest_route=\/wp\/v2\/posts"}],"about":[{"href":"https:\/\/haksen.org.tr\/index.php?rest_route=\/wp\/v2\/types\/post"}],"author":[{"embeddable":true,"href":"https:\/\/haksen.org.tr\/index.php?rest_route=\/wp\/v2\/users\/1"}],"replies":[{"embeddable":true,"href":"https:\/\/haksen.org.tr\/index.php?rest_route=%2Fwp%2Fv2%2Fcomments&post=2682"}],"version-history":[{"count":0,"href":"https:\/\/haksen.org.tr\/index.php?rest_route=\/wp\/v2\/posts\/2682\/revisions"}],"wp:featuredmedia":[{"embeddable":true,"href":"https:\/\/haksen.org.tr\/index.php?rest_route=\/wp\/v2\/media\/2683"}],"wp:attachment":[{"href":"https:\/\/haksen.org.tr\/index.php?rest_route=%2Fwp%2Fv2%2Fmedia&parent=2682"}],"wp:term":[{"taxonomy":"category","embeddable":true,"href":"https:\/\/haksen.org.tr\/index.php?rest_route=%2Fwp%2Fv2%2Fcategories&post=2682"},{"taxonomy":"post_tag","embeddable":true,"href":"https:\/\/haksen.org.tr\/index.php?rest_route=%2Fwp%2Fv2%2Ftags&post=2682"}],"curies":[{"name":"wp","href":"https:\/\/api.w.org\/{rel}","templated":true}]}}