{"id":2680,"date":"2013-10-31T12:00:00","date_gmt":"2013-10-31T12:00:00","guid":{"rendered":"http:\/\/haksen.org.tr\/?p=2680"},"modified":"2013-10-31T12:00:00","modified_gmt":"2013-10-31T12:00:00","slug":"turk-ise-kutlama-ziyareti","status":"publish","type":"post","link":"https:\/\/haksen.org.tr\/?p=2680","title":{"rendered":"T\u00fcrk-\u0130\u015f&#8217;e Kutlama Ziyareti"},"content":{"rendered":"<p>T\u00fcrk-\u0130\u015f Genel Ba\u015fkan\u0131 Erg\u00fcn Atalay&#8217;a yeni g\u00f6revinde ba\u015far\u0131lar dileyerek tebrik eden Genel Ba\u015fkan Ayhan \u00c7ivi, sendikam\u0131z\u0131n etkinliklerinde sa\u011flad\u0131klar\u0131 destek nedeniyle te\u015fekk\u00fcr etti.<\/p>\n<p>Ziyaret nedeniyle duydu\u011fu memnuniyeti ifade eden T\u00fcrk-\u0130\u015f Genel Ba\u015fkan\u0131 Erg\u00fcn Atalay, kap\u0131lar\u0131n\u0131n her zaman Haksen&#8217;e a\u00e7\u0131k oldu\u011funu belirtti.<\/p>\n","protected":false},"excerpt":{"rendered":"<p>Genel Ba\u015fkan Ayhan \u00c7ivi, konfederasyon y\u00f6netim kurulu \u00fcyeleriyle birlikte T\u00fcrk-\u0130\u015f Genel Ba\u015fkanl\u0131\u011f\u0131na se\u00e7ilen Erg\u00fcn Atalay&#8217;\u0131 ziyaret etti. <\/p>\n","protected":false},"author":1,"featured_media":2681,"comment_status":"closed","ping_status":"open","sticky":false,"template":"","format":"standard","meta":{"footnotes":""},"categories":[],"tags":[],"class_list":["post-2680","post","type-post","status-publish","format-standard","has-post-thumbnail"],"_links":{"self":[{"href":"https:\/\/haksen.org.tr\/index.php?rest_route=\/wp\/v2\/posts\/2680","targetHints":{"allow":["GET"]}}],"collection":[{"href":"https:\/\/haksen.org.tr\/index.php?rest_route=\/wp\/v2\/posts"}],"about":[{"href":"https:\/\/haksen.org.tr\/index.php?rest_route=\/wp\/v2\/types\/post"}],"author":[{"embeddable":true,"href":"https:\/\/haksen.org.tr\/index.php?rest_route=\/wp\/v2\/users\/1"}],"replies":[{"embeddable":true,"href":"https:\/\/haksen.org.tr\/index.php?rest_route=%2Fwp%2Fv2%2Fcomments&post=2680"}],"version-history":[{"count":0,"href":"https:\/\/haksen.org.tr\/index.php?rest_route=\/wp\/v2\/posts\/2680\/revisions"}],"wp:featuredmedia":[{"embeddable":true,"href":"https:\/\/haksen.org.tr\/index.php?rest_route=\/wp\/v2\/media\/2681"}],"wp:attachment":[{"href":"https:\/\/haksen.org.tr\/index.php?rest_route=%2Fwp%2Fv2%2Fmedia&parent=2680"}],"wp:term":[{"taxonomy":"category","embeddable":true,"href":"https:\/\/haksen.org.tr\/index.php?rest_route=%2Fwp%2Fv2%2Fcategories&post=2680"},{"taxonomy":"post_tag","embeddable":true,"href":"https:\/\/haksen.org.tr\/index.php?rest_route=%2Fwp%2Fv2%2Ftags&post=2680"}],"curies":[{"name":"wp","href":"https:\/\/api.w.org\/{rel}","templated":true}]}}