{"id":2675,"date":"2013-10-31T12:00:00","date_gmt":"2013-10-31T12:00:00","guid":{"rendered":"http:\/\/haksen.org.tr\/?p=2675"},"modified":"2013-10-31T12:00:00","modified_gmt":"2013-10-31T12:00:00","slug":"insan-haklarina-dayali-sendikacilik-sunumu","status":"publish","type":"post","link":"https:\/\/haksen.org.tr\/?p=2675","title":{"rendered":"\u0130nsan Haklar\u0131na Dayal\u0131 Sendikac\u0131l\u0131k Sunumu"},"content":{"rendered":"<p>\u00c7anakkale 18 Mart \u00dcniversitesince 25-26 Ekim 2013 tarihlerinde 8 incisi d\u00fczenlenen Uluslararas\u0131 Sivil Toplum Kongresine konfederasyonumuzu temsilen Genel Ba\u015fkan Ayhan \u00c7ivi ile Haksen Hukuk Koordinat\u00f6r\u00fc Umut Yanarda\u011f kat\u0131ld\u0131.<\/p>\n<p>Akademisyen, gazeteci ve sivil toplum kurulu\u015fu temsilcilerinin yo\u011fun ilgi g\u00f6sterdi\u011fi kongrenin &#8220;Yeni Anayasa Yap\u0131m S\u00fcreci ve Sivil Toplum Kurulu\u015flar\u0131n\u0131n Rol\u00fc&#8221; ba\u015fl\u0131kl\u0131 panelin oturumuna kat\u0131lan Genel Ba\u015fkan Ayhan \u00c7ivi &#8220;insan haklar\u0131na dayal\u0131 sendikac\u0131l\u0131k&#8221; konulu sunum yapt\u0131.<\/p>\n<p>\u00dclkemizdeki kamu sendikac\u0131l\u0131\u011f\u0131n\u0131 yepyeni bir bak\u0131\u015f a\u00e7\u0131s\u0131yla   tan\u0131mlayan sunum izleyicilerden b\u00fcy\u00fck destek ald\u0131.<\/p>\n<p>Sunumda Genel Ba\u015fkan Ayhan \u00c7ivi \u00f6zetle;<\/p>\n<p>\u0130nsan haklar\u0131na dayal\u0131 sendikac\u0131l\u0131k fikrinin  HakSen Konfederasyonu \u00fczerinden tart\u0131\u015f\u0131laca\u011f\u0131n\u0131, insan haklar\u0131 fikri ve sendikac\u0131l\u0131k aras\u0131ndaki ili\u015fkinin  kamu sendikac\u0131l\u0131\u011f\u0131 \u00fczerinden de\u011ferlendirilerek kamu sendikac\u0131l\u0131\u011f\u0131na yepyeni bir bak\u0131\u015f a\u00e7\u0131s\u0131 kazand\u0131raca\u011f\u0131n\u0131 s\u00f6yledi.<\/p>\n<p>Genel Ba\u015fkan Ayhan \u00c7ivi taraf\u0131ndan yap\u0131lan sunum Kongre Kitab\u0131nda yer alaca\u011f\u0131 gibi konfederasyonumuz taraf\u0131ndan kitap\u00e7\u0131k \u015feklinde bast\u0131r\u0131lacakt\u0131r.<\/p>\n","protected":false},"excerpt":{"rendered":"<p>Haksen Genel Ba\u015fkan\u0131 Ayhan \u00c7ivi, \u00c7anakkale 18 Mart \u00dcniversitesince d\u00fczenlenen 8.Uluslararas\u0131 Sivil Toplum Kongresine kat\u0131larak sunum yapt\u0131.<\/p>\n","protected":false},"author":1,"featured_media":2676,"comment_status":"closed","ping_status":"open","sticky":false,"template":"","format":"standard","meta":{"footnotes":""},"categories":[],"tags":[],"class_list":["post-2675","post","type-post","status-publish","format-standard","has-post-thumbnail"],"_links":{"self":[{"href":"https:\/\/haksen.org.tr\/index.php?rest_route=\/wp\/v2\/posts\/2675","targetHints":{"allow":["GET"]}}],"collection":[{"href":"https:\/\/haksen.org.tr\/index.php?rest_route=\/wp\/v2\/posts"}],"about":[{"href":"https:\/\/haksen.org.tr\/index.php?rest_route=\/wp\/v2\/types\/post"}],"author":[{"embeddable":true,"href":"https:\/\/haksen.org.tr\/index.php?rest_route=\/wp\/v2\/users\/1"}],"replies":[{"embeddable":true,"href":"https:\/\/haksen.org.tr\/index.php?rest_route=%2Fwp%2Fv2%2Fcomments&post=2675"}],"version-history":[{"count":0,"href":"https:\/\/haksen.org.tr\/index.php?rest_route=\/wp\/v2\/posts\/2675\/revisions"}],"wp:featuredmedia":[{"embeddable":true,"href":"https:\/\/haksen.org.tr\/index.php?rest_route=\/wp\/v2\/media\/2676"}],"wp:attachment":[{"href":"https:\/\/haksen.org.tr\/index.php?rest_route=%2Fwp%2Fv2%2Fmedia&parent=2675"}],"wp:term":[{"taxonomy":"category","embeddable":true,"href":"https:\/\/haksen.org.tr\/index.php?rest_route=%2Fwp%2Fv2%2Fcategories&post=2675"},{"taxonomy":"post_tag","embeddable":true,"href":"https:\/\/haksen.org.tr\/index.php?rest_route=%2Fwp%2Fv2%2Ftags&post=2675"}],"curies":[{"name":"wp","href":"https:\/\/api.w.org\/{rel}","templated":true}]}}