{"id":2669,"date":"2013-10-09T12:00:00","date_gmt":"2013-10-09T12:00:00","guid":{"rendered":"http:\/\/haksen.org.tr\/?p=2669"},"modified":"2013-10-09T12:00:00","modified_gmt":"2013-10-09T12:00:00","slug":"ankara-barosuna-ziyaret","status":"publish","type":"post","link":"https:\/\/haksen.org.tr\/?p=2669","title":{"rendered":"Ankara Barosuna Ziyaret"},"content":{"rendered":"<p>Ziyarete s\u0131ras\u0131nda yap\u0131lan g\u00f6r\u00fc\u015fmeye E\u011fitim Hak-Sen Genel Ba\u015fkan\u0131 Hanifi G\u00f6k\u00e7ek, Sa\u011fl\u0131k Hak-Sen Genel Ba\u015fkan\u0131 Selahattin Karaca ile Ankara Barosu Genel Sekreteri ve sendikam\u0131z\u0131n hukuk m\u00fc\u015faviri Av. G\u00f6khan Cando\u011fan kat\u0131ld\u0131lar. <\/p>\n<p>Bayan bir avukat\u0131n Ankara Barosunun tarihinde ilk defa ba\u015fkan se\u00e7ilmesi nedeniyle Sema Aksoy\u2019u kutlayan Haksen Genel Ba\u015fkan\u0131 Ayhan \u00c7ivi, y\u00f6netim kuruluna \u00e7al\u0131\u015fmalar\u0131nda ba\u015far\u0131lar diledi.<\/p>\n<p>\u00c7ivi, Haksen\u2019in \u00fcyelerimiz ad\u0131na yarg\u0131ya ba\u015fvuru yetkisini son derece etkili kulland\u0131\u011f\u0131n\u0131 belirterek;<\/p>\n<p>-\u0130dari yarg\u0131daki y\u00fcksek yarg\u0131lama giderleri nedeniyle hak araman\u0131n b\u00fcy\u00fck \u00f6l\u00e7\u00fcde engellendi\u011fini,<\/p>\n<p>-Kamu kurumlar\u0131n\u0131n idari yarg\u0131ya yapt\u0131\u011f\u0131 ba\u015fvurularda herhangi bir har\u00e7 al\u0131nmamas\u0131na ra\u011fmen \u00e7al\u0131\u015fanlardan pe\u015fin har\u00e7 al\u0131nmas\u0131n\u0131n e\u015fitsizlik yaratt\u0131\u011f\u0131n\u0131,<\/p>\n<p>-\u0130dari i\u015flemlerde en \u00f6nemli gerek\u00e7e olarak g\u00f6sterilen \u201ckamu yarar\u0131\u201d tan\u0131m\u0131n\u0131n s\u0131n\u0131rlar\u0131n\u0131n net bir \u015fekilde belirlenmesi gerekti\u011fini,<\/p>\n<p>ifade eden \u00c7ivi,  benzeri sorunlar\u0131n \u00e7\u00f6z\u00fclmesi i\u00e7in Ankara Barosundan destek istedi. <\/p>\n<p>Ziyaret nedeniyle memnuniyetini ifade eden Ankara Barosu Ba\u015fkan\u0131 Av. Sema Aksoy, iletilen konular\u0131n son derece \u00f6nemli oldu\u011funu, sorunlar\u0131n \u00e7\u00f6z\u00fcm\u00fc i\u00e7in birlikte \u00e7al\u0131\u015fma yapabileceklerini s\u00f6yledi.<\/p>\n","protected":false},"excerpt":{"rendered":"<p>Genel Ba\u015fkan Ayhan \u00c7ivi, Ankara Barosunun ilk bayan ba\u015fkan\u0131 Av.Sema Aksoy\u2019u makam\u0131nda ziyaret etti.<\/p>\n","protected":false},"author":1,"featured_media":2670,"comment_status":"closed","ping_status":"open","sticky":false,"template":"","format":"standard","meta":{"footnotes":""},"categories":[],"tags":[],"class_list":["post-2669","post","type-post","status-publish","format-standard","has-post-thumbnail"],"_links":{"self":[{"href":"https:\/\/haksen.org.tr\/index.php?rest_route=\/wp\/v2\/posts\/2669","targetHints":{"allow":["GET"]}}],"collection":[{"href":"https:\/\/haksen.org.tr\/index.php?rest_route=\/wp\/v2\/posts"}],"about":[{"href":"https:\/\/haksen.org.tr\/index.php?rest_route=\/wp\/v2\/types\/post"}],"author":[{"embeddable":true,"href":"https:\/\/haksen.org.tr\/index.php?rest_route=\/wp\/v2\/users\/1"}],"replies":[{"embeddable":true,"href":"https:\/\/haksen.org.tr\/index.php?rest_route=%2Fwp%2Fv2%2Fcomments&post=2669"}],"version-history":[{"count":0,"href":"https:\/\/haksen.org.tr\/index.php?rest_route=\/wp\/v2\/posts\/2669\/revisions"}],"wp:featuredmedia":[{"embeddable":true,"href":"https:\/\/haksen.org.tr\/index.php?rest_route=\/wp\/v2\/media\/2670"}],"wp:attachment":[{"href":"https:\/\/haksen.org.tr\/index.php?rest_route=%2Fwp%2Fv2%2Fmedia&parent=2669"}],"wp:term":[{"taxonomy":"category","embeddable":true,"href":"https:\/\/haksen.org.tr\/index.php?rest_route=%2Fwp%2Fv2%2Fcategories&post=2669"},{"taxonomy":"post_tag","embeddable":true,"href":"https:\/\/haksen.org.tr\/index.php?rest_route=%2Fwp%2Fv2%2Ftags&post=2669"}],"curies":[{"name":"wp","href":"https:\/\/api.w.org\/{rel}","templated":true}]}}