{"id":2667,"date":"2013-10-08T12:00:00","date_gmt":"2013-10-08T12:00:00","guid":{"rendered":"http:\/\/haksen.org.tr\/?p=2667"},"modified":"2013-10-08T12:00:00","modified_gmt":"2013-10-08T12:00:00","slug":"haksen-8uluslararasi-stk-kongresine-katilacak","status":"publish","type":"post","link":"https:\/\/haksen.org.tr\/?p=2667","title":{"rendered":"Haksen 8.Uluslararas\u0131 STK Kongresine Kat\u0131lacak"},"content":{"rendered":"<p>25-26 Ekim 2013 tarihlerinde \u00c7anakkale 18 Mart \u00dcniversitesi taraf\u0131ndan Bu y\u0131l 8 incisi  d\u00fczenlenen Uluslararas\u0131 Sivil Toplum Kurulu\u015flar\u0131 Kongresine davet edilen Genel Ba\u015fkan Ayhan \u00c7ivi &#8220;Anayasa yap\u0131m s\u00fcrecinde STK&#8217;lar\u0131n rol\u00fc&#8221; ba\u015fl\u0131kl\u0131 panelde &#8220;\u0130nsan Haklar\u0131na Dayal\u0131 Sendikac\u0131l\u0131k&#8221; konusunda bildiri sunacak.<\/p>\n<p>Genel Ba\u015fkan Ayhan \u00c7ivi ile birlikte kongreye Haksen E\u011fitim ve Hukuk Koordinat\u00f6r\u00fc Umut Yanarda\u011f&#8217;da kat\u0131lacak.<\/p>\n","protected":false},"excerpt":{"rendered":"<p>Genel Ba\u015fkan Ayhan \u00c7ivi, \u00c7anakkale 18 Mart \u00dcniversitesi taraf\u0131ndan d\u00fczenlenen 8.Uluslararas\u0131 Sivil Toplum Kurulu\u015flar\u0131 Kongresinde panelist olacak.<\/p>\n","protected":false},"author":1,"featured_media":2668,"comment_status":"closed","ping_status":"open","sticky":false,"template":"","format":"standard","meta":{"footnotes":""},"categories":[],"tags":[],"class_list":["post-2667","post","type-post","status-publish","format-standard","has-post-thumbnail"],"_links":{"self":[{"href":"https:\/\/haksen.org.tr\/index.php?rest_route=\/wp\/v2\/posts\/2667","targetHints":{"allow":["GET"]}}],"collection":[{"href":"https:\/\/haksen.org.tr\/index.php?rest_route=\/wp\/v2\/posts"}],"about":[{"href":"https:\/\/haksen.org.tr\/index.php?rest_route=\/wp\/v2\/types\/post"}],"author":[{"embeddable":true,"href":"https:\/\/haksen.org.tr\/index.php?rest_route=\/wp\/v2\/users\/1"}],"replies":[{"embeddable":true,"href":"https:\/\/haksen.org.tr\/index.php?rest_route=%2Fwp%2Fv2%2Fcomments&post=2667"}],"version-history":[{"count":0,"href":"https:\/\/haksen.org.tr\/index.php?rest_route=\/wp\/v2\/posts\/2667\/revisions"}],"wp:featuredmedia":[{"embeddable":true,"href":"https:\/\/haksen.org.tr\/index.php?rest_route=\/wp\/v2\/media\/2668"}],"wp:attachment":[{"href":"https:\/\/haksen.org.tr\/index.php?rest_route=%2Fwp%2Fv2%2Fmedia&parent=2667"}],"wp:term":[{"taxonomy":"category","embeddable":true,"href":"https:\/\/haksen.org.tr\/index.php?rest_route=%2Fwp%2Fv2%2Fcategories&post=2667"},{"taxonomy":"post_tag","embeddable":true,"href":"https:\/\/haksen.org.tr\/index.php?rest_route=%2Fwp%2Fv2%2Ftags&post=2667"}],"curies":[{"name":"wp","href":"https:\/\/api.w.org\/{rel}","templated":true}]}}