{"id":2659,"date":"2013-10-06T12:00:00","date_gmt":"2013-10-06T12:00:00","guid":{"rendered":"http:\/\/haksen.org.tr\/?p=2659"},"modified":"2013-10-06T12:00:00","modified_gmt":"2013-10-06T12:00:00","slug":"haksen-dunyada-bir-ilke-imza-atti","status":"publish","type":"post","link":"https:\/\/haksen.org.tr\/?p=2659","title":{"rendered":"Haksen D\u00fcnyada Bir \u0130lke \u0130mza Att\u0131"},"content":{"rendered":"<p>Haksen Genel Ba\u015fkan\u0131 Ayhan \u00c7ivi, E\u011fitim Hak-Sen Genel Ba\u015fkan\u0131 Hanifi G\u00f6k\u00e7ek, Sa\u011fl\u0131k Hak-Sen Genel Ba\u015fkan\u0131 Selahattin Karaca ile Haksen\u2019e \u00fcye sendikalar\u0131n y\u00f6neticilerinin kat\u0131l\u0131m\u0131 ile yap\u0131lan eyleme bas\u0131n yo\u011fun ilgi g\u00f6sterdi.<\/p>\n<p>Ankara K\u0131z\u0131lay\u2019daki G\u00fcvenperk\u2019ta ba\u015flayan geri geri y\u00fcr\u00fcy\u00fc\u015f Haksen Genel Ba\u015fkan\u0131 Ayhan \u00c7ivi\u2019nin Maliye Bakanl\u0131\u011f\u0131n\u0131n \u00f6n\u00fcnde yap\u0131lan bas\u0131n a\u00e7\u0131klamas\u0131yla sona erdi.<\/p>\n<p>S\u0131k s\u0131k \u201cMemuruz dediler, hakk\u0131m\u0131z\u0131 yediler\u201d, \u201c\u0130\u015fte memur, i\u015fte Haksen\u201d, \u201cMemur seyyanen sefil\u201d sloganlar\u0131n\u0131n at\u0131ld\u0131\u011f\u0131 \u201cgeri geri\u201d y\u00fcr\u00fcy\u00fc\u015fe \u00e7evredeki vatanda\u015flar alk\u0131\u015flar\u0131yla, s\u00fcr\u00fcc\u00fcler de kornalar\u0131yla destek verdiler.<\/p>\n<p>&#8220;Az gittik uz gittik geri geri bittik&#8221;, &#8220;memura seyyanen sefalet&#8221;, &#8220;gelir uzman\u0131 uzman de\u011fil mi&#8221; yaz\u0131l\u0131 d\u00f6vizlerin ta\u015f\u0131nd\u0131\u011f\u0131  yakla\u015f\u0131k 1 km\u2019lik  y\u00fcr\u00fcy\u00fc\u015f mesafesi 25 dakikada y\u00fcr\u00fcn\u00fcrken, y\u00fcr\u00fcy\u00fc\u015f boyunca yol \u00fczerindeki engeller nedeniyle kat\u0131l\u0131mc\u0131lar k\u00fc\u00e7\u00fck kazalar atlatt\u0131lar.<\/p>\n<p>Y\u00fcr\u00fcy\u00fc\u015f\u00fcn sonunda Maliye Bakanl\u0131\u011f\u0131n\u0131n \u00f6n\u00fcnde k\u0131sa bir a\u00e7\u0131klama yapan Haksen Genel Ba\u015fkan\u0131 Ayhan \u00c7ivi, zorlu bir y\u00fcr\u00fcy\u00fc\u015f\u00fc ba\u015far\u0131yla tamamlad\u0131klar\u0131n\u0131 belirterek, kat\u0131l\u0131mc\u0131lara ve bas\u0131 mensuplar\u0131na te\u015fekk\u00fcr etti.<\/p>\n<p>\u00c7ivi, Maliye Bakanl\u0131\u011f\u0131 \u00f6n\u00fcnde yapt\u0131\u011f\u0131 bas\u0131n a\u00e7\u0131klamas\u0131nda, seslerini ilgili makamlara duyuramad\u0131klar\u0131n\u0131, dikkati \u00e7ekmek i\u00e7in bu yolu denediklerini s\u00f6yledi.<\/p>\n<p>Kamu \u00e7al\u0131\u015fanlar\u0131n\u0131n 10 y\u0131ld\u0131r yap\u0131lan toplu s\u00f6zle\u015fmelerde her ge\u00e7en g\u00fcn kazan\u0131lm\u0131\u015f haklar\u0131n\u0131 kaybettiklerini savunarak, &#8220;En son toplu s\u00f6zle\u015fmelerde, H\u00fck\u00fcmet ile yetkili konfederasyon bir hafta i\u00e7inde aras\u0131nda anla\u015ft\u0131 ve bunu bir &#8216;bayram m\u00fcjdesi&#8217; olarak \u00e7al\u0131\u015fanlara verdi. Biz bayramdan itibaren d\u00fc\u015f\u00fcn\u00fcyoruz ancak yapt\u0131\u011f\u0131m\u0131z hesaplamalar, durumun hi\u00e7 de \u00f6yle olmad\u0131\u011f\u0131n\u0131 g\u00f6steriyor&#8221; ifadesini kulland\u0131.<\/p>\n<p>Kamu \u00e7al\u0131\u015fanlar\u0131n\u0131n emekli oldu\u011fu zaman maa\u015flar\u0131n\u0131n yar\u0131 yar\u0131ya d\u00fc\u015ft\u00fc\u011f\u00fcn\u00fc ve bu y\u00fczden emekli olamad\u0131klar\u0131n\u0131 ileri s\u00fcren \u00c7ivi, \u015funlar\u0131 kaydetti:<\/p>\n<p>&#8220;Biz insanca \u00e7al\u0131\u015f\u0131p, insanca emekli olup, insanca ya\u015famak istiyoruz. Maliye \u00e7al\u0131\u015fanlar\u0131 meslek mensubu olmas\u0131na ra\u011fmen her ge\u00e7en g\u00fcn farklar\u0131n\u0131 kaybediyorlar. Buradan Say\u0131n Bakan&#8217;a ve H\u00fck\u00fcmet&#8217;e \u00e7a\u011fr\u0131da bulunmak istiyorum: Bir birinin kopyas\u0131 siyasi ve ideolojik bu sendikalara l\u00fctfen memurun hakk\u0131n\u0131 ve hukukunu emanet etmeyin. Bu sendikalar, aralar\u0131ndaki siyasi m\u00fccadelede memuru heder ediyorlar. Biz, kamu \u00e7al\u0131\u015fanlar\u0131n\u0131n hakk\u0131n\u0131 korumak i\u00e7in geri geri y\u00fcr\u00fcd\u00fck, gerekirse de geri geri ko\u015faca\u011f\u0131z.&#8221;<\/p>\n<h2 style='margin:20px 0;'>\u0130\u00e7erik Galerisi<\/h2>\n<p><img decoding=\"async\" src=\"wp-content\/uploads\/2016\/12\/539772273.JPG\" alt=\"Haksen D\u00fcnyada Bir \u0130lke \u0130mza Att\u0131\" style=\"width:100%;\" \/><\/p>\n<p><img decoding=\"async\" src=\"wp-content\/uploads\/2016\/12\/742032577.JPG\" alt=\"Haksen D\u00fcnyada Bir \u0130lke \u0130mza Att\u0131\" style=\"width:100%;\" \/><\/p>\n<p><img decoding=\"async\" src=\"wp-content\/uploads\/2016\/12\/781019783.JPG\" alt=\"Haksen D\u00fcnyada Bir \u0130lke \u0130mza Att\u0131\" style=\"width:100%;\" \/><\/p>\n<p><img decoding=\"async\" src=\"wp-content\/uploads\/2016\/12\/55545262.jpg\" alt=\"Haksen D\u00fcnyada Bir \u0130lke \u0130mza Att\u0131\" style=\"width:100%;\" \/><\/p>\n<p><img decoding=\"async\" src=\"wp-content\/uploads\/2016\/12\/740173517.JPG\" alt=\"Haksen D\u00fcnyada Bir \u0130lke \u0130mza Att\u0131\" style=\"width:100%;\" \/><\/p>\n<p><img decoding=\"async\" src=\"wp-content\/uploads\/2016\/12\/243925719.JPG\" alt=\"Haksen D\u00fcnyada Bir \u0130lke \u0130mza Att\u0131\" style=\"width:100%;\" \/><\/p>\n","protected":false},"excerpt":{"rendered":"<p>Kamu \u00e7al\u0131\u015fanlar\u0131n\u0131n haklar\u0131ndaki gerilemeye dikkat \u00e7ekmek i\u00e7in \u201cgeri geri\u201d y\u00fcr\u00fcme eylemi yapan Haksen b\u00f6ylece d\u00fcnyada bir ilke imza att\u0131.<\/p>\n","protected":false},"author":1,"featured_media":2660,"comment_status":"closed","ping_status":"open","sticky":false,"template":"","format":"standard","meta":{"footnotes":""},"categories":[],"tags":[],"class_list":["post-2659","post","type-post","status-publish","format-standard","has-post-thumbnail"],"_links":{"self":[{"href":"https:\/\/haksen.org.tr\/index.php?rest_route=\/wp\/v2\/posts\/2659","targetHints":{"allow":["GET"]}}],"collection":[{"href":"https:\/\/haksen.org.tr\/index.php?rest_route=\/wp\/v2\/posts"}],"about":[{"href":"https:\/\/haksen.org.tr\/index.php?rest_route=\/wp\/v2\/types\/post"}],"author":[{"embeddable":true,"href":"https:\/\/haksen.org.tr\/index.php?rest_route=\/wp\/v2\/users\/1"}],"replies":[{"embeddable":true,"href":"https:\/\/haksen.org.tr\/index.php?rest_route=%2Fwp%2Fv2%2Fcomments&post=2659"}],"version-history":[{"count":0,"href":"https:\/\/haksen.org.tr\/index.php?rest_route=\/wp\/v2\/posts\/2659\/revisions"}],"wp:featuredmedia":[{"embeddable":true,"href":"https:\/\/haksen.org.tr\/index.php?rest_route=\/wp\/v2\/media\/2660"}],"wp:attachment":[{"href":"https:\/\/haksen.org.tr\/index.php?rest_route=%2Fwp%2Fv2%2Fmedia&parent=2659"}],"wp:term":[{"taxonomy":"category","embeddable":true,"href":"https:\/\/haksen.org.tr\/index.php?rest_route=%2Fwp%2Fv2%2Fcategories&post=2659"},{"taxonomy":"post_tag","embeddable":true,"href":"https:\/\/haksen.org.tr\/index.php?rest_route=%2Fwp%2Fv2%2Ftags&post=2659"}],"curies":[{"name":"wp","href":"https:\/\/api.w.org\/{rel}","templated":true}]}}