{"id":2657,"date":"2013-09-28T12:00:00","date_gmt":"2013-09-28T12:00:00","guid":{"rendered":"http:\/\/haksen.org.tr\/?p=2657"},"modified":"2013-09-28T12:00:00","modified_gmt":"2013-09-28T12:00:00","slug":"haklarimiz-icin-maliyeye-geri-geri-yuruyoruz","status":"publish","type":"post","link":"https:\/\/haksen.org.tr\/?p=2657","title":{"rendered":"Haklar\u0131m\u0131z \u0130\u00e7in Maliyeye Geri Geri Y\u00fcr\u00fcyoruz"},"content":{"rendered":"<p>MAL\u0130YE \u00c7ALI\u015eANLARI<br \/>\nHAKLARINA \u201cGER\u0130\u201d Y\u00dcR\u00dcYOR\u2026<\/p>\n<p>Devletin kanunla koydu\u011fu vergiyi toplarken, denetim yaparken silahl\u0131, sopal\u0131 ve s\u00f6zl\u00fc sald\u0131r\u0131lara maruz kal\u0131rlar. Devletin vergi alaca\u011f\u0131n\u0131 tahsil etmek i\u00e7in haciz yapman\u0131n hem haciz yap\u0131lan kadar haciz yapan maliyeci i\u00e7inde ne kadar zor oldu\u011funu ancak ya\u015fayan maliyeciler bilir. M\u00fckellefe ceza kesmenin, tebligat ve yoklama yapman\u0131n zorluklar\u0131n\u0131 anlamak i\u00e7in ya\u015famak gerekir.<\/p>\n<p>T\u00fcm bunlar\u0131 yaparken maliyeciler yapayaln\u0131zd\u0131r. Her t\u00fcrl\u00fc tehlikeye kar\u015f\u0131 kendilerini koruyabilecekleri hi\u00e7bir g\u00fcvenceleri yoktur. Allah\u2019a emanet g\u00f6revlerini s\u00fcrd\u00fcr\u00fcrler.<\/p>\n<p>Gelece\u011fimizi emanet edece\u011fimiz \u00e7ocuklar\u0131m\u0131za e\u011fitim veren \u00f6\u011fretmenlerin, hayat kurtaran doktorlar\u0131m\u0131z\u0131n, i\u00e7 g\u00fcvenli\u011fimizi sa\u011flayan polislerimizin ve s\u0131n\u0131rlar\u0131m\u0131z\u0131 bekleyen askerlerimizin g\u00f6revleri ne kadar kutsalsa maliye \u00e7al\u0131\u015fanlar\u0131n\u0131n g\u00f6revleri de o kadar kutsald\u0131r. <\/p>\n<p>Maliye \u00e7al\u0131\u015fanlar\u0131n\u0131n toplad\u0131\u011f\u0131 vergilerde t\u00fcy\u00fc bitmemi\u015f yetimlerin hakk\u0131 vard\u0131r. 75 Milyon T\u00fcrkiye Cumhuriyeti vatanda\u015f\u0131n\u0131n hakk\u0131 vard\u0131r.<\/p>\n<p>B\u00f6ylesine \u00f6nemli bir g\u00f6revi yerine getiren vefak\u00e2r ve cefak\u00e2r maliye \u00e7al\u0131\u015fanlar\u0131 eme\u011finin kar\u015f\u0131l\u0131\u011f\u0131n\u0131 alabiliyor mu?<\/p>\n<p>Kendisinin ve ailesinin gelece\u011fini g\u00fcvence alt\u0131na al\u0131p huzur i\u00e7erisinde \u00e7al\u0131\u015fabiliyor mu?<\/p>\n<p>Liyakata ba\u011fl\u0131 olarak mesle\u011finde y\u00fckselebiliyor mu?<\/p>\n<p>Meslek ya\u015fam\u0131ndaki emeklerine kar\u015f\u0131l\u0131k insanca bir emeklilik ge\u00e7irebiliyor mu?<\/p>\n<p>T\u00fcm bu sorular\u0131n kar\u015f\u0131l\u0131\u011f\u0131 kocaman bir HAYIR cevab\u0131d\u0131r.<\/p>\n<p>HAYIR HAYIR HAYIR.<\/p>\n<p>\u00dclkemizde hangi kurumda bir \u00fccret tart\u0131\u015fmas\u0131 ya\u015fansa ilk akla gelen maliye \u00e7al\u0131\u015fanlar\u0131d\u0131r.<\/p>\n<p>Onlar\u0131n \u00fccretleri emsal g\u00f6sterilir.<\/p>\n<p>Bu emsal g\u00f6stermeler sonucu maliye \u00e7al\u0131\u015fanlar\u0131n\u0131n parasal haklar\u0131 dondurulmu\u015f. T\u0131pk\u0131 \u00f6zelle\u015ftirme sonucu nakledilen kamu g\u00f6revlilerine uyguland\u0131\u011f\u0131 gibi di\u011fer kurumlar\u0131n \u00fccretleri maliye \u00e7al\u0131\u015fanlar\u0131na e\u015fitleninceye kadar ek \u00f6demelerde hi\u00e7bir art\u0131\u015f yap\u0131lmam\u0131\u015ft\u0131r.<\/p>\n<p>Son olarak 666 say\u0131l\u0131 Kanun H\u00fckm\u00fcnde Kararname ile yap\u0131lan d\u00fczenlemeler sonucu herhangi bir kurumdaki memurla ayn\u0131 \u00fccrete getirilmi\u015ftir.<\/p>\n<p>\u015eef unvan\u0131n\u0131n \u015fahsa ba\u011fl\u0131 kadro olarak b\u0131rak\u0131lmas\u0131 nedeniyle memurlar\u0131n g\u00f6revde y\u00fckselme hakk\u0131 kalmam\u0131\u015ft\u0131r.<\/p>\n<p>Maliye Bakanl\u0131\u011f\u0131nda Defterdarl\u0131k Uzman\u0131, Gelir \u0130daresinde Gelir Uzmanl\u0131\u011f\u0131 unvan\u0131n\u0131 alamayan personelin bundan sonra \u00f6nlerinde herhangi bir hedef kalmam\u0131\u015ft\u0131r.<\/p>\n<p>Herhangi bir \u015fekilde Uzman unvan\u0131 alamayan personelin mesleki olarak g\u00f6revde y\u00fckselme hakk\u0131 kalmam\u0131\u015ft\u0131r.<\/p>\n<p>Ek g\u00f6stergesi bulunmad\u0131\u011f\u0131 gibi g\u00f6revde y\u00fckselme s\u0131nav\u0131 yap\u0131lmayarak terfi etme hakk\u0131 da elinden Yard\u0131mc\u0131 Hizmetler kadrosundaki personele b\u00fcy\u00fck haks\u0131zl\u0131k yap\u0131lmaktad\u0131r.<\/p>\n<p>666 say\u0131l\u0131 Kanun H\u00fckm\u00fcnde Kararname ile kamu kurum ve kurulu\u015flar\u0131n\u0131n merkez te\u015fkilat\u0131nda g\u00f6rev yapan uzmanlar ayn\u0131 mevzuat alt\u0131nda toplanarak 3600 ek g\u00f6sterge ve makam tazminat\u0131 verilmi\u015ftir.<\/p>\n<p>Bu uygulamada da Maliye Bakanl\u0131\u011f\u0131n\u0131n y\u00fck\u00fcn\u00fc omuzlayan Defterdarl\u0131k ve Gelir Uzman\u0131 kapsam d\u0131\u015f\u0131nda tutularak sadece \u00e7al\u0131\u015f\u0131rken de\u011fil emekli olduklar\u0131nda da devam edecek \u00e7ok b\u00fcy\u00fck bir hak kayb\u0131na maruz b\u0131rak\u0131lm\u0131\u015flard\u0131r.<\/p>\n<p>Maliye \u00e7al\u0131\u015fanlar\u0131na yap\u0131lan ek \u00f6demenin emekli maa\u015f\u0131na yans\u0131mamas\u0131 sonucu emekli olan bir maliye \u00e7al\u0131\u015fan\u0131 maa\u015f\u0131n\u0131n yar\u0131s\u0131n\u0131 dahi emekli maa\u015f\u0131 olarak alamamaktad\u0131r.<\/p>\n<p>Bu nedenle binlerce maliye \u00e7al\u0131\u015fan\u0131 emeklili\u011fi akl\u0131ndan bile ge\u00e7irmemekte, adeta \u00e7al\u0131\u015fmaya mahk\u00fbm olmaktad\u0131r.<\/p>\n<p>Gelir \u0130daresi Ba\u015fkanl\u0131\u011f\u0131nca yay\u0131mlanan resmi istatistiklere g\u00f6re vergi dairelerinde \u00e7al\u0131\u015fan personelin y\u00fczde 57\u2019sinin 20 y\u0131ldan daha fazla hizmeti var. Gelir \u0130daresinin merkez ve ta\u015fra te\u015fkilat\u0131nda fiilen g\u00f6rev yapan personelin y\u00fczde 21\u2019nin hizmeti 25 y\u0131ldan fazlad\u0131r. Bu istatistiklerde g\u00f6stermektedir ki maliye \u00e7al\u0131\u015fanlar\u0131 ya\u015flanmakta ama emekli olamamaktad\u0131r.<\/p>\n<p>Sonu\u00e7 olarak; maliye \u00e7al\u0131\u015fanlar\u0131 her ge\u00e7en y\u0131l haklar\u0131n\u0131 kaybetmekte, bir \u00f6nceki y\u0131l\u0131 arar duruma gelmi\u015flerdir.<\/p>\n<p>B\u00fcro Hak-Sen kuruldu\u011fu g\u00fcnden beri maliye \u00e7al\u0131\u015fanlar\u0131n\u0131n sadece \u00e7al\u0131\u015f\u0131rken de\u011fil, emekli olduklar\u0131nda da insanca ya\u015fayabilecekleri ekonomik ve sosyal haklara kavu\u015fmas\u0131 i\u00e7in m\u00fccadele etmektedir.<\/p>\n<p>Maliye \u00e7al\u0131\u015fanlar\u0131n\u0131n top yek\u00fbn haklar\u0131n\u0131 korumak ve geli\u015ftirmek i\u00e7in mutlaka MAL\u0130YE H\u0130ZMETLER\u0130 SINIFININ ihdas edilmesini istiyoruz.<\/p>\n<p>Bu durumda, maliye \u00e7al\u0131\u015fanlar\u0131 sadece \u00e7al\u0131\u015f\u0131rken de\u011fil emekli olduklar\u0131nda da gelecek korkusu olmadan emeklerinin kar\u015f\u0131l\u0131\u011f\u0131n\u0131 alabileceklerdir.<\/p>\n<p>Maliye Hizmetleri S\u0131n\u0131f\u0131n\u0131n olu\u015fturulmas\u0131 i\u00e7in t\u00fcm sendikalar\u0131n birlikte m\u00fccadele etmesi gerekti\u011fine inan\u0131yoruz.<\/p>\n<p>T\u00dcM KAZANILMI\u015e HAKLARIMIZI GER\u0130 ALMAK \u0130\u00c7\u0130N\u2026<\/p>\n<p>\u0130NSAN G\u0130B\u0130 \u00c7ALI\u015eMAK \u0130NSANCA G\u0130B\u0130 YA\u015eAMAK \u0130\u00c7\u0130N\u2026<br \/>\nHAK VE ADALET \u0130\u00c7\u0130N\u2026<\/p>\n<p>T\u00dcRK\u0130YE\u2019DE B\u0130R \u0130LK OLARAK,<\/p>\n<p>MAL\u0130YE BAKANLI\u011eINA GER\u0130 GER\u0130 Y\u00dcR\u00dcYORUZ\u2026<\/p>\n<p>BU ONURLU Y\u00dcR\u00dcY\u00dc\u015eTE B\u0130ZE KATIL\u2026<\/p>\n<p>5 EK\u0130M 2013 CUMARTES\u0130 SAAT 12.00\u2019DE<\/p>\n<p>KIZILAY YKM \u00d6N\u00dcNDEN <\/p>\n<p>MAL\u0130YE BAKANLI\u011eINA GER\u0130 Y\u00dcR\u00dcY\u00dc\u015e<\/p>\n<p>K\u0130TLESEL BASIN A\u00c7IKLAMASI<\/p>\n","protected":false},"excerpt":{"rendered":"<p>Maliye \u00c7al\u0131\u015fanlar\u0131n\u0131n ellerinden al\u0131nan kazan\u0131lm\u0131\u015f haklar\u0131 i\u00e7in T\u00fcrkiye&#8217;de ilk defa Maliye Bakanl\u0131\u011f\u0131na geri geri y\u00fcr\u00fcyoruz.<\/p>\n","protected":false},"author":1,"featured_media":2658,"comment_status":"closed","ping_status":"open","sticky":false,"template":"","format":"standard","meta":{"footnotes":""},"categories":[],"tags":[],"class_list":["post-2657","post","type-post","status-publish","format-standard","has-post-thumbnail"],"_links":{"self":[{"href":"https:\/\/haksen.org.tr\/index.php?rest_route=\/wp\/v2\/posts\/2657","targetHints":{"allow":["GET"]}}],"collection":[{"href":"https:\/\/haksen.org.tr\/index.php?rest_route=\/wp\/v2\/posts"}],"about":[{"href":"https:\/\/haksen.org.tr\/index.php?rest_route=\/wp\/v2\/types\/post"}],"author":[{"embeddable":true,"href":"https:\/\/haksen.org.tr\/index.php?rest_route=\/wp\/v2\/users\/1"}],"replies":[{"embeddable":true,"href":"https:\/\/haksen.org.tr\/index.php?rest_route=%2Fwp%2Fv2%2Fcomments&post=2657"}],"version-history":[{"count":0,"href":"https:\/\/haksen.org.tr\/index.php?rest_route=\/wp\/v2\/posts\/2657\/revisions"}],"wp:featuredmedia":[{"embeddable":true,"href":"https:\/\/haksen.org.tr\/index.php?rest_route=\/wp\/v2\/media\/2658"}],"wp:attachment":[{"href":"https:\/\/haksen.org.tr\/index.php?rest_route=%2Fwp%2Fv2%2Fmedia&parent=2657"}],"wp:term":[{"taxonomy":"category","embeddable":true,"href":"https:\/\/haksen.org.tr\/index.php?rest_route=%2Fwp%2Fv2%2Fcategories&post=2657"},{"taxonomy":"post_tag","embeddable":true,"href":"https:\/\/haksen.org.tr\/index.php?rest_route=%2Fwp%2Fv2%2Ftags&post=2657"}],"curies":[{"name":"wp","href":"https:\/\/api.w.org\/{rel}","templated":true}]}}