{"id":2653,"date":"2013-09-27T12:00:00","date_gmt":"2013-09-27T12:00:00","guid":{"rendered":"http:\/\/haksen.org.tr\/?p=2653"},"modified":"2013-09-27T12:00:00","modified_gmt":"2013-09-27T12:00:00","slug":"calisma-meclisi-toplantisinda-tam-kadro","status":"publish","type":"post","link":"https:\/\/haksen.org.tr\/?p=2653","title":{"rendered":"\u00c7al\u0131\u015fma Meclisi Toplant\u0131s\u0131nda Tam Kadro"},"content":{"rendered":"<p>9 y\u0131ldan beri toplanamayan  \u00c7al\u0131\u015fma Meclisinin 10&#8217;uncu toplant\u0131s\u0131 Ankara Bilkent Otelde yap\u0131ld\u0131.<\/p>\n<p>Haksen b\u00fcnyesindeki t\u00fcm sendikalar\u0131n davetli oldu\u011fu toplant\u0131ya Haksen Genel Ba\u015fkan\u0131 Ayhan \u00c7ivi ba\u015fkanl\u0131\u011f\u0131nda;<\/p>\n<p>E\u011fitim Hak-Sen Genel Ba\u015fkan\u0131 Hanifi G\u00f6k\u00e7ek,<br \/>\nHaber Hak-Sen Genel Ba\u015fkan\u0131 Y\u0131lmaz Kaya,<br \/>\nSa\u011fl\u0131k Hak-Sen&#8217;i temsilen Recep Arslan,<br \/>\n\u0130mar Hak-Sen&#8217;i temsilen Re\u015fit C\u00fcnn\u00fck,<br \/>\nYerel Hak-Sen&#8217;i temsilen Durmu\u015f Arslanta\u015f,<br \/>\nTo\u00e7 Hak-Sen&#8217;i temsilen Umut Kurtulu\u015f Yuna,<br \/>\nDi\u011fer sendikalar\u0131 temsilen de Erdin\u00e7 Topta\u015f ve G\u00fclay Y\u0131ld\u0131r\u0131m kat\u0131ld\u0131lar.<\/p>\n<p>Kat\u0131l\u0131m\u0131n olduk\u00e7a yo\u011fun oldu\u011fu toplant\u0131ya Ba\u015fbakan Recep Tayyip Erdo\u011fan, Ba\u015fbakan Yard\u0131mc\u0131s\u0131 Ali Babacan, \u00c7al\u0131\u015fma ve Sosyal G\u00fcvenlik Bakan\u0131 Faruk \u00c7elik, Ula\u015ft\u0131rma Bakan\u0131 Binali Y\u0131ld\u0131r\u0131m kat\u0131ld\u0131lar.<\/p>\n<h2 style='margin:20px 0;'>\u0130\u00e7erik Galerisi<\/h2>\n<p><img decoding=\"async\" src=\"wp-content\/uploads\/2016\/12\/266157672.jpg\" alt=\"\u00c7al\u0131\u015fma Meclisi Toplant\u0131s\u0131nda Tam Kadro\" style=\"width:100%;\" \/><\/p>\n<p><img decoding=\"async\" src=\"wp-content\/uploads\/2016\/12\/56224989.JPG\" alt=\"\u00c7al\u0131\u015fma Meclisi Toplant\u0131s\u0131nda Tam Kadro\" style=\"width:100%;\" \/><\/p>\n","protected":false},"excerpt":{"rendered":"<p>Haksen, Bilkent Otelde  ger\u00e7ekle\u015fen 10.\u00c7al\u0131\u015fma Meclisi Toplant\u0131s\u0131na tam kadro olarak kat\u0131ld\u0131.<\/p>\n","protected":false},"author":1,"featured_media":2654,"comment_status":"closed","ping_status":"open","sticky":false,"template":"","format":"standard","meta":{"footnotes":""},"categories":[],"tags":[],"class_list":["post-2653","post","type-post","status-publish","format-standard","has-post-thumbnail"],"_links":{"self":[{"href":"https:\/\/haksen.org.tr\/index.php?rest_route=\/wp\/v2\/posts\/2653","targetHints":{"allow":["GET"]}}],"collection":[{"href":"https:\/\/haksen.org.tr\/index.php?rest_route=\/wp\/v2\/posts"}],"about":[{"href":"https:\/\/haksen.org.tr\/index.php?rest_route=\/wp\/v2\/types\/post"}],"author":[{"embeddable":true,"href":"https:\/\/haksen.org.tr\/index.php?rest_route=\/wp\/v2\/users\/1"}],"replies":[{"embeddable":true,"href":"https:\/\/haksen.org.tr\/index.php?rest_route=%2Fwp%2Fv2%2Fcomments&post=2653"}],"version-history":[{"count":0,"href":"https:\/\/haksen.org.tr\/index.php?rest_route=\/wp\/v2\/posts\/2653\/revisions"}],"wp:featuredmedia":[{"embeddable":true,"href":"https:\/\/haksen.org.tr\/index.php?rest_route=\/wp\/v2\/media\/2654"}],"wp:attachment":[{"href":"https:\/\/haksen.org.tr\/index.php?rest_route=%2Fwp%2Fv2%2Fmedia&parent=2653"}],"wp:term":[{"taxonomy":"category","embeddable":true,"href":"https:\/\/haksen.org.tr\/index.php?rest_route=%2Fwp%2Fv2%2Fcategories&post=2653"},{"taxonomy":"post_tag","embeddable":true,"href":"https:\/\/haksen.org.tr\/index.php?rest_route=%2Fwp%2Fv2%2Ftags&post=2653"}],"curies":[{"name":"wp","href":"https:\/\/api.w.org\/{rel}","templated":true}]}}