{"id":2644,"date":"2013-09-26T12:00:00","date_gmt":"2013-09-26T12:00:00","guid":{"rendered":"http:\/\/haksen.org.tr\/?p=2644"},"modified":"2013-09-26T12:00:00","modified_gmt":"2013-09-26T12:00:00","slug":"insan-haklarina-dayali-sendikacilik-yapiyoruz","status":"publish","type":"post","link":"https:\/\/haksen.org.tr\/?p=2644","title":{"rendered":"\u0130nsan Haklar\u0131na Dayal\u0131 Sendikac\u0131l\u0131k Yap\u0131yoruz"},"content":{"rendered":"<p>Haksen Ankara De\u011ferlendirme Toplant\u0131s\u0131nda gelece\u011fimize \u0131\u015f\u0131k tutacak \u00e7ok \u00f6nemli \u00f6neri  ve eylem planlar\u0131 konu\u015fuldu.<\/p>\n<p>\u00dclkemizdeki kamu sendikac\u0131l\u0131\u011f\u0131na farkl\u0131 bir vizyon ve anlay\u0131\u015f getiren HAKSEN y\u00f6neticileri  yeni d\u00f6nemdeki vizyonu ve yapaca\u011f\u0131m\u0131z \u00e7al\u0131\u015fmalar\u0131 enine boyuna de\u011ferlendirdi.<\/p>\n<p>T\u00fcrkiye Emekliler Derne\u011fi Genel Merkezindeki konferans salonunda yap\u0131lan toplant\u0131, Ankara\u2019da bulunan y\u00f6netici ve temsilcilerin yo\u011fun kat\u0131l\u0131m\u0131 ile ger\u00e7ekle\u015fti.<\/p>\n<p>Toplant\u0131 sayg\u0131 duru\u015fu ve \u0130stiklal Mar\u015f\u0131m\u0131z\u0131n okunmas\u0131yla ba\u015flad\u0131.<\/p>\n<p>Moderat\u00f6rl\u00fc\u011f\u00fcn\u00fc Haksen Te\u015fkilat Koordinat\u00f6r\u00fc \u0130smet Ta\u015f\u2019\u0131n yapt\u0131\u011f\u0131 toplant\u0131da k\u00fcrs\u00fcye \u00e7\u0131kan Haksen Genel Ba\u015fkan\u0131 Ayhan \u00c7ivi konu\u015fmas\u0131nda son derece \u00f6nemli tespitlerde bulundu.<\/p>\n<p>&#8220;<a href=\" https:\/\/vimeo.com\/75513044\"> KONU\u015eMAYI \u0130ZLEMEK \u0130\u00c7\u0130N TIKLAYINIZ<\/a>&#8221;<\/p>\n<p>\u00c7ivi konu\u015fmas\u0131nda \u00f6zetle \u015funlar\u0131 s\u00f6yledi;<\/p>\n<p>Bug\u00fcn burada ba\u015fta sendikalar\u0131m\u0131z\u0131n Ankara\u2019da  bulunan \u00fcyelerimiz olmak \u00fczere , y\u00f6netim kurulu \u00fcyelerimiz ve \u015fube y\u00f6neticilerimizle , Konfederasyonumuzun \u00e7al\u0131\u015fmalar\u0131n\u0131 Ankara d\u00fczeyinde de\u011ferlendirmek, yeni d\u00f6neme dair d\u00fc\u015f\u00fcncelerimizi sizlerle payla\u015fmak  i\u00e7in buraday\u0131z. Cumartesi g\u00fcn\u00fcn\u00fcz\u00fc bize ay\u0131rd\u0131\u011f\u0131n\u0131z i\u00e7in te\u015fekk\u00fcr ederim.<\/p>\n<p>T\u00fcrkiye\u2019de kamu sendikac\u0131l\u0131\u011f\u0131n geli\u015fimi hem sanc\u0131l\u0131 olmu\u015ftur. T\u00fcrkiye\u2019de kamu sendikac\u0131l\u0131k tecr\u00fcbeleri darbeler ile kesintiye u\u011fram\u0131\u015f, kamu \u00e7al\u0131\u015fanlar\u0131n sendikal haklar kazanmalar\u0131  i\u00e7in s\u00fcrekli m\u00fccadele vermesi gerekmi\u015ftir. \u00d6zellikle 1980\u2019lerin sonlar\u0131nda ba\u015flayan sendikal \u00f6rg\u00fctlenme s\u00fcreci  yasal bir zemini kazanm\u0131\u015f olsa da halen tamamlanm\u0131\u015f say\u0131lamaz. Bug\u00fcn neredeyse kamu \u00e7al\u0131\u015fanlar\u0131n\u0131n yar\u0131s\u0131 sendikas\u0131z. Sendikalar sendika kimliklerini tam anlam\u0131yla yerine getiremiyorlar. Sendikal m\u00fccadele \u00fczerinden bir politika geli\u015ftiremiyorlar. <\/p>\n<p>Bir tiyatro haline gelmi\u015f olan toplu s\u00f6zle\u015fme s\u00fcreci bizim daha \u00e7ok \u00e7al\u0131\u015fmam\u0131z gerekti\u011fini g\u00f6steriyor. Ge\u00e7en sene 19 talebin birini bile toplu s\u00f6zle\u015fme masas\u0131ndan \u00e7\u0131kartamayan sendikalar, \u015fimdi de demokrasi k\u00fclt\u00fcr\u00fcne yak\u0131\u015fmayan bir \u015fekilde bir gecede sendika masas\u0131ndan kalkt\u0131lar. Bu i\u015f art\u0131k o kadar beceriksiz hale geldi ki,  kamu i\u015fvereni olarak h\u00fck\u00fcmetin vermi\u015f oldu\u011fu iki teklifin de ayn\u0131 oldu\u011funu anlamayan bir yetkili sendika ve toplu s\u00f6zle\u015fme masas\u0131n\u0131n di\u011fer sendikalar\u0131 b\u00fcy\u00fck bir tart\u0131\u015fmaya girdiler. Sendikalar\u0131n b\u00fcrokratikle\u015fmi\u015f y\u00f6neticileri  kamu \u00e7al\u0131\u015fan\u0131n bir senelik ekonomik gelece\u011fini koruyamad\u0131lar, geli\u015ftiremediler. Tarihe hezimet sendikalar\u0131 olarak ge\u00e7ecek bu sendikalar\u0131n  hak arama m\u00fccadelesinde birbirlerinden farkl\u0131 olmad\u0131klar\u0131 daha da per\u00e7inlenmi\u015f bir \u015fekilde a\u00e7\u0131kl\u0131k kazand\u0131. Kamu \u00e7al\u0131\u015fanlar\u0131n\u0131n haklar\u0131n\u0131 koruyamayan, geli\u015ftiremeyen bu konfederasyonlar vicdanl\u0131 insanlar\u0131n g\u00f6z\u00fcnde  ger\u00e7ek yerlerini alm\u0131\u015flard\u0131r. Bu sendikac\u0131l\u0131k zihniyetinin pe\u015fini b\u0131rakmayaca\u011f\u0131z.. Bir insan olarak kul hakk\u0131ndan korkan, her hesab\u0131m\u0131z\u0131 on defe d\u00fc\u015f\u00fcnerek yapan bizler memurun kul hakk\u0131n\u0131 \u00fczerine alanlardan  o kul hakk\u0131n\u0131n hesab\u0131 bir bir soraca\u011f\u0131z. Kendi sendikac\u0131l\u0131k anlay\u0131\u015f\u0131m\u0131zla bu sendikac\u0131l\u0131k anlay\u0131\u015f\u0131n\u0131n bu \u00fclkede son bulaca\u011f\u0131n\u0131 biliyoruz.<\/p>\n<p>M\u00fccadeleye ba\u015flad\u0131\u011f\u0131m\u0131zdan  bu yana  insanlar\u0131n \u0131rk\u0131, cinsiyeti, inanc\u0131, siyasi g\u00f6r\u00fc\u015f\u00fcn\u00fc hi\u00e7 \u00f6nemsemedik. Bizim i\u00e7in \u00f6nemli olan  tek  \u015fey insan olmam\u0131zd\u0131. Herkes aras\u0131ndaki e\u015fitli\u011fi savunduk ve bizim i\u00e7in \u00f6nemli olan o \u00fcyemizin s\u0131rf insan olmas\u0131ndan dolay\u0131 sahip olmas\u0131 gereken haklar\u0131n verilmesiydi.  Bu nedenle ki vizyonumuzu insan haklar\u0131na dayal\u0131 sendikac\u0131l\u0131k  haline getirdik. Bunun i\u00e7in \u00e7al\u0131\u015fmaktay\u0131z. T\u00fcrkiye\u2019de sendikac\u0131l\u0131k a\u00e7mazlar\u0131n\u0131 bu vizyonumuzla hep beraber a\u015faca\u011f\u0131m\u0131z\u0131 biliyorum.\u0130\u00e7imizde do\u011fru bir i\u015f yapman\u0131n huzuru ve inanc\u0131 var, bu nedenle ki iyi ki Hak-Sen sizlerle birlikte var.<br \/>\nKuruldu\u011fumuz g\u00fcnden bu yana \u00e7ok yol katettik. Kurulu\u015f \u00e7al\u0131\u015fmalar\u0131ndan bu yana birlikte oldu\u011fumuz \u00fcyelerimizin de \u00e7ok iyi bilece\u011fi gibi \u00e7ok b\u00fcy\u00fck fedakarl\u0131klarla sendikalar\u0131m\u0131z\u0131 belirli bir noktaya getirildi. Ancak bu bizim i\u00e7in  yeterli de\u011fil. Sendikalar\u0131m\u0131z\u0131 daha da b\u00fcy\u00fctmemiz gerekiyor. Daha fazla \u00e7al\u0131\u015fmak, Haksen\u2019in sendikal anlay\u0131\u015f\u0131n\u0131 daha da ileriye g\u00f6t\u00fcrmek gerekiyor.<br \/>\nBu d\u00f6nemi bir kurumsalla\u015fma d\u00f6nemi olarak g\u00f6r\u00fcyorum. Bu nedenle, ba\u015fta Ankara olmak \u00fczere sendikal \u00e7al\u0131\u015fmalar\u0131m\u0131z\u0131  geli\u015ftirmek ve b\u00fcy\u00fctmeliyiz. Yeni d\u00f6nemde bizler belirli bir \u00f6rg\u00fctlenme stratejisiyle var oldu\u011fumuz illerde daha da b\u00fcy\u00fcmek, temsil edilmedi\u011fimiz illerdeki temsiliyetimizi \u015fu an oldu\u011fumuz iller kadar etkin hale getirmek i\u00e7in  \u00e7al\u0131\u015fmak zorunday\u0131z.  Ayn\u0131 zamanda  t\u00fcz\u00fck, y\u00f6netmelik, y\u00f6nergelerle, \u00e7al\u0131\u015fma programlar\u0131 ile sendika mekanizmalar\u0131n\u0131n yeni bir d\u00f6neme uyumlu hale gelmesi sa\u011flayaca\u011f\u0131z.<\/p>\n<p>Yeni d\u00f6nemde han\u0131m \u00fcyelerimizin komisyon \u00e7al\u0131\u015fmalar\u0131, sendika \u00fcyelerimizin \u00e7ocuklar\u0131na y\u00f6nelik HAK-SEN dershanesi gibi \u00e7al\u0131\u015fmalar\u0131m\u0131zla da aidiyet ve dayan\u0131\u015fmam\u0131z\u0131, HAKSEN\u2019in aile olma i\u015flevini artt\u0131raca\u011f\u0131z. <\/p>\n<p>Bug\u00fcnk\u00fc toplant\u0131n\u0131n birinci b\u00f6l\u00fcm\u00fcnde, yeni d\u00f6nemde ama\u00e7 haline getirdi\u011fimizi daha da vurgulad\u0131\u011f\u0131m\u0131z insan haklar\u0131na dayal\u0131 devlet fikri i\u00e7in insan haklar\u0131na dayal\u0131 sendikac\u0131l\u0131k ile ilgili bir sunumumuz olacak, ard\u0131ndan serbest k\u00fcrs\u00fcde t\u00fcm \u00fcyelerimiz fikrilerini \u00f6zg\u00fcrce beyan edecekler. Bu toplant\u0131n\u0131n ger\u00e7ekle\u015ftirilmesinde eme\u011fi olan  t\u00fcm \u00fcye arkada\u015flar\u0131m\u0131za ve salon tahsisinde bulundan T\u00fcrkiye Emekliler Derne\u011fine ve de\u011ferli ba\u015fkan\u0131 Kaz\u0131m ERGUN\u2019a  te\u015fekk\u00fcr eder, verimli bir toplant\u0131 ger\u00e7ekle\u015fmesini dilerim. <\/p>\n<p>Genel Ba\u015fkan Ayhan \u00c7ivi\u2019nin konu\u015fmas\u0131n\u0131n ard\u0131ndan Haksen E\u011fitim ve Hukuk Koordinat\u00f6r\u00fc Umut Yanarda\u011f taraf\u0131ndan \u201c\u0130nsan Haklar\u0131na Dayal\u0131 Sendikac\u0131l\u0131k\u201d konulu bir sunum yap\u0131ld\u0131.<\/p>\n<p>Toplant\u0131ya verilen \u00f6\u011fle yeme\u011fi aras\u0131n\u0131n ard\u0131ndan devam edildi.<br \/>\n\u00d6\u011fleden sonraki \u201cSerbest K\u00fcrs\u00fc\u201d b\u00f6l\u00fcm\u00fcnde t\u00fcm kat\u0131l\u0131mc\u0131lar alarak , ki\u015fisel \u00f6neri ve ele\u015ftirilerini dile getirdiler.<\/p>\n<h2 style='margin:20px 0;'>\u0130\u00e7erik Galerisi<\/h2>\n<p><img decoding=\"async\" src=\"wp-content\/uploads\/2016\/12\/61915924.JPG\" alt=\"\u0130nsan Haklar\u0131na Dayal\u0131 Sendikac\u0131l\u0131k Yap\u0131yoruz\" style=\"width:100%;\" \/><\/p>\n<p><img decoding=\"async\" src=\"wp-content\/uploads\/2016\/12\/348277728.JPG\" alt=\"\u0130nsan Haklar\u0131na Dayal\u0131 Sendikac\u0131l\u0131k Yap\u0131yoruz\" style=\"width:100%;\" \/><\/p>\n<p><img decoding=\"async\" src=\"wp-content\/uploads\/2016\/12\/982164164.JPG\" alt=\"\u0130nsan Haklar\u0131na Dayal\u0131 Sendikac\u0131l\u0131k Yap\u0131yoruz\" style=\"width:100%;\" \/><\/p>\n<p><img decoding=\"async\" src=\"wp-content\/uploads\/2016\/12\/242499529.JPG\" alt=\"\u0130nsan Haklar\u0131na Dayal\u0131 Sendikac\u0131l\u0131k Yap\u0131yoruz\" style=\"width:100%;\" \/><\/p>\n<p><img decoding=\"async\" src=\"wp-content\/uploads\/2016\/12\/554518715.JPG\" alt=\"\u0130nsan Haklar\u0131na Dayal\u0131 Sendikac\u0131l\u0131k Yap\u0131yoruz\" style=\"width:100%;\" \/><\/p>\n<p><img decoding=\"async\" src=\"wp-content\/uploads\/2016\/12\/38771976.JPG\" alt=\"\u0130nsan Haklar\u0131na Dayal\u0131 Sendikac\u0131l\u0131k Yap\u0131yoruz\" style=\"width:100%;\" \/><\/p>\n<p><img decoding=\"async\" src=\"wp-content\/uploads\/2016\/12\/233781216.JPG\" alt=\"\u0130nsan Haklar\u0131na Dayal\u0131 Sendikac\u0131l\u0131k Yap\u0131yoruz\" style=\"width:100%;\" \/><\/p>\n","protected":false},"excerpt":{"rendered":"<p>Kamu sendikac\u0131l\u0131\u011f\u0131na farkl\u0131 bir vizyon ve anlay\u0131\u015f getiren HAKSEN y\u00f6neticileri  yeni d\u00f6nemdeki vizyonu ve yapaca\u011f\u0131m\u0131z \u00e7al\u0131\u015fmalar\u0131 enine boyuna tart\u0131\u015ft\u0131<\/p>\n","protected":false},"author":1,"featured_media":2645,"comment_status":"closed","ping_status":"open","sticky":false,"template":"","format":"standard","meta":{"footnotes":""},"categories":[],"tags":[],"class_list":["post-2644","post","type-post","status-publish","format-standard","has-post-thumbnail"],"_links":{"self":[{"href":"https:\/\/haksen.org.tr\/index.php?rest_route=\/wp\/v2\/posts\/2644","targetHints":{"allow":["GET"]}}],"collection":[{"href":"https:\/\/haksen.org.tr\/index.php?rest_route=\/wp\/v2\/posts"}],"about":[{"href":"https:\/\/haksen.org.tr\/index.php?rest_route=\/wp\/v2\/types\/post"}],"author":[{"embeddable":true,"href":"https:\/\/haksen.org.tr\/index.php?rest_route=\/wp\/v2\/users\/1"}],"replies":[{"embeddable":true,"href":"https:\/\/haksen.org.tr\/index.php?rest_route=%2Fwp%2Fv2%2Fcomments&post=2644"}],"version-history":[{"count":0,"href":"https:\/\/haksen.org.tr\/index.php?rest_route=\/wp\/v2\/posts\/2644\/revisions"}],"wp:featuredmedia":[{"embeddable":true,"href":"https:\/\/haksen.org.tr\/index.php?rest_route=\/wp\/v2\/media\/2645"}],"wp:attachment":[{"href":"https:\/\/haksen.org.tr\/index.php?rest_route=%2Fwp%2Fv2%2Fmedia&parent=2644"}],"wp:term":[{"taxonomy":"category","embeddable":true,"href":"https:\/\/haksen.org.tr\/index.php?rest_route=%2Fwp%2Fv2%2Fcategories&post=2644"},{"taxonomy":"post_tag","embeddable":true,"href":"https:\/\/haksen.org.tr\/index.php?rest_route=%2Fwp%2Fv2%2Ftags&post=2644"}],"curies":[{"name":"wp","href":"https:\/\/api.w.org\/{rel}","templated":true}]}}