{"id":2642,"date":"2013-09-19T12:00:00","date_gmt":"2013-09-19T12:00:00","guid":{"rendered":"http:\/\/haksen.org.tr\/?p=2642"},"modified":"2013-09-19T12:00:00","modified_gmt":"2013-09-19T12:00:00","slug":"ankara-degerlendirme-toplantisi-yapilacak","status":"publish","type":"post","link":"https:\/\/haksen.org.tr\/?p=2642","title":{"rendered":"Ankara De\u011ferlendirme Toplant\u0131s\u0131 Yap\u0131lacak"},"content":{"rendered":"<p>21 Eyl\u00fcl 2013 Cumartesi g\u00fcn\u00fc saat 10&#8217;da T\u00fcrkiye Emekliler Derne\u011fi Konferans salonunda yap\u0131lacak olan toplant\u0131ya Konfederasyonumuz ve \u00fcye sendikalar\u0131n Ankara&#8217;da bulunan y\u00f6netici ver temsilcileri kat\u0131lacak.<\/p>\n<p>Toplant\u0131ya ili\u015fkin detaylar ekteki programda bulunmaktad\u0131r.<\/p>\n","protected":false},"excerpt":{"rendered":"<p>Haksen&#8217;in yeni d\u00f6nemdeki vizyonunu ve \u00e7al\u0131\u015fmalar\u0131n\u0131 de\u011ferlendirme toplant\u0131s\u0131 Ankara&#8217;da bulunan y\u00f6netici ve temsilcilerin kat\u0131l\u0131m\u0131yla yap\u0131lacak.<\/p>\n","protected":false},"author":1,"featured_media":2643,"comment_status":"closed","ping_status":"open","sticky":false,"template":"","format":"standard","meta":{"footnotes":""},"categories":[],"tags":[],"class_list":["post-2642","post","type-post","status-publish","format-standard","has-post-thumbnail"],"_links":{"self":[{"href":"https:\/\/haksen.org.tr\/index.php?rest_route=\/wp\/v2\/posts\/2642","targetHints":{"allow":["GET"]}}],"collection":[{"href":"https:\/\/haksen.org.tr\/index.php?rest_route=\/wp\/v2\/posts"}],"about":[{"href":"https:\/\/haksen.org.tr\/index.php?rest_route=\/wp\/v2\/types\/post"}],"author":[{"embeddable":true,"href":"https:\/\/haksen.org.tr\/index.php?rest_route=\/wp\/v2\/users\/1"}],"replies":[{"embeddable":true,"href":"https:\/\/haksen.org.tr\/index.php?rest_route=%2Fwp%2Fv2%2Fcomments&post=2642"}],"version-history":[{"count":0,"href":"https:\/\/haksen.org.tr\/index.php?rest_route=\/wp\/v2\/posts\/2642\/revisions"}],"wp:featuredmedia":[{"embeddable":true,"href":"https:\/\/haksen.org.tr\/index.php?rest_route=\/wp\/v2\/media\/2643"}],"wp:attachment":[{"href":"https:\/\/haksen.org.tr\/index.php?rest_route=%2Fwp%2Fv2%2Fmedia&parent=2642"}],"wp:term":[{"taxonomy":"category","embeddable":true,"href":"https:\/\/haksen.org.tr\/index.php?rest_route=%2Fwp%2Fv2%2Fcategories&post=2642"},{"taxonomy":"post_tag","embeddable":true,"href":"https:\/\/haksen.org.tr\/index.php?rest_route=%2Fwp%2Fv2%2Ftags&post=2642"}],"curies":[{"name":"wp","href":"https:\/\/api.w.org\/{rel}","templated":true}]}}