{"id":2640,"date":"2013-09-19T12:00:00","date_gmt":"2013-09-19T12:00:00","guid":{"rendered":"http:\/\/haksen.org.tr\/?p=2640"},"modified":"2013-09-19T12:00:00","modified_gmt":"2013-09-19T12:00:00","slug":"turkiye-emekliler-dernegine-ziyaret","status":"publish","type":"post","link":"https:\/\/haksen.org.tr\/?p=2640","title":{"rendered":"T\u00fcrkiye Emekliler Derne\u011fine Ziyaret"},"content":{"rendered":"<p>Ziyarete E\u011fitim Hak-Sen Genel Ba\u015fkan\u0131 Hanifi G\u00f6k\u00e7ek, Haksen Te\u015fkilat Koordinat\u00f6r\u00fc \u0130smet Ta\u015f, Haksen Bas\u0131n Koordinat\u00f6r\u00fc Yusuf Karaca ile B\u00fcro Hak-Sen Sosyal \u0130\u015fler Sekreteri Mehmet Karabulut kat\u0131ld\u0131.<\/p>\n<p>T\u00fcrkiye Emekliler Derne\u011fi Genel Ba\u015fkan Yard\u0131mc\u0131s\u0131 Gazi Ayk\u0131r\u0131 ile Eski T\u00fcrk-\u0130\u015f Genel Ba\u015fkan\u0131 ve SGK Y\u00f6netim Kurulu \u00fcyesi Salih K\u0131l\u0131\u00e7&#8217;da g\u00f6r\u00fc\u015fmede bulundular.<\/p>\n<p>Haksen&#8217;in sendikal m\u00fccadelesine vermi\u015f oldu\u011fu destek nedeniyle T\u00fcrkiye Emekliler Derne\u011fine te\u015fekk\u00fcr eden Genel Ba\u015fkan Ayhan \u00c7ivi, t\u00fcm \u00e7al\u0131\u015fanlar\u0131n sonunda emeli olacak olmalar\u0131 nedeniyle derne\u011fin \u00f6nemine i\u015faret etti.<\/p>\n<p>T\u00fcrkiye Emekliler Derne\u011fi Genel Ba\u015fkan\u0131 ve SGK Y\u00f6netim Kurulu \u00fcyesi Kaz\u0131m Erg\u00fcn&#8217;de ziyaret nedeniyle duydu\u011fu memnuniyeti belirterek, sendikam\u0131z\u0131n faaliyetlerini desteklediklerini s\u00f6yledi.<\/p>\n<p>Erg\u00fcn, g\u00f6r\u00fc\u015fmenin ard\u0131ndan heyete \u00f6\u011fle yeme\u011fi ikram etti.<\/p>\n","protected":false},"excerpt":{"rendered":"<p>Genel Ba\u015fkan Ayhan \u00c7ivi, T\u00fcrkiye Emekliler Derne\u011fi Genel Ba\u015fkan\u0131 Kaz\u0131m Erg\u00fcn&#8217;\u00fc makam\u0131nda ziyaret ederek kar\u015f\u0131l\u0131kl\u0131 g\u00f6r\u00fc\u015f al\u0131\u015fveri\u015finde bulundu.<\/p>\n","protected":false},"author":1,"featured_media":2641,"comment_status":"closed","ping_status":"open","sticky":false,"template":"","format":"standard","meta":{"footnotes":""},"categories":[],"tags":[],"class_list":["post-2640","post","type-post","status-publish","format-standard","has-post-thumbnail"],"_links":{"self":[{"href":"https:\/\/haksen.org.tr\/index.php?rest_route=\/wp\/v2\/posts\/2640","targetHints":{"allow":["GET"]}}],"collection":[{"href":"https:\/\/haksen.org.tr\/index.php?rest_route=\/wp\/v2\/posts"}],"about":[{"href":"https:\/\/haksen.org.tr\/index.php?rest_route=\/wp\/v2\/types\/post"}],"author":[{"embeddable":true,"href":"https:\/\/haksen.org.tr\/index.php?rest_route=\/wp\/v2\/users\/1"}],"replies":[{"embeddable":true,"href":"https:\/\/haksen.org.tr\/index.php?rest_route=%2Fwp%2Fv2%2Fcomments&post=2640"}],"version-history":[{"count":0,"href":"https:\/\/haksen.org.tr\/index.php?rest_route=\/wp\/v2\/posts\/2640\/revisions"}],"wp:featuredmedia":[{"embeddable":true,"href":"https:\/\/haksen.org.tr\/index.php?rest_route=\/wp\/v2\/media\/2641"}],"wp:attachment":[{"href":"https:\/\/haksen.org.tr\/index.php?rest_route=%2Fwp%2Fv2%2Fmedia&parent=2640"}],"wp:term":[{"taxonomy":"category","embeddable":true,"href":"https:\/\/haksen.org.tr\/index.php?rest_route=%2Fwp%2Fv2%2Fcategories&post=2640"},{"taxonomy":"post_tag","embeddable":true,"href":"https:\/\/haksen.org.tr\/index.php?rest_route=%2Fwp%2Fv2%2Ftags&post=2640"}],"curies":[{"name":"wp","href":"https:\/\/api.w.org\/{rel}","templated":true}]}}