{"id":2631,"date":"2013-08-04T12:00:00","date_gmt":"2013-08-04T12:00:00","guid":{"rendered":"http:\/\/haksen.org.tr\/?p=2631"},"modified":"2013-08-04T12:00:00","modified_gmt":"2013-08-04T12:00:00","slug":"tekirdag-haksen-iftarda-bulustu","status":"publish","type":"post","link":"https:\/\/haksen.org.tr\/?p=2631","title":{"rendered":"Tekirda\u011f Haksen \u0130ftarda Bulu\u015ftu"},"content":{"rendered":"<p>TEK\u0130RDA\u011e (\u0130HA) &#8211; Kamu \u00c7al\u0131\u015fanlar\u0131 Halk Sendikas\u0131 Konfederasyonu Tekirda\u011f il temsilcili\u011fi, \u00fcyelerine bir iftar yeme\u011fi verdi. \u0130ftarda bir araya gelen devlet hastanesi, 112, acil servis \u00e7al\u0131\u015fanlar\u0131, okunan dualar\u0131n ard\u0131ndan hep birlikte iftarlar\u0131n\u0131 a\u00e7t\u0131lar.<\/p>\n<p>Tekirda\u011f\u2019da g\u00f6rev yapan sa\u011fl\u0131k \u00e7al\u0131\u015fanlar\u0131, Kamu \u00c7al\u0131\u015fanlar\u0131 Hak Sendikas\u0131 Konfederasyonu \u0130l Temsilcili\u011fi\u2019nin d\u00fczenledi\u011fi iftar yeme\u011finde bir araya geldiler. \u0130ftar yeme\u011fine Tekirda\u011f Halk sa\u011fl\u0131\u011f\u0131 M\u00fcd\u00fcr\u00fc Mahmut Akda\u011f, Halk Sa\u011fl\u0131\u011f\u0131 M\u00fcd\u00fcr Yard\u0131mc\u0131s\u0131 Dr. Ali Kafal\u0131, 112 \u015eube M\u00fcd\u00fcr\u00fc Zafer Soyk\u0131rl\u0131, Halk Sa\u011fl\u0131\u011f\u0131 Destek Hizmetleri \u015eube M\u00fcd\u00fcr\u00fc Mahmut Y\u0131lmaz, Kamu Sa\u011fl\u0131\u011f\u0131 \u015eube M\u00fcd\u00fcr\u00fc Sezgin Karaali, 112 Ba\u015fhekimi Dr. Onur Ak\u00e7a, Hukuk \u0130\u015fleri M\u00fcd\u00fcr\u00fc Melek Ayg\u00fcn ve sa\u011fl\u0131k \u00e7al\u0131\u015fanlar\u0131 kat\u0131ld\u0131.<\/p>\n<p>Yemekte konu\u015fma yapan Kamu \u00c7al\u0131\u015fanlar\u0131 Hak Sendikas\u0131 \u0130l Temsilcisi Sacide Kazan\u00e7, \u201cHak aray\u0131\u015f\u0131m\u0131zda ortak bir paydam\u0131z olmas\u0131 dile\u011fi ile bu yeme\u011fi d\u00fczenlemi\u015f bulunuyoruz d\u00fczenledi\u011fimiz iftara kat\u0131larak bizleri onurland\u0131rd\u0131n\u0131z. Di\u011fer bir ortak paydam\u0131z ise sendika olarak m\u00fccadelemiz sonucunda sendikam\u0131z\u0131n daha da b\u00fcy\u00fcmesi. Sa\u011fl\u0131k \u00e7al\u0131\u015fanlar\u0131n\u0131n sorunlar\u0131n\u0131 daha h\u0131zl\u0131 \u00e7\u00f6zmek olacakt\u0131r. Hak-Sen\u2019e ba\u011fl\u0131 sendikalar\u0131n g\u00f6revi t\u00fcm kamu \u00e7al\u0131\u015fanlar\u0131n\u0131n ekonomik, sosyal, mesleki, demokratik hak ve menfaatlerini geli\u015ftirmektir. Sa\u011fl\u0131k \u00e7al\u0131\u015fan\u0131 arkada\u015flar\u0131m\u0131z\u0131n her t\u00fcrl\u00fc sorunlar\u0131nda yanlar\u0131nda oldu\u011fumuzu bilmelerini isterim.\u201d dedi.<\/p>\n<p>VAKA \u00c7IKINCA YEME\u011e\u0130 BIRAKIP KO\u015eARAK G\u0130TT\u0130LER<\/p>\n<p>Kamu \u00e7al\u0131\u015fanlar\u0131 hak sendikas\u0131 konfederasyonu il temsilcili\u011finin sa\u011fl\u0131k \u00e7al\u0131\u015fanlar\u0131na verdi\u011fi iftar yeme\u011fi s\u0131ras\u0131nda ilgin\u00e7 birde olay ya\u015fand\u0131. Yeme\u011fe kat\u0131lan n\u00f6bet\u00e7i g\u00f6revli oldu\u011fu \u00f6\u011frenilen bir 112 ambulans ekibi yeme\u011fe hen\u00fcz ba\u015flam\u0131\u015flard\u0131 ki, ald\u0131klar\u0131 bir sa\u011fl\u0131k vakas\u0131 anonsu ile yemeklerini b\u0131rak\u0131p ko\u015farak yard\u0131ma ihtiyac\u0131 olan bir vatanda\u015f\u0131n bulundu\u011fu adrese h\u0131zla gittiler.<\/p>\n<p>Davetliler yenilen yeme\u011fin ard\u0131ndan bir s\u00fcre sohbet edip daha sonra ayr\u0131ld\u0131lar.<\/p>\n<h2 style='margin:20px 0;'>\u0130\u00e7erik Galerisi<\/h2>\n<p><img decoding=\"async\" src=\"wp-content\/uploads\/2016\/12\/386910976.jpg\" alt=\"Tekirda\u011f Haksen \u0130ftarda Bulu\u015ftu\" style=\"width:100%;\" \/><\/p>\n<p><img decoding=\"async\" src=\"wp-content\/uploads\/2016\/12\/601260454.jpg\" alt=\"Tekirda\u011f Haksen \u0130ftarda Bulu\u015ftu\" style=\"width:100%;\" \/><\/p>\n<p><img decoding=\"async\" src=\"wp-content\/uploads\/2016\/12\/739347454.jpg\" alt=\"Tekirda\u011f Haksen \u0130ftarda Bulu\u015ftu\" style=\"width:100%;\" \/><\/p>\n<p><img decoding=\"async\" src=\"wp-content\/uploads\/2016\/12\/753933454.jpg\" alt=\"Tekirda\u011f Haksen \u0130ftarda Bulu\u015ftu\" style=\"width:100%;\" \/><\/p>\n","protected":false},"excerpt":{"rendered":"<p>TEK\u0130RDA\u011e (\u0130HA) &#8211; Kamu \u00c7al\u0131\u015fanlar\u0131 Halk Sendikas\u0131 Konfederasyonu Tekirda\u011f il temsilcili\u011fi, \u00fcyelerine bir iftar yeme\u011fi verdi.<\/p>\n","protected":false},"author":1,"featured_media":2632,"comment_status":"closed","ping_status":"open","sticky":false,"template":"","format":"standard","meta":{"footnotes":""},"categories":[],"tags":[],"class_list":["post-2631","post","type-post","status-publish","format-standard","has-post-thumbnail"],"_links":{"self":[{"href":"https:\/\/haksen.org.tr\/index.php?rest_route=\/wp\/v2\/posts\/2631","targetHints":{"allow":["GET"]}}],"collection":[{"href":"https:\/\/haksen.org.tr\/index.php?rest_route=\/wp\/v2\/posts"}],"about":[{"href":"https:\/\/haksen.org.tr\/index.php?rest_route=\/wp\/v2\/types\/post"}],"author":[{"embeddable":true,"href":"https:\/\/haksen.org.tr\/index.php?rest_route=\/wp\/v2\/users\/1"}],"replies":[{"embeddable":true,"href":"https:\/\/haksen.org.tr\/index.php?rest_route=%2Fwp%2Fv2%2Fcomments&post=2631"}],"version-history":[{"count":0,"href":"https:\/\/haksen.org.tr\/index.php?rest_route=\/wp\/v2\/posts\/2631\/revisions"}],"wp:featuredmedia":[{"embeddable":true,"href":"https:\/\/haksen.org.tr\/index.php?rest_route=\/wp\/v2\/media\/2632"}],"wp:attachment":[{"href":"https:\/\/haksen.org.tr\/index.php?rest_route=%2Fwp%2Fv2%2Fmedia&parent=2631"}],"wp:term":[{"taxonomy":"category","embeddable":true,"href":"https:\/\/haksen.org.tr\/index.php?rest_route=%2Fwp%2Fv2%2Fcategories&post=2631"},{"taxonomy":"post_tag","embeddable":true,"href":"https:\/\/haksen.org.tr\/index.php?rest_route=%2Fwp%2Fv2%2Ftags&post=2631"}],"curies":[{"name":"wp","href":"https:\/\/api.w.org\/{rel}","templated":true}]}}