{"id":2616,"date":"2013-08-04T12:00:00","date_gmt":"2013-08-04T12:00:00","guid":{"rendered":"http:\/\/haksen.org.tr\/?p=2616"},"modified":"2013-08-04T12:00:00","modified_gmt":"2013-08-04T12:00:00","slug":"kahramanmaras-haksen-iftar-verdi","status":"publish","type":"post","link":"https:\/\/haksen.org.tr\/?p=2616","title":{"rendered":"Kahramanmara\u015f Haksen \u0130ftar Verdi"},"content":{"rendered":"<p>Kamu \u00c7al\u0131\u015fanlar\u0131 Hak Sendikalar\u0131 Konfederasyonu(HAKSEN)\u2019in Kahramanmara\u015f il te\u015fkilat\u0131 ve \u00fcyeleri, iftar program\u0131nda bulu\u015ftu.<\/p>\n<p> Haksen \u0130l Ba\u015fkan\u0131 Fahri Kurt, E\u011fitim Hak-Sen Kahramanmara\u015f S\u00fct\u00e7\u00fc \u0130mam \u00dcniversite Temsilcisi Cem Kapukaya, Sa\u011fl\u0131k Haksen \u0130l Ba\u015fkan\u0131 Olcay Kapukaya ve Yerel Haksen \u0130l Ba\u015fkan\u0131 \u0130brahim Altun taraf\u0131ndan organize edilen iftar yeme\u011fi Binevler\u2019de Metin Usta Restoran\u2019da ger\u00e7ekle\u015ftirildi.<\/p>\n<p>Davete Haksen eski ba\u015fkan\u0131 Dr.G\u00f6khan G\u00f6k\u015fen,KS\u00dc Tarih b\u00f6l\u00fcm\u00fcnden Yard.Do\u00e7.Dr.\u0130smail Alt\u0131n\u00f6z,K.Mara\u015f\u2019ta Bug\u00fcn Gazetesi m\u00fcd\u00fcrleri Faruk Aktemur ve Akif Aslan Beyler\u2019de kat\u0131ld\u0131lar.<\/p>\n<p>\u0130ftar yeme\u011fiyle a\u00e7\u0131klamada bulunan Hak-Sen K.Mara\u015f \u0130l Ba\u015fkan\u0131 Fahri Kurt,\u201dgeleneksel hale getirdi\u011fimiz iftar yeme\u011finde, \u00fcyelerimizi bir araya getirmek,tan\u0131\u015f\u0131p kayna\u015fmak istedik.B\u00f6ylesi m\u00fcbarek g\u00fcnlerin feyiz ve bereketinden ziyadesiyle faydalanmaya \u00e7al\u0131\u015f\u0131yoruz.Haksen, her ge\u00e7en g\u00fcn daha da g\u00fc\u00e7lenerek,g\u00fcc\u00fcn\u00fc herbak\u0131mdan hissettirmeye ba\u015flam\u0131\u015ft\u0131r.\u0130nan\u0131yorum ki ba\u011f\u0131ms\u0131z karakteri ve everensel ilkelerle y\u00fcr\u00fctt\u00fc\u011f\u00fc m\u00fccadelesi, \u00fclkemizin gelece\u011fi i\u00e7in umut vericidir.Ba\u015fka te\u015fkilatlar\u0131n ayr\u0131\u015ft\u0131r\u0131c\u0131,bask\u0131c\u0131 tutumuna kar\u015f\u0131 biz, daha ki\u015filikli,daha \u00f6zg\u00fcr,\u00f6zg\u00fcveni y\u00fcksek gelece\u011fe daha umutla bakan bir davran\u0131\u015f g\u00f6steriyoruz.Siyasi te\u015fekk\u00fcllere endeksli sendikac\u0131l\u0131k y\u00f6ntemleri, \u00e7al\u0131\u015fanlar\u0131n haklar\u0131n\u0131n gasp edilmesine,m\u00fccadele g\u00fc\u00e7lerinin k\u0131r\u0131lmas\u0131na neden olmu\u015ftur.Maraton ko\u015fucusu gibi biz sab\u0131rla,inan\u00e7la,tevekk\u00fclle,ilmin \u0131\u015f\u0131\u011f\u0131nda y\u00fcrekli ve tecr\u00fcbeli \u00fcyelerimizle yolumuza devam ediyoruz.Bizim sendikam\u0131z,T\u00fcrkiye\u2019nin mozai\u011fi,harman\u0131 olan bir sendikad\u0131r.En b\u00fcy\u00fck g\u00fcc\u00fcm\u00fcz ise \u00fcyelerimizdir.Hi\u00e7bir kimseyi,kurulu\u015fu koltuk de\u011fne\u011fi olarak kullanm\u0131yoruz.\u00c7\u00fcnk\u00fc kendi kendimize yetiyoruz,\u201d dedi.<\/p>\n<p>E\u011fitim Hak-Sen Kahramanmara\u015f S\u00fct\u00e7\u00fc \u0130mam \u00dcniversite Temsilcisi Cem Kapukaya da g\u00f6r\u00fc\u015flerini \u015f\u00f6yle ifade etti: &#8220;Hi\u00e7 bir siyasi partinin g\u00f6lgesine s\u0131\u011f\u0131nmadan, arka bah\u00e7esi olmadan, sadece ger\u00e7ek sendikac\u0131l\u0131k yapmak i\u00e7in \u00e7al\u0131\u015f\u0131yoruz. \u00dcyelerimizle bir aile gibiyiz. Haksen ailesiyle iftarda bulu\u015fmak ve aram\u0131zdaki ba\u011f\u0131 daha da kuvvetlendirmek i\u00e7in bu iftar\u0131 d\u00fczenledik. T\u00fcm \u00fcyelerimizin, Kahramanmara\u015f halk\u0131n\u0131n, T\u00fcrk Milletinin ve \u0130slam aleminin m\u00fcbarek ramazan aylar\u0131n\u0131 tebrik ediyorum. D\u00fcnyan\u0131n her yerinde zul\u00fcm g\u00f6ren, kan a\u011flayan M\u00fcsl\u00fcmanlar\u0131n bir an \u00f6nce felaha kavu\u015fmalar\u0131n\u0131 diliyorum&#8221; dedi.<\/p>\n<p>Samimi bir ortamda ge\u00e7en iftar program\u0131n\u0131n ard\u0131ndan Yerel Haksen \u0130l Ba\u015fkan\u0131 \u0130brahim Altun taraf\u0131ndan dua okundu. <\/p>\n<h2 style='margin:20px 0;'>\u0130\u00e7erik Galerisi<\/h2>\n<p><img decoding=\"async\" src=\"wp-content\/uploads\/2016\/12\/830591373.jpg\" alt=\"Kahramanmara\u015f Haksen \u0130ftar Verdi\" style=\"width:100%;\" \/><\/p>\n","protected":false},"excerpt":{"rendered":"<p>Kamu \u00c7al\u0131\u015fanlar\u0131 Hak Sendikalar\u0131 Konfederasyonu(HAKSEN)\u2019in Kahramanmara\u015f il te\u015fkilat\u0131 ve \u00fcyeleri, iftar program\u0131nda bulu\u015ftu.<\/p>\n","protected":false},"author":1,"featured_media":2617,"comment_status":"closed","ping_status":"open","sticky":false,"template":"","format":"standard","meta":{"footnotes":""},"categories":[],"tags":[],"class_list":["post-2616","post","type-post","status-publish","format-standard","has-post-thumbnail"],"_links":{"self":[{"href":"https:\/\/haksen.org.tr\/index.php?rest_route=\/wp\/v2\/posts\/2616","targetHints":{"allow":["GET"]}}],"collection":[{"href":"https:\/\/haksen.org.tr\/index.php?rest_route=\/wp\/v2\/posts"}],"about":[{"href":"https:\/\/haksen.org.tr\/index.php?rest_route=\/wp\/v2\/types\/post"}],"author":[{"embeddable":true,"href":"https:\/\/haksen.org.tr\/index.php?rest_route=\/wp\/v2\/users\/1"}],"replies":[{"embeddable":true,"href":"https:\/\/haksen.org.tr\/index.php?rest_route=%2Fwp%2Fv2%2Fcomments&post=2616"}],"version-history":[{"count":0,"href":"https:\/\/haksen.org.tr\/index.php?rest_route=\/wp\/v2\/posts\/2616\/revisions"}],"wp:featuredmedia":[{"embeddable":true,"href":"https:\/\/haksen.org.tr\/index.php?rest_route=\/wp\/v2\/media\/2617"}],"wp:attachment":[{"href":"https:\/\/haksen.org.tr\/index.php?rest_route=%2Fwp%2Fv2%2Fmedia&parent=2616"}],"wp:term":[{"taxonomy":"category","embeddable":true,"href":"https:\/\/haksen.org.tr\/index.php?rest_route=%2Fwp%2Fv2%2Fcategories&post=2616"},{"taxonomy":"post_tag","embeddable":true,"href":"https:\/\/haksen.org.tr\/index.php?rest_route=%2Fwp%2Fv2%2Ftags&post=2616"}],"curies":[{"name":"wp","href":"https:\/\/api.w.org\/{rel}","templated":true}]}}