{"id":2610,"date":"2013-08-01T12:00:00","date_gmt":"2013-08-01T12:00:00","guid":{"rendered":"http:\/\/haksen.org.tr\/?p=2610"},"modified":"2013-08-01T12:00:00","modified_gmt":"2013-08-01T12:00:00","slug":"tuik-4-c-personeli-eziliyor","status":"publish","type":"post","link":"https:\/\/haksen.org.tr\/?p=2610","title":{"rendered":"T\u00dc\u0130K 4\/C Personeli Eziliyor"},"content":{"rendered":"<p>Haksen Genel Ba\u015fkan\u0131 Ayhan \u00c7ivi, T\u00fcrkiye \u0130statistik Kurumu Ba\u015fkanl\u0131\u011f\u0131 \u00f6n\u00fcnde yapt\u0131\u011f\u0131 kitlesel a\u00e7\u0131klamada, T\u00dc\u0130K 4\/C personelin ezildi\u011fini s\u00f6yledi.<\/p>\n<p>Eyleme T\u00fcik personeli de b\u00fcy\u00fck ilgi g\u00f6sterdi. Konu\u015fmas\u0131 s\u0131k s\u0131k &#8220;kadro hakk\u0131m\u0131z s\u00f6ke s\u00f6ke al\u0131r\u0131z&#8221;, &#8220;insana sevgi eme\u011fe sayg\u0131&#8221; sloganlar\u0131yla kesilen Genel Ba\u015fkan Ayhan \u00c7ivi \u015funlar\u0131 s\u00f6yledi:<\/p>\n<p>Kamuoyu sadece 4\/C yi TEKEL le tan\u0131d\u0131lar sadece sanki 4\/C liler TEKEL de \u00e7al\u0131\u015f\u0131yorlar. \u00d6zelle\u015ftirmeden ge\u00e7enler sadece 4\/C li diye d\u00fc\u015f\u00fcn\u00fcyorlar. Hay\u0131r de\u011ferli arkada\u015flar T\u00fcrkiye de 41 y\u0131ld\u0131r bu zul\u00fcm devam ediyor. De\u011ferli arkada\u015flar \u00f6n\u00fcnde bulundu\u011fumuz (TU\u0130K) kurumun \u00e7at\u0131s\u0131 alt\u0131nda 41 senedir bu devam ediyor .41 senedir arkada\u015flar\u0131m\u0131z s\u00fcrekli g\u00f6revlerini yap\u0131yorlar. Ancak hala stat\u00fcleri ge\u00e7ici personel bu arkada\u015flar\u0131m\u0131z beraber kadrolu anket\u00f6rlerle beraber geceli g\u00fcnd\u00fczl\u00fc alanda \u00e7al\u0131\u015f\u0131yorlar ancak 15. S\u0131n\u0131f insan muamelesi g\u00f6r\u00fcyorlar. Biz bunu kabul etmiyoruz etmeyece\u011fiz.  Avrupa \u0130nsan Haklar\u0131 Mahkemesine yapt\u0131\u011f\u0131m\u0131z ba\u015fvuruyuyla  da in\u015fallah  bu konu \u00e7\u00f6z\u00fclecek. <\/p>\n<p>T\u00dcRK\u0130YE \u0130STAT\u0130ST\u0130K KURUMUNDAK\u0130 ADALETS\u0130ZL\u0130KLER .<\/p>\n<p>De\u011ferli arkada\u015flar\u0131m, bu kurumda s\u0131k\u0131nt\u0131lar\u0131n\u0131 s\u00f6ylemek de su\u00e7 kendini ifade etmek de su\u00e7 T\u00fcrkiye bir taraftan insan haklar\u0131 temelinde hak ve \u00f6zg\u00fcrl\u00fckler temelinde ad\u0131mlar atarken h\u00fck\u00fcmet anayasay\u0131 de\u011fi\u015ftirmeye \u00e7al\u0131\u015f\u0131rken maalesef TU\u0130K\u2019 te hakk\u0131n\u0131 aramak da su\u00e7 bu kurumda \u00f6zg\u00fcr bir \u015fekilde sendikay\u0131 se\u00e7mek de su\u00e7. Biz sendika olarak bir anket yapt\u0131k , arkada\u015flar\u0131m\u0131za herhangi bir sendika ayr\u0131m\u0131 yapmadan sorduk ve bu anket sonu\u00e7lar\u0131n\u0131 kamuoyuyla payla\u015ft\u0131k ve arkada\u015flar\u0131m\u0131z sorgu odalar\u0131na al\u0131nd\u0131lar. Siz bu anketlere niye kat\u0131ld\u0131n\u0131z, niye g\u00f6r\u00fc\u015flerinizi beyan ettiniz niye kurumu k\u00fc\u00e7\u00fck d\u00fc\u015f\u00fcrd\u00fcn\u00fcz yani \u015fimdi 41 senedir 4\/C liler mi kurumu k\u00fc\u00e7\u00fck d\u00fc\u015f\u00fcr\u00fcyor.<\/p>\n<p>De\u011ferli arkada\u015flar,  ge\u00e7en g\u00fcn SGK d\u00fczenledi\u011fi MOBB\u0130NG paneline kat\u0131ld\u0131k davetli olarak . Orada SGK Ba\u015fkan\u0131 bizzat \u00e7al\u0131\u015fanlara anket yapt\u0131rarak onlar\u0131n Mobbinge u\u011fray\u0131p u\u011framad\u0131klar\u0131n\u0131 tespit etmi\u015f. Buradan kendilerini tebrik ediyorum. Ve o panelde Mobbinge u\u011frayan bir arkada\u015f\u0131m\u0131z \u00e7\u0131kt\u0131 panelistlere soru sordu d\u00fc\u015f\u00fcncelerini ifade etti. <\/p>\n<p>Yani 4\/C li arkada\u015flar\u0131m\u0131z insan de\u011fil mi ?<br \/>\nOnlar\u0131n duygu ve d\u00fc\u015f\u00fcnceleri yok mu ?<br \/>\nOnlar\u0131n \u00e7ocuklar\u0131 yok mu ?<br \/>\nOnlar\u0131n gelecek beklentileri yok mu ?<br \/>\nBu arkada\u015flar\u0131m\u0131z devletin \u00e7al\u0131\u015fan\u0131 de\u011fil mi?<br \/>\nBu arkada\u015flar\u0131m\u0131z devlete hizmet etmiyor mu?<br \/>\nBu arkada\u015flar\u0131m\u0131z devletin memurudur, bu arkada\u015flar\u0131m\u0131z ne y\u00f6neticinin nede idarecinin memurudur. <\/p>\n<p>De\u011ferli arkada\u015flar, arkada\u015flar\u0131m\u0131z\u0131n g\u00fcnd\u00fcz alanlarda gece alanlarda hanelerde yaz s\u0131ca\u011f\u0131 demeden Ramazan demeden her t\u00fcrl\u00fc k\u0131\u015f \u015fartlar\u0131nda \u00e7al\u0131\u015f\u0131yorlar. Han\u0131m arkada\u015flar\u0131m\u0131z han\u0131mlar\u0131n normal olarak gidemeyecekleri ortamlarda i\u015f yerlerinde anket yap\u0131yorlar. Bu anketler Cumartesi ve Pazar ve \u00e7o\u011fu zaman ceplerinde yemek paras\u0131 dahi olmuyor, \u00e7o\u011fu zaman otob\u00fcs \u015fof\u00f6rleriyle tart\u0131\u015fma yap\u0131yorlar. \u00c7o\u011fu zaman kendi kimliklerini ispat etmek i\u00e7in gayret g\u00f6stermek zorunda kal\u0131yorlar. Ne i\u00e7in yap\u0131yorlar bu arkada\u015flar .  Devletin bundan sonra alaca\u011f\u0131 kararlar do\u011fru ve sa\u011fl\u0131k olsun devletimiz ve milletimiz bundan yararlans\u0131n diye yap\u0131yorlar. Peki bunlar\u0131 yap\u0131yorlar ama kar\u015f\u0131l\u0131\u011f\u0131nda  kocaman bir hi\u00e7 al\u0131yorlar. Sadece hi\u00e7 de\u011fil anket\u00f6r olarak hanede bir tart\u0131\u015fma ya\u015fad\u0131klar\u0131 zaman hakarete u\u011frad\u0131klar\u0131 zaman kendi kaderleriyle ba\u015f ba\u015falar. Hatta idareciler taraf\u0131ndan bunlar\u0131 sineye \u00e7ekmeleri noktas\u0131nda tavsiyede bulunuyor. De\u011ferli arkada\u015flar b\u00f6yle bir \u015fey olabilir mi? Kim hangi vatanda\u015f hangi s\u0131fatla bir kamu g\u00f6revlisine hakaret edebilir onu kovabilir onu rencide edebilir. Bu hakk\u0131 nerden al\u0131yorlar. Ey y\u00f6netim siz ne yap\u0131yorsunuz?<\/p>\n<p>De\u011ferli arkada\u015flar, TU\u0130K de kesinlikle evlenmemeniz gerekiyor, kesinlikle bir ailenizin olmamas\u0131 gerekiyor. Neden, \u00e7\u00fcnk\u00fc e\u015f durumundan tayin olma hakk\u0131n\u0131z yok. Var da torpillilere var. Herkese yok bu hak. Bak\u0131n de\u011ferli arkada\u015flar,  bizim bir \u00fcyemiz Ankara B\u00f6lge M\u00fcd\u00fcrl\u00fc\u011f\u00fcnde,  e\u015fi ise  \u00f6zel \u015firkette \u00e7al\u0131\u015f\u0131yor. \u015eirket  \u0130zmir\u2019 e nakil oldu mecburen i\u015fsiz kalmamak i\u00e7in bundan sonraki sigortas\u0131n\u0131 tamamlamak i\u00e7in oraya gitmek zorunda ama arkada\u015f\u0131m\u0131z gidemiyor. E\u015fi bu sebeple istifa etmek zorunda kald\u0131. Bu arkada\u015f\u0131m\u0131z hala Ankara B\u00f6lge M\u00fcd\u00fcrl\u00fc\u011f\u00fcnde \u00e7al\u0131\u015f\u0131yor. Neymi\u015f personel ihtiyac\u0131 varm\u0131\u015f d\u00fc\u015f\u00fcn\u00fclecekmi\u015f peki Ankara B\u00f6lge M\u00fcd\u00fcrl\u00fc\u011f\u00fcne d\u0131\u015far\u0131dan gelen 4 ki\u015fiye ne demeli. Bu arkada\u015flar\u0131m\u0131z\u0131n isimlerini  okumayaca\u011f\u0131m. Yapmayaca\u011f\u0131m tabi sayg\u0131mdan dolay\u0131 yapmayaca\u011f\u0131m \u00e7\u00fcnk\u00fc o arkada\u015flar\u0131m\u0131z gelmeleri gerekiyordu geldiler ho\u015f geldiler sefa geldiler.<\/p>\n<p> Ama ben burada bir ayr\u0131mc\u0131l\u0131ktan bahsetmek istiyorum. Neden HAKSEN \u00fcyesiymi\u015f b\u00f6yle bir \u015fey olabilir mi? Bu bizden \u00f6nce size emanettir bu sizin personeliniz bu konuda hadisi \u015ferif var der ki; \u00c7al\u0131\u015fan\u0131n al\u0131n teri kurumadan eme\u011finin hakk\u0131n\u0131 vereceksin. De\u011ferli arkada\u015flar elbette ben burada bu konunun detaylar\u0131na girmeyece\u011fim ama, bu arkada\u015f\u0131m\u0131z\u0131n makul talebi, yasal talebi kar\u015f\u0131lanmad\u0131\u011f\u0131 taktirde gerekli yerlere gerekli delillerle ben yasal ba\u015fvurumu da yapaca\u011f\u0131m  bu s\u00f6z\u00fcm\u00fc de buradan s\u00f6yl\u00fcyorum bunu yak\u0131nda da zaten hepiniz kamuoyunda da izlersiniz. Zira biz bu konuda bende \u015fahsen \u00e7ok gayret ettim \u00e7ok diyalog kurmaya \u00e7al\u0131\u015ft\u0131m. Maalesef bize de bu ayr\u0131mc\u0131l\u0131k yap\u0131ld\u0131\u011f\u0131 i\u00e7in \u00e7\u00f6zemedik ama yollar\u0131 vard\u0131r T\u00fcrkiye de hukuk vard\u0131r yarg\u0131 vard\u0131r yasa vard\u0131r her \u015feyin bir usul\u00fc ve yolu vard\u0131r. Yeter ki hakl\u0131yken haks\u0131z duruma d\u00fc\u015fmeyelim.<\/p>\n<p> De\u011ferli arkada\u015flar bizim taleplerimiz tamamen ya\u015fanm\u0131\u015fl\u0131ktan arkada\u015flar\u0131m\u0131z\u0131n \u00e7ekti\u011fi s\u0131k\u0131nt\u0131lardan kaynaklan\u0131r. Bir tane de y\u00f6netici \u00e7\u0131kar bunlar\u0131n hi\u00e7 biri yok der biz bunlar\u0131 yapm\u0131yoruz der bizim mahcup eder.<br \/>\nHer platformda onlarla biz bunu konu\u015fmaya tart\u0131\u015fmaya haz\u0131r\u0131z. Yani zannetmesinler biz buralarda konu\u015fuyoruz \u00e7ekip gidiyoruz. Bu g\u00f6r\u00fc\u015flerimizi iletmek randevu talep etmi\u015fizdir. ir Say\u0131n TU\u0130K Ba\u015fkan\u0131 uygun g\u00f6rmemi\u015ftir. TU\u0130K\u2019 teki 2. B\u00fcy\u00fck sendikan\u0131n Genel Ba\u015fkan\u0131yla g\u00f6r\u00fc\u015fmemi\u015ftir. \u00d6nemli de\u011fil,  biz \u00e7ay kahve i\u00e7meye merakl\u0131 de\u011filiz. Biz \u00e7al\u0131\u015fanlar\u0131n sorunlar\u0131n\u0131 anlatmak istiyoruz. Biz kurumun daha d\u00fczg\u00fcn y\u00f6netilmesini istiyoruz. Say\u0131n Ba\u015fkan siz itibar etmeyiniz istedi\u011finiz kadar \u00e7al\u0131\u015fanlar\u0131n\u0131z bize itibar ediyor bize g\u00fcveniyor bizde onlara inan\u0131yor ve g\u00fcveniyoruz.<\/p>\n<p>De\u011ferli arkada\u015flar,  TU\u0130K de y\u0131llard\u0131r anket say\u0131s\u0131 %50 %100 artarken personel say\u0131s\u0131na bak\u0131yorsunuz bu sene  2.500 adet kontenjan verilmi\u015f  ama bunun tamam\u0131 da kullan\u0131lm\u0131yor.  Di\u011fer taraftan da hayat\u0131nda hi\u00e7 alana \u00e7\u0131kmam\u0131\u015f 4\/C li anket\u00f6r personel var de\u011ferli arkada\u015flar. Bu hak m\u0131 adalet mi?  Bir taraftan birisi yanl\u0131\u015f anket yapt\u0131 diye  ekme\u011finden olacak di\u011feri b\u00fcro memurlu\u011fu yapacak . Siz bunlar\u0131 al\u0131rken de anket\u00f6r olarak alacaks\u0131n\u0131z Bakanlar Kuruluna b\u00f6yle bilgi vereceksiniz. De\u011ferli arkada\u015flar b\u00fct\u00fcn  merkezde \u00e7al\u0131\u015fan 4\/C li arkada\u015flar\u0131m\u0131z\u0131n periyodik olarak ankete \u00e7\u0131kmas\u0131n\u0131 istiyoruz. Bu HAKSEN \u00fcyesi de olabilir ba\u015fka sendikan\u0131n \u00fcyesi de olabilir. Hi\u00e7 kimseye ayr\u0131mc\u0131l\u0131k istemiyoruz. B\u00f6lgelerde b\u00fcro hizmetinde \u00e7al\u0131\u015fan alana \u00e7\u0131kmayan b\u00fct\u00fcn arkada\u015flar\u0131m\u0131z alana \u00e7\u0131kmal\u0131d\u0131r.<br \/>\n Di\u011fer \u00e7al\u0131\u015fanlarda biraz nefes almal\u0131d\u0131r. <\/p>\n<p>Di\u011fer \u00e7ok \u00f6nemli bir nokta arkada\u015flar\u0131m\u0131z g\u00fcnd\u00fcz ve gece anket yapt\u0131klar\u0131 yemiyormu\u015f gibi birde bu anketleri evlerinde veri giri\u015fi yap\u0131yorlar. B\u00f6yle bir \u015fey var m\u0131 ? Zaten arkada\u015flar\u0131m\u0131z ak\u015fama kadar bir s\u00fcr\u00fc problemlerle kar\u015f\u0131la\u015f\u0131yorlar evlerine gittiklerinde konu\u015facak halleri kalm\u0131yor ve bu arkada\u015flara veri giri\u015fi yapt\u0131r\u0131yorlar. B\u00f6lgelerde veri giri\u015fi servisleri yok mu? Yoksa eleman al\u0131n niye bu arkada\u015flara b\u00fct\u00fcn i\u015fleri yapt\u0131r\u0131yorsunuz.<\/p>\n<p> De\u011ferli arkada\u015flar ,  ger\u00e7ekten de sorunlar anlatmakla bitmiyor ancak biz bunlar\u0131 takip etmeye talep etmeye her konuda devam edece\u011fiz. Biz pek \u00e7ok haks\u0131zl\u0131k iddiam\u0131z\u0131  yarg\u0131da   kan\u0131tlad\u0131k sadece buradan konu\u015fup gitmiyoruz. \u00c7al\u0131\u015fanlar\u0131m\u0131z\u0131n fazla \u00e7al\u0131\u015fma \u00fccretleri emekli olduklar\u0131nda tazminata dahil edilmiyordu . Sekiz tane pe\u015f pe\u015fe dava kazand\u0131k. Kurum kendisi bunlar\u0131 eklemek zorunda kald\u0131. Demek ki gelin siz bizim ba\u015ftan s\u00f6ylediklerimize itibar edin. Hi\u00e7 bu m\u00fccadeleye de bu s\u0131k\u0131nt\u0131lara da arkada\u015flar\u0131m\u0131z gerek duymas\u0131n. <\/p>\n<p>De\u011ferli arkada\u015flar kat\u0131ld\u0131\u011f\u0131n\u0131z i\u00e7in bize destek verdi\u011finiz i\u00e7in hepinize \u00e7ok te\u015fekk\u00fcr ediyorum Sa\u011f olun var olun\u2026.<\/p>\n<h2 style='margin:20px 0;'>\u0130\u00e7erik Galerisi<\/h2>\n<p><img decoding=\"async\" src=\"wp-content\/uploads\/2016\/12\/715440966.JPG\" alt=\"T\u00dc\u0130K 4\/C Personeli Eziliyor\" style=\"width:100%;\" \/><\/p>\n<p><img decoding=\"async\" src=\"wp-content\/uploads\/2016\/12\/386126986.JPG\" alt=\"T\u00dc\u0130K 4\/C Personeli Eziliyor\" style=\"width:100%;\" \/><\/p>\n<p><img decoding=\"async\" src=\"wp-content\/uploads\/2016\/12\/124234281.JPG\" alt=\"T\u00dc\u0130K 4\/C Personeli Eziliyor\" style=\"width:100%;\" \/><\/p>\n<p><img decoding=\"async\" src=\"wp-content\/uploads\/2016\/12\/386321.JPG\" alt=\"T\u00dc\u0130K 4\/C Personeli Eziliyor\" style=\"width:100%;\" \/><\/p>\n","protected":false},"excerpt":{"rendered":"<p>Haksen Genel Ba\u015fkan\u0131 Ayhan \u00c7ivi, T\u00fcrkiye \u0130statistik Kurumunda \u00e7al\u0131\u015fan 4\/C personelin adaletsizlik , bask\u0131 ve i\u015f yo\u011funlu\u011fu alt\u0131nda ezildi\u011fini s\u00f6yledi.<\/p>\n","protected":false},"author":1,"featured_media":2615,"comment_status":"closed","ping_status":"open","sticky":false,"template":"","format":"standard","meta":{"footnotes":""},"categories":[],"tags":[],"class_list":["post-2610","post","type-post","status-publish","format-standard","has-post-thumbnail"],"_links":{"self":[{"href":"https:\/\/haksen.org.tr\/index.php?rest_route=\/wp\/v2\/posts\/2610","targetHints":{"allow":["GET"]}}],"collection":[{"href":"https:\/\/haksen.org.tr\/index.php?rest_route=\/wp\/v2\/posts"}],"about":[{"href":"https:\/\/haksen.org.tr\/index.php?rest_route=\/wp\/v2\/types\/post"}],"author":[{"embeddable":true,"href":"https:\/\/haksen.org.tr\/index.php?rest_route=\/wp\/v2\/users\/1"}],"replies":[{"embeddable":true,"href":"https:\/\/haksen.org.tr\/index.php?rest_route=%2Fwp%2Fv2%2Fcomments&post=2610"}],"version-history":[{"count":0,"href":"https:\/\/haksen.org.tr\/index.php?rest_route=\/wp\/v2\/posts\/2610\/revisions"}],"wp:featuredmedia":[{"embeddable":true,"href":"https:\/\/haksen.org.tr\/index.php?rest_route=\/wp\/v2\/media\/2615"}],"wp:attachment":[{"href":"https:\/\/haksen.org.tr\/index.php?rest_route=%2Fwp%2Fv2%2Fmedia&parent=2610"}],"wp:term":[{"taxonomy":"category","embeddable":true,"href":"https:\/\/haksen.org.tr\/index.php?rest_route=%2Fwp%2Fv2%2Fcategories&post=2610"},{"taxonomy":"post_tag","embeddable":true,"href":"https:\/\/haksen.org.tr\/index.php?rest_route=%2Fwp%2Fv2%2Ftags&post=2610"}],"curies":[{"name":"wp","href":"https:\/\/api.w.org\/{rel}","templated":true}]}}