{"id":2607,"date":"2013-08-01T12:00:00","date_gmt":"2013-08-01T12:00:00","guid":{"rendered":"http:\/\/haksen.org.tr\/?p=2607"},"modified":"2013-08-01T12:00:00","modified_gmt":"2013-08-01T12:00:00","slug":"haksen--toplu-sozlesme-taleplerini-acikladi","status":"publish","type":"post","link":"https:\/\/haksen.org.tr\/?p=2607","title":{"rendered":"HAKSEN, Toplu S\u00f6zle\u015fme Taleplerini A\u00e7\u0131klad\u0131"},"content":{"rendered":"<p>Haksen Genel Ba\u015fkan\u0131 Ayhan \u00c7ivi , \u00fcyelerin kat\u0131l\u0131m\u0131 ile yap\u0131lan eylemde konfederasyonun toplu s\u00f6zle\u015fme masas\u0131nda h\u00fck\u00fcmetten taleplerini a\u00e7\u0131klad\u0131.<\/p>\n<p>\u00c7ivi, \u00f6ncelikle ek \u00f6demelerin emekli ayl\u0131klar\u0131na dahil edilmesi, enflasyon + b\u00fcy\u00fcme oran\u0131 kadar maa\u015f art\u0131\u015f\u0131 ve kazan\u0131lm\u0131\u015f haklar\u0131n korunmas\u0131na dair g\u00fcvence istediklerini s\u00f6yledi.<\/p>\n<p>4\/C pesonelin kadro konusunun toplu s\u00f6zle\u015fme ile karar alt\u0131na al\u0131namayaca\u011f\u0131n\u0131 hat\u0131rlatan \u00c7ivi, yasa gere\u011fince pazarl\u0131k konusu yap\u0131labilecek taleplerin g\u00fcndeme getirilmesini istedi.<\/p>\n<p>\u00c7ivi, 4\/C personele ek \u00f6deme yasa\u011f\u0131n\u0131n kald\u0131r\u0131lmas\u0131n\u0131, aile yard\u0131m\u0131 ve k\u0131dem \u00fccreti \u00f6denmesini talpe etti.<\/p>\n<p>&#8220;<a href=\" https:\/\/vimeo.com\/71508805\"> BASIN A\u00c7IKLAMASINI \u0130ZLEMEK \u0130\u00c7\u0130N TIKLAYINIZ<\/a>&#8221;<\/p>\n<p>A\u00c7IKLAMANIN METN\u0130 A\u015eA\u011eIDA SUNULMU\u015eTUR.<\/p>\n<p>De\u011ferli bas\u0131n mensuplar\u0131,<\/p>\n<p>Kamu \u00c7al\u0131\u015fanlar\u0131 Hak Sendikalar\u0131 Konfederasyonunun de\u011ferli y\u00f6neticileri ve de\u011ferli \u00fcyeleri,  kitlesel bas\u0131n a\u00e7\u0131klamam\u0131za ho\u015f geldiniz. Yar\u0131n hepimiz i\u00e7in, memurlar ve memur emekliler i\u00e7in \u00e7ok \u00f6nemli bir s\u00fcre\u00e7 ba\u015fl\u0131yor. Kamu \u00e7al\u0131\u015fanlar\u0131 tarihinde ikinci defa  h\u00fck\u00fcmetle Toplu S\u00f6zle\u015fme Masas\u0131na oturuluyor. Biz bu Toplu S\u00f6zle\u015fme Masas\u0131nda HAKSEN\u2019 in taleplerini belirledik bu talepler ne klas\u00f6rler dolusu yaz\u0131lar nede kasetler dolusu s\u00f6zler, \u00e7ok basit birka\u00e7 tane talebimiz var. Bu talepler i\u00e7in \u00e7ok fazla \u00e7al\u0131\u015fmaya da gerek yok, bu talepler sendikam\u0131z\u0131n talepleri de\u011fil. Bu talepler 2.5 Milyon memur ve 3 Milyon emeklinin talebidir. Zira, biz sendika y\u00f6neticileri i\u00e7in talep de bulunmuyoruz \u00e7al\u0131\u015fanlar i\u00e7in talep de bulunuyoruz. Onlar\u0131n \u00f6nceli\u011fi neyse HAKSEN\u2019 in de \u00f6nceli\u011fi odur. Masaya oturacak sendikalara bir tavsiyemiz var.<\/p>\n<p>Art\u0131k \u015fu ayr\u0131l\u0131\u011fa gayr\u0131l\u0131\u011fa ve talep yar\u0131\u015f\u0131na son verin. Taleplerinizi netle\u015ftirin aran\u0131zda anla\u015f\u0131n o masaya birlikte oturun ve o masadan birlikte kalk\u0131n \u00e7al\u0131\u015fanlar sizden bunu bekliyor. O masa da 5,5 milyon insan\u0131n vebali hepinizin boyunlar\u0131nda olacakt\u0131r. Bu m\u00fcbarek Ramazan g\u00fcn\u00fc size bunu hat\u0131rlat\u0131yorum. HAKSEN olarak biz ge\u00e7en sene ki filmi seyretmek istemiyoruz. Ge\u00e7en sene ki ya\u015fananlar\u0131 izlemek istemiyoruz. Biz bu sene ger\u00e7ek anlamda Toplu S\u00f6zle\u015fme istiyoruz ger\u00e7ek anlamda pazarl\u0131k ve m\u00fczakere istiyoruz.<\/p>\n<p>De\u011ferli Arkada\u015flar HAKSEN\u2019 in talepleri:<\/p>\n<p>1-EK \u00d6DEMELER EMEKL\u0130 AYLI\u011eIN DAH\u0130L ED\u0130LS\u0130N. <\/p>\n<p>Ek \u00f6demeler emekli ayl\u0131\u011f\u0131na yans\u0131t\u0131ls\u0131n. \u00c7\u00fcnk\u00fc  \u00e7al\u0131\u015fanlar emekli olduktan sonra mevcut ald\u0131klar\u0131 maa\u015f\u0131n ancak yar\u0131s\u0131n\u0131 alabiliyorlar. Bu polis memurlar\u0131nda %45\u2019e kadar iniyor. Maliye, e\u011fitim ve sa\u011fl\u0131k \u00e7al\u0131\u015fanlar\u0131nda maalesef b\u00fcy\u00fck \u00f6l\u00e7\u00fcde maa\u015f kay\u0131plar\u0131na u\u011fruyorlar \u00e7al\u0131\u015fanlar. \u0130kinci bir i\u015f bulamadan emekli olam\u0131yorlar. \u00d6zellikle bunun masada \u00f6ncelikle ortaya konulmas\u0131 gerekiyor, bunun mutlak suretle bu talebin \u0131srarla s\u00fcrd\u00fcr\u00fclmesi gerekiyor.<\/p>\n<p>2-ENFLASYON + B\u00dcY\u00dcME KADAR MAA\u015e ARTI\u015eI VER\u0130LS\u0130N.<\/p>\n<p> Sendikalar\u0131m\u0131z farkl\u0131 y\u00fczdelik zam oranla masaya oturuyorlar.  Bu kadar hesaba kitaba gerek yok. Bizim i\u015fverenimiz vatanda\u015flar\u0131m\u0131z sadece devlet de\u011fil biz taleplerimizi vatanda\u015flar\u0131m\u0131z\u0131n nezdinde de kabul ettirmek zorunday\u0131z. Makul, mant\u0131kl\u0131 ger\u00e7ek\u00e7i  taleplerle masaya oturmak zorunday\u0131z. Onun i\u00e7in diyoruz ki bu \u00fclkede enflasyon ne kadarsa T\u00fcrkiye ne kadar b\u00fcy\u00fcm\u00fc\u015fse bizde vatanda\u015f olarak o kadar maa\u015f art\u0131\u015f\u0131 istiyoruz.<\/p>\n<p>3-KAZANILMI\u015e HAKLAR G\u00dcVENCE ALTINA ALINSIN.<\/p>\n<p>De\u011ferli arkada\u015flar bu g\u00fcne kadar Kamu \u00c7al\u0131\u015fanlar\u0131 pek \u00e7ok kazan\u0131lm\u0131\u015f hakk\u0131n\u0131 kaybetti. Ge\u00e7en sene sendikalar A\u011fustos ay\u0131nda Toplu S\u00f6zle\u015fme yapt\u0131lar. Ocak ay\u0131nda \u00e7al\u0131\u015fanlar fazla mesailerini kaybettiler. Yani Toplu S\u00f6zle\u015fmeye bak\u0131n siz \u00f6nce \u00e7al\u0131\u015fanlar\u0131n kazand\u0131klar\u0131na sahip \u00e7\u0131k\u0131n, kazan\u0131lm\u0131\u015f haklar\u0131n\u0131 koruyun. Onun i\u00e7in  Toplu S\u00f6zle\u015fme masas\u0131nda bir taahh\u00fct istiyoruz. Bundan sonra kamu \u00e7al\u0131\u015fanlar\u0131n\u0131n kazan\u0131lm\u0131\u015f haklar\u0131nda geriye g\u00f6t\u00fcr\u00fcc\u00fc eksiltici kesinlikle bir d\u00fczenleme yap\u0131lmamal\u0131d\u0131r. Bunu h\u00fck\u00fcmet sendikalara taahh\u00fct etmelidir. <\/p>\n<p>4\/C PERSONEL \u0130\u00c7\u0130N TALEPLER\u0130M\u0130Z.<\/p>\n<p>Ger\u00e7ekten de bu \u00e7a\u011fda \u00fclkemize yak\u0131\u015fmayan \u00e7al\u0131\u015fma ya\u015fam\u0131na uluslararas\u0131 s\u00f6zle\u015fmelere uygun olmayan bir stat\u00fc vard\u0131r T\u00fcrkiye de de\u011ferli arkada\u015flar. Hatta birka\u00e7 tane vard\u0131r. Kadrolu vard\u0131r kadro kar\u015f\u0131l\u0131\u011f\u0131 s\u00f6zle\u015fmeli vard\u0131r, 4\/B\u2019li vard\u0131r birde 4\/C\u2019li vard\u0131r. 4\/C li arkada\u015flar\u0131m\u0131z ger\u00e7ekten de d\u00fcnyan\u0131n hi\u00e7bir yerinde olmayan bir mevzuatla kamuda istihdam ediliyor bunun ad\u0131 k\u00f6lelik d\u00fczenidir. Art\u0131k bu k\u00f6lelik d\u00fczeni \u00e7a\u011fda\u015f T\u00fcrkiye Cumhuriyeti Devletinde son bulmal\u0131d\u0131r. Sendikalar\u0131m\u0131z diyorlar ki Toplu S\u00f6zle\u015fme masas\u0131nda 4\/C konusunu masaya yat\u0131raca\u011f\u0131z. Masaya yat\u0131ramazs\u0131n\u0131z . Siz Torba Yasas\u0131 \u00e7\u0131karken tepkilerinizi koyacakt\u0131n\u0131z, 96 Bin s\u00f6zle\u015fmeliye kadro verilirken siz neredeydiniz. Diyanette \u00e7al\u0131\u015fan Vekil \u0130mamlara kadro verilirken siz neredeydiniz \u015fimdi mi akl\u0131n\u0131z ba\u015f\u0131n\u0131za geldi. \u015eimdi siz insanlar\u0131n g\u00f6z\u00fcn\u00fcn i\u00e7ine baka baka olmayacak duaya Amin, demelerini bekliyorsunuz.<\/p>\n<p>Toplu S\u00f6zle\u015fme masas\u0131 \u00e7ok a\u00e7\u0131k bunu ben s\u00f6ylemiyorum devletin yasalar\u0131 s\u00f6yl\u00fcyor. \u00c7al\u0131\u015fanlar\u0131n, emeklilerin 2014-2015 y\u0131l\u0131 i\u00e7in mali ve sosyal haklar\u0131 ile ilgili pazarl\u0131k yap\u0131labilir. Bunu d\u0131\u015f\u0131nda hi\u00e7bir teklif getirilemez. Hakem kurulu itiraz edilemez, hakem kurulu itirazlar\u0131 incelemez de\u011ferli arkada\u015flar. Onun i\u00e7in b\u0131rak\u0131n safsatalar\u0131 insanlara kar\u015f\u0131 d\u00fcr\u00fcst olun samimi olun. E\u011fer bir \u015fey isteyecekseniz hukuka ve vicdana uygun taleplerde bulunun.<\/p>\n<p>4-EK \u00d6DEME 4\/C PERSONELE DE VER\u0130LS\u0130N.<\/p>\n<p>Biz 4\/C li arkada\u015flar\u0131m\u0131z i\u00e7in \u015funu istiyoruz t\u00fcm ek \u00f6demeler t\u00fcm kamu kurumunda \u00e7al\u0131\u015fan 4\/C li arkada\u015flara \u00f6densin. 4\/C lilerle ilgili \u00f6yle bir d\u00fczenleme var ki 4\/C li arkada\u015flara maa\u015f d\u0131\u015f\u0131nda bir \u015fey \u00f6denmesi yasak, b\u00f6yle bir yasak kapsam\u0131nda bu arkada\u015flar\u0131m\u0131z. Ayn\u0131 odada, ayn\u0131 alanda, ayn\u0131 hanede anket yap\u0131yor kadrolu personelle beraber ancak maa\u015f d\u0131\u015f\u0131nda s\u00f6zle\u015fme \u00fccreti d\u0131\u015f\u0131nda oda a\u00e7l\u0131k s\u0131n\u0131r\u0131n\u0131n alt\u0131nda bir \u00fccretle \u00e7al\u0131\u015fmak zorunda kal\u0131yor. Nerede kald\u0131 adalet nerede kald\u0131 sosyal hukuk devleti.<\/p>\n<p>5-A\u0130LE YARDIMI \u00d6DENS\u0130N.<\/p>\n<p>Bu arkada\u015flar\u0131m\u0131z\u0131n e\u015fleri, \u00e7ocuklar\u0131 ve medeni bir hukuka g\u00f6re aileleri var. Devlet onlara yuva hakk\u0131n\u0131 vermi\u015f ama aile yard\u0131m\u0131 vermiyorlar. De\u011ferli arkada\u015flar b\u00f6yle bir \u015fey olabilir mi? Hangi akla hangi vicdana s\u0131\u011far bu, Devlet daha \u00f6nce s\u00f6z verdi Say\u0131n Bakan \u00e7\u0131kt\u0131 bir Konfederasyon ba\u015fkan\u0131 ile beraber m\u00fcjde verdi. \u0130ki sene \u00f6nce hala ortada bir \u015fey yok art\u0131k ger\u00e7ekten de bu haks\u0131zl\u0131k sona ermeli arkada\u015flar\u0131m\u0131za yap\u0131lan haks\u0131zl\u0131k ailelerine de yap\u0131lmamal\u0131 ve arkada\u015flar\u0131m\u0131za aile yard\u0131m\u0131 derhal toplu s\u00f6zle\u015fmeyle beraber \u00f6denmelidir.<\/p>\n<p>6-KIDEM \u00dcCRET\u0130 \u00d6DENS\u0130N.<\/p>\n<p> 4\/C li personelin bir y\u0131ld\u0131r \u00e7al\u0131\u015fan\u0131 var, 5 y\u0131ld\u0131r \u00e7al\u0131\u015fan\u0131 var, 10 y\u0131ld\u0131r \u00e7al\u0131\u015fan\u0131 var, 15 y\u0131ld\u0131r \u00e7al\u0131\u015fan\u0131 var, 20 y\u0131ld\u0131r \u00e7al\u0131\u015fan\u0131 var 25 y\u0131ld\u0131r \u00e7al\u0131\u015fan\u0131 var. 10 sene de emekli olan\u0131 var de\u011ferli arkada\u015flar ama hepsi ayn\u0131 \u00fccreti al\u0131yorlar. Yani bu arkada\u015flar\u0131m\u0131z klonlanm\u0131\u015f gibi sanki ayn\u0131 insan, ayn\u0131 ki\u015fi sadece tahsilde farkl\u0131l\u0131k var k\u0131demleri g\u00f6z \u00fcn\u00fcne al\u0131nm\u0131yor. <\/p>\n<h2 style='margin:20px 0;'>\u0130\u00e7erik Galerisi<\/h2>\n<p><img decoding=\"async\" src=\"wp-content\/uploads\/2016\/12\/235156347.JPG\" alt=\"HAKSEN, Toplu S\u00f6zle\u015fme Taleplerini A\u00e7\u0131klad\u0131\" style=\"width:100%;\" \/><\/p>\n","protected":false},"excerpt":{"rendered":"<p>Haksen Genel Ba\u015fkan\u0131 Ayhan \u00c7ivi  Konfederasyonun Toplu S\u00f6zle\u015fmedeki taleplerini T\u00dc\u0130K \u00f6n\u00fcndeki eylemde a\u00e7\u0131klad\u0131.<\/p>\n","protected":false},"author":1,"featured_media":2608,"comment_status":"closed","ping_status":"open","sticky":false,"template":"","format":"standard","meta":{"footnotes":""},"categories":[],"tags":[],"class_list":["post-2607","post","type-post","status-publish","format-standard","has-post-thumbnail"],"_links":{"self":[{"href":"https:\/\/haksen.org.tr\/index.php?rest_route=\/wp\/v2\/posts\/2607","targetHints":{"allow":["GET"]}}],"collection":[{"href":"https:\/\/haksen.org.tr\/index.php?rest_route=\/wp\/v2\/posts"}],"about":[{"href":"https:\/\/haksen.org.tr\/index.php?rest_route=\/wp\/v2\/types\/post"}],"author":[{"embeddable":true,"href":"https:\/\/haksen.org.tr\/index.php?rest_route=\/wp\/v2\/users\/1"}],"replies":[{"embeddable":true,"href":"https:\/\/haksen.org.tr\/index.php?rest_route=%2Fwp%2Fv2%2Fcomments&post=2607"}],"version-history":[{"count":0,"href":"https:\/\/haksen.org.tr\/index.php?rest_route=\/wp\/v2\/posts\/2607\/revisions"}],"wp:featuredmedia":[{"embeddable":true,"href":"https:\/\/haksen.org.tr\/index.php?rest_route=\/wp\/v2\/media\/2608"}],"wp:attachment":[{"href":"https:\/\/haksen.org.tr\/index.php?rest_route=%2Fwp%2Fv2%2Fmedia&parent=2607"}],"wp:term":[{"taxonomy":"category","embeddable":true,"href":"https:\/\/haksen.org.tr\/index.php?rest_route=%2Fwp%2Fv2%2Fcategories&post=2607"},{"taxonomy":"post_tag","embeddable":true,"href":"https:\/\/haksen.org.tr\/index.php?rest_route=%2Fwp%2Fv2%2Ftags&post=2607"}],"curies":[{"name":"wp","href":"https:\/\/api.w.org\/{rel}","templated":true}]}}