{"id":2605,"date":"2013-07-29T12:00:00","date_gmt":"2013-07-29T12:00:00","guid":{"rendered":"http:\/\/haksen.org.tr\/?p=2605"},"modified":"2013-07-29T12:00:00","modified_gmt":"2013-07-29T12:00:00","slug":"civi-toplu-sozlesme-gorusmelerini-degerlendirdi","status":"publish","type":"post","link":"https:\/\/haksen.org.tr\/?p=2605","title":{"rendered":"\u00c7ivi,Toplu S\u00f6zle\u015fme G\u00f6r\u00fc\u015fmelerini De\u011ferlendirdi"},"content":{"rendered":"<p>&#8220;<a href=\"https:\/\/vimeo.com\/71209609\"> YAYININ V\u0130DEOSUNU \u0130ZLEMEK \u0130\u00c7\u0130N TIKLAYINIZ<\/a>&#8221;<\/p>\n<p>Videoyu izleme imkan\u0131 bulunmayanlar i\u00e7in program\u0131n de\u015fifresi a\u015fa\u011f\u0131da sunulmu\u015ftur.<\/p>\n<p>EMRE SAKLICA: Torba kanunun sizin hayat\u0131n\u0131zda neleri de\u011fi\u015ftirecek?<\/p>\n<p>GENEL BA\u015eKAN: Biz daha \u00f6ncede bu programda yapt\u0131\u011f\u0131m\u0131z de\u011ferlendirmelerde asl\u0131nda \u00c7al\u0131\u015fma Bakanl\u0131\u011f\u0131n\u0131n 657 say\u0131l\u0131 yasada stat\u00fc farkl\u0131l\u0131klar\u0131n\u0131n ortadan kald\u0131racak ger\u00e7ekten de \u00e7al\u0131\u015fma \u015fekillerini teke indirecek bir d\u00fczenleme yap\u0131laca\u011f\u0131 konu\u015fuluyordu. Ancak o zaman da bunun art\u0131k teknik olarak m\u00fcmk\u00fcn olmad\u0131\u011f\u0131n\u0131, bu yasan\u0131n daha ziyade 657 de ve baz\u0131 yasalar da r\u00f6tu\u015f anlam\u0131na gelece\u011fini s\u00f6ylemi\u015ftik. Esas burada kamu \u00e7al\u0131\u015fanlar\u0131n\u0131n bekledi\u011fi nokta kadro konusuydu. S\u00f6zle\u015fmeli personel ve 4\/C personelin. En son noktada 96.000 s\u00f6zle\u015fmeli personel kadroya ge\u00e7irilecek.   3 ay i\u00e7erisinde m\u00fcracaatlar\u0131 halinde. Bunun d\u0131\u015f\u0131nda kamu \u00e7al\u0131\u015fanlar\u0131 a\u00e7\u0131s\u0131ndan stat\u00fclerinde \u00f6zl\u00fck haklar\u0131nda kariyerle ilgili konularda bir de\u011fi\u015fiklik olmad\u0131. Burada esas nokta 96.000 personelin kadroya ge\u00e7irilmesi.<\/p>\n<p>EMRE SAKLICA: Toplu s\u00f6zle\u015fme d\u00f6nemi yakla\u015f\u0131yor.  1 A\u011fustos tarihi ile g\u00f6r\u00fc\u015fmeler yap\u0131lacak ve masan\u0131n \u015feklini de yine sizinle konu\u015fal\u0131m dilerseniz ve sizlerin asl\u0131nda ki o masada de\u011filsiniz memurlar olarak ne gibi beklentileriniz var.  HAKSEN olarak bu d\u00f6nemde neler bekliyorsunuz. Bu toplu s\u00f6zle\u015fme masas\u0131nda ve ne kadar\u0131 \u00e7\u0131kabilir ge\u00e7ti\u011fimiz d\u00f6nemde o masaya y\u00f6nelik \u00e7ok ele\u015ftirinizde olmu\u015ftu asl\u0131nda. Bu programda da hepsini konu\u015fmu\u015ftuk. Bu seneye geldi\u011fimiz de nas\u0131l bir pencereden bak\u0131yorsunuz?<\/p>\n<p>GENELBA\u015eKAN: Bu sene b\u00fcy\u00fck \u00f6l\u00e7\u00fcde 4\/C\u2019li personelin kadro olmamas\u0131ndan dolay\u0131 beklentiler var ancak bunun yan\u0131nda kamu \u00e7al\u0131\u015fanlar\u0131 a\u00e7\u0131s\u0131ndan asl\u0131nda ge\u00e7en y\u0131lki toplu s\u00f6zle\u015fme masas\u0131n\u0131n d\u00fczeninin bu seneden fark\u0131 yok. Yani yine bu y\u0131lda MEMURSEN yetkili konfederasyon olarak konfederasyonlar\u0131 temsilen bulunacak KESK ve KAMUSEN, Kamusen\u2019in herhangi bir hizmet kolunda yetkisi yok ama en \u00e7ok \u00fcyeye sahip \u00fc\u00e7 konfederasyon dendi\u011fi i\u00e7in onlarda bulunacaklar. \u0130\u015f kollar\u0131 baz\u0131nda da sadece Kesk\u2019in K\u00fclt\u00fcr i\u015f kolunda yetkisi var. Dolay\u0131s\u0131yla burada 10+1 sistemi diyebiliriz. 10 MEMURSEN ve 1 KESK.\u00dc\u00e7 konfederasyon oturacaklar ve benim \u00f6ng\u00f6r\u00fcm ge\u00e7en y\u0131lkinden farkl\u0131 bir tablo izlemeyece\u011fiz. Zira burada bakt\u0131\u011f\u0131m\u0131z zaman \u015furada 15 g\u00fcn sonra toplu s\u00f6zle\u015fme g\u00f6r\u00fc\u015fmeleri ba\u015fl\u0131yor. Hen\u00fcz daha bu \u00fc\u00e7 konfederasyonumuz kendi aras\u0131nda bir araya gelmi\u015f de\u011filler. Bizim ba\u015ftan beri \u0131srarla \u00fczerinde durdu\u011fumuz nokta taleplerin tekille\u015ftirilmesiydi. Konfederasyonlar farkl\u0131 talepler farkl\u0131 gerek\u00e7elerle o masaya oturduklar\u0131nda maalesef uyu\u015fmazl\u0131k olma ihtimali \u00e7ok daha fazla oluyor.  \u00c7al\u0131\u015fanlar\u0131 temsilen siz taleplerde anla\u015famam\u0131\u015fsan\u0131z bu h\u00fck\u00fcmetin i\u015fini kolayla\u015ft\u0131r\u0131yor. Bu senede bakt\u0131\u011f\u0131m\u0131z da yine bu konuda herhangi bir s\u00f6z ve talep birli\u011fi ve bu talepler kar\u015f\u0131lanmad\u0131\u011f\u0131nda ne yap\u0131laca\u011f\u0131na ili\u015fkin hen\u00fcz bir ortak bir irade ortaya koymad\u0131lar.<\/p>\n<p>EMRE SAKLICA: Belki de konfederasyonlar\u0131n yap\u0131s\u0131yla da ilgili olabilir bir noktada. \u00c7\u00fcnk\u00fc tamamen siyasi a\u00e7\u0131dan da farkl\u0131 noktalarda ve farkl\u0131 boyutlarda geliyor asl\u0131nda yani dedi\u011finiz gibi kamu \u00e7al\u0131\u015fanlar\u0131n\u0131n ama\u00e7lar\u0131nda en iyi noktaya eri\u015febilmek i\u00e7in genelde y\u0131llard\u0131r bir ortak payda bulunam\u0131yor ve hep konfederasyonlar\u0131n ayr\u0131 g\u00f6r\u00fc\u015f\u00fc belki de bu masay\u0131 zay\u0131flat\u0131yor. Nas\u0131l \u00e7\u00f6z\u00fclebilir? <\/p>\n<p>GENEL BA\u015eKAN: Burada \u00f6nemli olan \u015fu bence sendikalar\u0131m\u0131z\u0131n yakla\u015f\u0131mlar\u0131n\u0131 de\u011fi\u015ftirmeleri gerekiyor. Yani bir y\u00f6ntem ba\u015far\u0131s\u0131z oluyorsa bunu g\u00f6zden ge\u00e7irmek gerekiyor. Orada b\u00fct\u00fcn memurlar gidip masaya oturamayacaklar\u0131na g\u00f6re, bundan sonraki y\u0131llarda da orada sendikalar olaca\u011f\u0131na g\u00f6re yakla\u015f\u0131m\u0131 ve tarz\u0131 de\u011fi\u015ftirmek laz\u0131m. Kamuoyu deste\u011fini almadan kamuoyu nezdinde taleplerinizi makul ve mant\u0131kl\u0131 olarak kamuoyuna izah etmeden o masaya oturuldu\u011funda sanki memurlar hak etmedi\u011fi pek \u00e7ok \u015fey talep ediyormu\u015f gibi biz izlenim uyan\u0131yor. Kamuda memura kar\u015f\u0131 bir yakla\u015f\u0131m var bir alg\u0131 olu\u015fturulmu\u015f ama burada sendikalar\u0131m\u0131z zam oranlar\u0131nda da dahi farkl\u0131 yakla\u015f\u0131mlar g\u00f6steriyorlar. Hepimizi mutlu edecek kamuoyu deste\u011fini de arkam\u0131za alaca\u011f\u0131m\u0131z bir \u00f6nerim var. B\u0131rak\u0131n dosyalarla falan o masaya oturmay\u0131.  15 g\u00fcn m\u00fc var?  T\u00fcrkiye ne kadar b\u00fcy\u00fcm\u00fc\u015f vatanda\u015f olarak bu b\u00fcy\u00fcmeden pay almam\u0131z gerekiyor.  Y\u00fczde 5 b\u00fcy\u00fcm\u00fc\u015f koyal\u0131m 5 i bir tarafa. Enflasyon ne kadar olmu\u015f y\u00fczde 9 olmu\u015f.  Dokuz art\u0131 be\u015f ond\u00f6rt yapar. Bundan daha demokratik daha makul mant\u0131kl\u0131 bir talep olabilir mi? Memurun fakirle\u015fmesinin \u00f6n\u00fcne ge\u00e7iyor zenginle\u015ftirmeyi b\u0131rak\u0131n. Ancak bak\u0131yoruz, y\u00fczde 20-25\u2019lik oranlarla masaya oturuluyor. \u0130\u015fte 4+4, 3+3. Mesela h\u00fck\u00fcmet \u015fu anda kamu i\u015f\u00e7ileriyle masada biliyorsunuz. Orada da \u00f6nerilen 4+4 ama tabi temel \u00fccretlerde baz\u0131 iyile\u015ftirmeler ciddi iyile\u015ftirmeler var.<\/p>\n<p>EMRE SAKLICA: O masa biraz daha iyi diyebilir miyiz?  \u015euanda al\u0131nan sonu\u00e7lar nedeniyle.<\/p>\n<p>GENEL BA\u015eKAN: Bence iyi. O masa memurlara g\u00f6re ba\u015flang\u0131\u00e7 olarak \u00e7ok iyi noktada. Burada ba\u015fka bir hata da Emre bey toplu s\u00f6zle\u015fme d\u00fczeni 30 g\u00fcn ama bunun 8 g\u00fcn\u00fc itirazla ve onun de\u011ferlendirilmesi ile ge\u00e7iyor. 3 g\u00fcn i\u00e7inde sendikalar hakem kuruluna ba\u015fvuruyor. 5 g\u00fcn i\u00e7inde de hakem kurulu karar veriyor. Geriye kald\u0131 22 g\u00fcn. Mesela ge\u00e7en sene burada hata yap\u0131ld\u0131. H\u00fck\u00fcmet teklifini 15 g\u00fcn sonra getirdi. H\u00e2lbuki \u015fimdiden sekreteryaya  ba\u015fvuru yap\u0131larak biz en ge\u00e7 bir hafta i\u00e7erisinde kamu i\u015fveren kurulunun teklifini g\u00f6rmek istiyoruz demek laz\u0131m. Pozisyon almak gerekiyor e\u011fer bu m\u00fczakereyse. Yasal bir pazarl\u0131k bu. Ay\u0131p de\u011fil. Say\u0131n Bakan\u0131m bize ne vereceksiniz g\u00f6relim bakal\u0131m onu demek laz\u0131m. \u00d6nce verenin teklifini s\u00f6ylemesi gerekir. Dolay\u0131s\u0131yla da toplu s\u00f6zle\u015fmenin karakterini de\u011fi\u015ftirmek gerekir. Bunu ger\u00e7ekten ciddi bir m\u00fczakereye d\u00f6n\u00fc\u015ft\u00fcrmek gerekiyor. Sendikalar\u0131m\u0131z\u0131n ortak hareket noktas\u0131 birlikte o masaya oturmalar\u0131 ve birlikte kalkmalar\u0131 olmal\u0131. Bence memurlar a\u00e7\u0131s\u0131ndan bu son derece \u00f6nemli. Yoksa zaten toplu g\u00f6r\u00fc\u015fmelerden farkl\u0131 bir durum ortaya \u00e7\u0131km\u0131yor. Yine hakem kurulu muhtemelen karar verecektir. \u0130kincisi sendikalar\u0131m\u0131z art\u0131k pop\u00fclizm yapmaktan ka\u00e7\u0131ns\u0131nlar. Onlar pop\u00fclizm yapt\u0131k\u00e7a kamu \u00e7al\u0131\u015fanlar\u0131n\u0131n sendikaya olan inanc\u0131 zay\u0131fl\u0131yor. Ger\u00e7ek\u00e7i olmak laz\u0131m. En d\u00fc\u015f\u00fck memur maa\u015f\u0131 2.500 TL olsun deyip de o masadan en d\u00fc\u015f\u00fck memur maa\u015f\u0131 1.700 liraya kalkarsan\u0131z sizin inand\u0131r\u0131c\u0131l\u0131\u011f\u0131n\u0131z kalm\u0131yor. Toplu s\u00f6zle\u015fmede bence temel talep enflasyon art\u0131 b\u00fcy\u00fcme olmal\u0131. Denge tazminatlar\u0131n\u0131n az alana \u00e7ok \u00e7ok alana e\u015fitleyecek \u015fekilde bir da\u011f\u0131l\u0131m yap\u0131lmas\u0131 gerekir diye d\u00fc\u015f\u00fcn\u00fcyorum.<\/p>\n<p>EMRE BEY:  Peki Toplu S\u00f6zle\u015fme masas\u0131n\u0131n platformunun temelinde baz\u0131 de\u011fi\u015fiklikler olmas\u0131 gerekiyor dediniz. 12 Eyl\u00fcl Referandumuyla Toplu S\u00f6zle\u015fme masas\u0131n\u0131n nas\u0131l i\u015fleyece\u011fi \u00e7ok konu\u015fulmu\u015ftu ve ilk yans\u0131mas\u0131n\u0131 asl\u0131nda \u015fu d\u00f6nemde g\u00f6r\u00fcyoruz. \u015eimdi bu ikinci kez yeni haliyle masaya oturulacak bu noktada nas\u0131l bir de\u011fi\u015fiklik olabilir?<\/p>\n<p>GENEL BA\u015eKAN: Bir kere burada tabi toplu g\u00f6r\u00fc\u015fmeden \u00e7ok daha \u00f6nemli bir nokta var ki bu Toplu S\u00f6zle\u015fme 2 y\u0131ll\u0131\u011f\u0131na yap\u0131l\u0131yor. Yani art\u0131k \u00f6n\u00fcm\u00fczdeki y\u0131l toplu s\u00f6zle\u015fme olmayacak Emre bey. T\u00fcrkiye \u00e7ok ciddi pe\u015f pe\u015fe se\u00e7imler d\u00f6nemine giriyor. Burada ger\u00e7ekten de bir vatanda\u015f olarak hepimizin iradesinin yans\u0131yaca\u011f\u0131 sand\u0131klar \u00f6n\u00fcm\u00fcze geliyor. Bence bu da \u00f6nemli bir avantajd\u0131r sendikalar\u0131m\u0131z a\u00e7s\u0131ndan. Yetkili konfederasyonumuzun burada kendi ba\u015far\u0131s\u0131 i\u00e7in en az\u0131ndan mutlak suretle o birlikteli\u011fi sa\u011flamas\u0131 laz\u0131m. \u0130lk defa toplu s\u00f6zle\u015fmenin ger\u00e7ek anlamda kar\u015f\u0131l\u0131\u011f\u0131n\u0131n al\u0131nmas\u0131 gerekiyor. Buradaki niyet ve y\u00f6ntem \u00e7ok \u00f6nemli.  Biz bunlar\u0131 da masaya oturacak olan konfederasyon temsilcilerine iletece\u011fiz. Yani sadece burada ifade etmiyorum bunu ben bu d\u00fc\u015f\u00fcncelerimizi. Randevu al\u0131p kendilerinden \u00fclkemizdeki t\u00fcm kamu g\u00f6revlileri ad\u0131na masaya oturduklar\u0131n\u0131 hat\u0131rlat\u0131p kendi d\u00fc\u015f\u00fcncelerimizi de \u00f6nerece\u011fiz. Ba\u015far\u0131l\u0131 olduklar\u0131 taktirde bundan mutlu olaca\u011f\u0131z Emre Bey.<\/p>\n<p>EMRE SAKLICA:  Toplu S\u00f6zle\u015fme d\u00f6neminde tabii gidi\u015fat\u0131 sizinle de g\u00f6r\u00fc\u015fece\u011fiz ve bu toplu s\u00f6zle\u015fme d\u00f6neminde gelecek konulardan birisi de 4\/C li \u00e7al\u0131\u015fanlar\u0131n durumu. Bu konuda asl\u0131nda siz konfederasyon olarak ciddi \u00e7al\u0131\u015fmalar yap\u0131yorsunuz ben programdan \u00f6nce son g\u00fcnlerde ne gibi a\u00e7\u0131klamalar yap\u0131ld\u0131 4\/C ile ilgili internetde ara\u015ft\u0131rd\u0131m.  4\/C yaz\u0131p haberlere t\u0131klad\u0131\u011f\u0131n\u0131zda sonu\u00e7lar da ilgin\u00e7 bir veri \u00e7\u0131k\u0131yor asl\u0131nda kronolojik olarak  20 Haziran\u2019dan bu yana bak\u0131nca.  20 Haziran 4\/C ye Bakan m\u00fcjdesi, 28 Haziran 4\/C\u2019lilere k\u00f6t\u00fc haber, 30 Haziran 4\/C\u2019lilere kadro var m\u0131 yok mu son s\u00f6z 4 Temmuzda 4\/C\u2019liler hari\u00e7 s\u00f6zle\u015fmelilere kadro, 5 Temmuzda 4\/C\u2019liler g\u00fcndeme gelecek diye  Ba\u015fbakan Yard\u0131mc\u0131s\u0131n\u0131n a\u00e7\u0131klamalar\u0131 var ve yine 11 Temmuz tarihinde 4\/C\u2019lilere kadro geliyor mu diye bir haber var. Sonras\u0131nda da 4\/C\u2019liler i\u00e7in iki se\u00e7enek ba\u015fl\u0131\u011f\u0131yla MEMURSEN\u2019in sunaca\u011f\u0131 bir form\u00fcl g\u00fcndeme geliyor. \u015eimdi s\u00fcrekli haberler medyada b\u00f6yle yer al\u0131nca gazetelerde internette s\u00fcrekli kamu \u00e7al\u0131\u015fanlar\u0131ndan soru geliyor.  4\/C\u2019liler kadroya ge\u00e7iyor mu? Yine k\u00f6t\u00fc haber iyi haber ne oluyor?<\/p>\n<p>GENEL BA\u015eKAN: Emre bey May\u0131s ay\u0131nda burada size konuk olmu\u015ftum. Bas\u0131nda bu t\u00fcr haberlerin s\u0131k\u00e7a \u00e7\u0131kt\u0131\u011f\u0131n\u0131 hatta say\u0131lar verildi\u011fini, 4\/C li arkada\u015flar\u0131m\u0131z\u0131n adeta bulmaca \u00e7\u00f6zer gibi biz var m\u0131y\u0131z yok muyuz \u015feklinde bize soruldu\u011funu ama ben s\u00f6zle\u015fmeli ibaresinde 4\/C\u2019lilerin anla\u015f\u0131lmamas\u0131 gerekti\u011fini \u00e7ok a\u00e7\u0131k bir \u015fekilde s\u00f6ylemi\u015ftim. Ancak o d\u00f6nemde ger\u00e7ekten de bir \u00e7al\u0131\u015fma yap\u0131ld\u0131 4\/C\u2019lilerle ilgili. Bunlar\u0131n i\u015f\u00e7i kadrosuna m\u0131 ge\u00e7irilsin memur kadrosuna m\u0131 ge\u00e7irilsin noktas\u0131nda. Ancak nihai kararda Bakanlar Kurulundan bu \u00e7\u0131kmad\u0131. Sadece s\u00f6zle\u015fmeli personel \u00e7\u0131kt\u0131 96.000 s\u00f6zle\u015fmeli personelden bahsedildi ve o d\u00f6nemde ben m\u00fcmk\u00fcn oldu\u011fu kadar a\u00e7\u0131klama yapmamaya \u00f6zen g\u00f6sterdim. Zira ciddi bir bilgi kirlili\u011fi vard\u0131. Art\u0131k  biz bunu t\u00fcm samimiyetimle s\u00f6yl\u00fcyorum bas\u0131nda ki haberleri onaylayan veya d\u00fczelten bir konuma geldik. Bizim s\u00f6zlerimize itibar ediyorlar \u00e7al\u0131\u015fan arkada\u015flar\u0131m\u0131z soruyorlar Ba\u015fkan\u0131m biz var m\u0131y\u0131z yok muyuz? Bizde onlara diyoruz ki \u00e7\u0131kan haber sonu\u00e7ta haberdir herkes kendi a\u00e7\u0131s\u0131nda de\u011ferlendirebilir ama bunlara itibar etmeyin. Siz en son Ba\u015fbakan\u0131n yapaca\u011f\u0131 a\u00e7\u0131klamay\u0131 bekleyin. Say\u0131n Bakanda burada a\u00e7\u0131k\u00e7a s\u00f6yledi ve dedi ki son s\u00f6z\u00fc Ba\u015fbakan s\u00f6yleyecek. Say\u0131n Ba\u015fbakan grup toplant\u0131s\u0131ndan \u00e7\u0131kt\u0131 son s\u00f6z\u00fc s\u00f6yledi detayl\u0131 bir \u015feklide. Ben de izledim. Burada 4\/C\u2019li arkada\u015flar\u0131m\u0131z\u0131n da sendikalara ciddi ele\u015ftiriler de var. Bunlardan tabi ki hakl\u0131 olanlar\u0131 biz kabul ediyoruz ancak burada kendileri i\u00e7in gayret g\u00f6steren, samimi olan, d\u00fcr\u00fcst davranan insanlar\u0131 da zan alt\u0131nda b\u0131rakmamalar\u0131 laz\u0131m. \u00d6zellikle onlardan ben \u015funu rica ediyorum. Avrupa \u0130nsan Haklar\u0131 Mahkemesi de d\u00e2hil pek \u00e7ok platformda, s\u0131k s\u0131k sizlerin arac\u0131l\u0131\u011f\u0131yla, di\u011fer bas\u0131n arac\u0131l\u0131\u011f\u0131yla ve yarg\u0131 yoluyla arkada\u015flar\u0131m\u0131z\u0131n sesini duyurmaya \u00e7al\u0131\u015ft\u0131k ve duyurduk da. Bundan 1 y\u0131l \u00f6nce 4\/C konusunu hi\u00e7 kimse konu\u015fmuyordu bile. Hi\u00e7bir h\u00fck\u00fcmet yetkilisi a\u011fz\u0131na bile alm\u0131yorken bizim bu ilgimiz di\u011fer sendikalar\u0131nda ilgisini \u00e7ekti \u00f6rg\u00fctlenme hakk\u0131 elde ettiler ve bug\u00fcn bu noktaya geldiler. Ancak sendikas\u0131zla\u015fmay\u0131 tercih etmek gibi bir te\u015fvik i\u00e7indeler. Bu arkada\u015flar\u0131n \u00e7ok c\u00fczi bir k\u0131sm\u0131 bizim \u00fcyemizdir. Sanki biz 4\/C sendikas\u0131y\u0131z gibi alg\u0131 olmas\u0131na ra\u011fmen. Yine yetkili sendikalar hangi oranda s\u00f6z sahibiyse 4\/C konusunda da s\u00f6ze sahipler ama biz sonu\u00e7ta bir ki\u015fi dahi olsa \u00fcyemize yap\u0131lan bir haks\u0131zl\u0131k varsa biz bunu her ortamda da m\u00fccadelesini veriyoruz. Ama di\u011fer \u00f6nemli bir nokta sanki memur sendikalar\u0131 bu arkada\u015flar\u0131m\u0131z\u0131n haklar\u0131n\u0131 kaybettirmi\u015f. Tekelde \u00e7al\u0131\u015fan arkada\u015flar\u0131m\u0131z i\u00e7in s\u00f6yl\u00fcyorum \u00f6zelle\u015ftirmeden gelen arkada\u015flar\u0131m\u0131z i\u00e7in s\u00f6yl\u00fcyorum. Bunun faturas\u0131n\u0131 da memur sendikalar\u0131na kesme durumu var. H\u00e2lbuki sen do\u011fru sendikay\u0131 tercih ettin mi? Senin g\u00fcc\u00fcn\u00fc yans\u0131tan bu konuda m\u00fccadele eden sendikay\u0131 tercih ettinde mi T\u00fcrkiye\u2019deki memur sendikac\u0131l\u0131\u011f\u0131n\u0131 tukaka edecek bir noktaya geliyorsun. \u0130kinci \u00f6nemli bir nokta buradan bir kez daha s\u00f6yl\u00fcyorum \u015fimdi Toplu S\u00f6zle\u015fmeler de kadro konusu g\u00fcndeme geliyor. Asla b\u00f6yle bir \u015fey olamaz Emre bey. B\u00f6yle bir \u015fey Toplu S\u00f6zle\u015fmenin konusu olamaz. Yasal olarak da bu m\u00fcmk\u00fcn de\u011fil.  Herhangi birisi kim olursa olsun diyorsa ki \u201cbiz 4\/C  kadro konusunu Toplu S\u00f6zle\u015fme masas\u0131nda \u00e7\u00f6zece\u011fiz\u201d bu yanl\u0131\u015f bir beyand\u0131r. <\/p>\n<p>EMRE SAKLICA: Genelde son bir iki g\u00fcnd\u00fcr haberlerde Toplu S\u00f6zle\u015fme masas\u0131nda \u00e7\u00f6z\u00fclece\u011fidir.<\/p>\n<p>GENEL BA\u015eKAN: Yanl\u0131\u015f. M\u00fcmk\u00fcn de\u011fil, olamaz. Orada stat\u00fc de\u011fi\u015ftiren \u00f6neri getiremezsiniz. Toplu S\u00f6zle\u015fmenin tan\u0131m\u0131 vard\u0131r. \u0130\u015fverende o tan\u0131mdan sorumludur sendikalarda o tan\u0131mdan sorumludur. Toplu s\u00f6zle\u015fmenin konusu mali ve sosyal haklard\u0131r. Herhangi bir grup i\u00e7in az\u0131nl\u0131k i\u00e7in daha detaylara indi\u011finiz zaman Toplu S\u00f6zle\u015fme yasas\u0131nda teklif sunma yasa\u011f\u0131 var. Yetkisizlik var.  4\/C konusu Toplu S\u00f6zle\u015fme masas\u0131nda g\u00fcndeme gelmeyecektir. Gelebilir ancak dilek ve temenniden \u00f6teye ge\u00e7mez. Biz nas\u0131l konu\u015fuyorsak i\u015fveren vekillerine sendikac\u0131 arkada\u015flar\u0131m\u0131z durumlar\u0131 arz edebilir bunu her zaman yapmak m\u00fcmk\u00fcnd\u00fcr. <\/p>\n<p>EMRE SAKLICA: Bununla ilgili ba\u015fka bir d\u00fczenleme yapmak \u015fart.<\/p>\n<p>GENEL BA\u015eKAN: Burada Emre bey ger\u00e7ekten de sorunu \u00e7\u00f6zmeye d\u00f6n\u00fck ger\u00e7ek\u00e7i ad\u0131mlar atmak laz\u0131m. Burada h\u00fck\u00fcmetin bir kayg\u0131s\u0131 var bunu a\u00e7\u0131k\u00e7a da say\u0131n Bakan da s\u00f6yledi ve dedi ki\u201d biz 4\/C yi kald\u0131ramay\u0131z.4\/C nin olmas\u0131 gerekiyor. \u00c7\u00fcnk\u00fc T\u00fcrkiye\u2019deki \u00f6zelle\u015ftirme s\u00fcreci devam ediyor ve dolay\u0131s\u0131yla da elbette ki gelecek binlerce i\u015f\u00e7i var.  Biz bunu kald\u0131r\u0131rsak otomatikman t\u00fcm herkesi kadroya almak zorunday\u0131z yani i\u015f\u00e7ilikten memurlu\u011fa gibi yol a\u00e7\u0131lacak\u201d. O zaman burada bu kayg\u0131y\u0131 giderecek \u00f6nerilerle masaya oturmak laz\u0131m. Yani tamam burada mutlaka kanun konu\u015fulmaz ama en az\u0131ndan bunun \u00f6n haz\u0131rl\u0131klar\u0131n\u0131 yapmak laz\u0131m.<\/p>\n<p>EMRE SAKLICA: Bu konuda da san\u0131r\u0131m siz de bir araya geldi\u011finizde toplant\u0131lar da konu\u015facaks\u0131n\u0131z 4\/C konusunu da di\u011fer konular\u0131 da yine g\u00fcndeme almaya devam edece\u011fiz biz size \u00e7ok te\u015fekk\u00fcr ederiz.<\/p>\n<p>GENEL BA\u015eKAN: Ben te\u015fekk\u00fcr ederim<\/p>\n","protected":false},"excerpt":{"rendered":"<p>Haksen Genel Ba\u015fkan\u0131 Ayhan \u00c7ivi Kanal B\u2019de Toplu S\u00f6zle\u015fme g\u00f6r\u00fc\u015fmelerine ili\u015fkin d\u00fc\u015f\u00fcncelerini  ifade etti.<\/p>\n","protected":false},"author":1,"featured_media":2606,"comment_status":"closed","ping_status":"open","sticky":false,"template":"","format":"standard","meta":{"footnotes":""},"categories":[],"tags":[],"class_list":["post-2605","post","type-post","status-publish","format-standard","has-post-thumbnail"],"_links":{"self":[{"href":"https:\/\/haksen.org.tr\/index.php?rest_route=\/wp\/v2\/posts\/2605","targetHints":{"allow":["GET"]}}],"collection":[{"href":"https:\/\/haksen.org.tr\/index.php?rest_route=\/wp\/v2\/posts"}],"about":[{"href":"https:\/\/haksen.org.tr\/index.php?rest_route=\/wp\/v2\/types\/post"}],"author":[{"embeddable":true,"href":"https:\/\/haksen.org.tr\/index.php?rest_route=\/wp\/v2\/users\/1"}],"replies":[{"embeddable":true,"href":"https:\/\/haksen.org.tr\/index.php?rest_route=%2Fwp%2Fv2%2Fcomments&post=2605"}],"version-history":[{"count":0,"href":"https:\/\/haksen.org.tr\/index.php?rest_route=\/wp\/v2\/posts\/2605\/revisions"}],"wp:featuredmedia":[{"embeddable":true,"href":"https:\/\/haksen.org.tr\/index.php?rest_route=\/wp\/v2\/media\/2606"}],"wp:attachment":[{"href":"https:\/\/haksen.org.tr\/index.php?rest_route=%2Fwp%2Fv2%2Fmedia&parent=2605"}],"wp:term":[{"taxonomy":"category","embeddable":true,"href":"https:\/\/haksen.org.tr\/index.php?rest_route=%2Fwp%2Fv2%2Fcategories&post=2605"},{"taxonomy":"post_tag","embeddable":true,"href":"https:\/\/haksen.org.tr\/index.php?rest_route=%2Fwp%2Fv2%2Ftags&post=2605"}],"curies":[{"name":"wp","href":"https:\/\/api.w.org\/{rel}","templated":true}]}}