{"id":2603,"date":"2013-07-28T12:00:00","date_gmt":"2013-07-28T12:00:00","guid":{"rendered":"http:\/\/haksen.org.tr\/?p=2603"},"modified":"2013-07-28T12:00:00","modified_gmt":"2013-07-28T12:00:00","slug":"gelir-idaresi-baskani-mehmet-kilciyle-gorusme","status":"publish","type":"post","link":"https:\/\/haksen.org.tr\/?p=2603","title":{"rendered":"Gelir \u0130daresi Ba\u015fkan\u0131 Mehmet Kilci\u2019yle G\u00f6r\u00fc\u015fme"},"content":{"rendered":"<p>Gelir \u0130daresi Ba\u015fkan\u0131 Kilci\u2019nin makam\u0131nda yap\u0131lan g\u00f6r\u00fc\u015fmeye,  E\u011fitim Hak-Sen Genel Ba\u015fkan\u0131 Hanifi G\u00f6k\u00e7ek , B\u00fcro Hak-Sen Genel Sektereri \u00d6zg\u00fcr Tuncer ile Gelir \u0130daresi Ba\u015fkanl\u0131\u011f\u0131 \u0130nsan Kaynaklar\u0131 Daire Ba\u015fkan\u0131 Kadir Cabur kat\u0131ld\u0131lar.<\/p>\n<p>Genel Ba\u015fkan Ayhan \u00c7ivi, Gelir \u0130daresi Ba\u015fkanl\u0131\u011f\u0131na g\u00f6rev yapan personelin Gelir Uzman\u0131 kadrolar\u0131na ge\u00e7i\u015fleriyle ilgili  Gelir \u0130daresi y\u00f6netimine  yap\u0131c\u0131 tutumlar\u0131 nedeniyle te\u015fekk\u00fcr etti.<\/p>\n<p> \u00c7ivi g\u00f6r\u00fc\u015fmede;<\/p>\n<p>&#8211;  Konfederasyonumuzun \u00fcyeleri ad\u0131na a\u00e7t\u0131\u011f\u0131 davalarda 657 say\u0131l\u0131 Yasan\u0131n 4\/C maddesine g\u00f6re istihdam edilen ge\u00e7ici personele \u00f6denen i\u015f sonu tazminatlar\u0131ndan gelir vergisi kesintisi yap\u0131lmas\u0131na ili\u015fkin bireysel i\u015flemlerin vergi mahkemelerince hukuka ayk\u0131r\u0131 bulunarak iptal edildi\u011fi hat\u0131rlat\u0131larak, bundan sonra a\u00e7\u0131lacak davalarda Maliye\u2019nin vekalet \u00fccreti ve dava masraf\u0131 \u00f6dememesi i\u00e7in gelir vergisi kesintisinin yap\u0131lmamas\u0131,<\/p>\n<p>&#8211; Maliye \u00e7al\u0131\u015fanlar\u0131n\u0131n hak kay\u0131plar\u0131n\u0131n \u00f6nlenebilmesi i\u00e7in Maliye Hizmetleri S\u0131n\u0131f\u0131 ihdas edilmesi,<\/p>\n<p>&#8211; Gelir Uzmanl\u0131\u011f\u0131 s\u0131navlar\u0131n\u0131n yap\u0131ld\u0131\u011f\u0131 d\u00f6nemlerde \u015fartlar\u0131 uygun olmayan personelden halen \u015fartlar\u0131 uygun olanlara da s\u0131nav hakk\u0131 verilmesini,<\/p>\n<p>&#8211; Fazla mesailerin kald\u0131r\u0131lmas\u0131na y\u00f6nelik KHK h\u00fckm\u00fcne ili\u015fkin  Anayasa Mahkemesince verilen iptal karar\u0131n\u0131n Eyl\u00fcl ay\u0131nda y\u00fcr\u00fcrl\u00fc\u011fe girece\u011fi hat\u0131rlat\u0131larak fazla \u00e7al\u0131\u015fma \u00fccretlerinin \u00f6denmesiyle ilgili  \u00e7al\u0131\u015fma yap\u0131lmas\u0131,<\/p>\n<p>&#8211; Gelir Uzmanlar\u0131n\u0131n da kariyer meslek grubuna al\u0131narak 3600  ek g\u00f6sterge verilmesi,<\/p>\n<p>&#8211; Ek \u00f6demelerin emekli ayl\u0131klar\u0131na dahil edilmesi,<\/p>\n<p>&#8211; Gelir \u0130daresince yap\u0131lan t\u00fcm s\u0131navlardaki sorular\u0131n yay\u0131mlanmas\u0131,<br \/>\nKonular\u0131n\u0131 g\u00fcndeme getirdi.<\/p>\n<p>Gelir \u0130daresi Ba\u015fkan\u0131 Mehmet Kilci de ziyaret nedeniyle Haksen heyetine te\u015fekk\u00fcr ederek, \u0130darenin yetkisindeki konular\u0131 inceleyeceklerini ifade etti.<\/p>\n","protected":false},"excerpt":{"rendered":"<p>Genel Ba\u015fkan Ayhan \u00c7ivi, Gelir \u0130daresi Ba\u015fkan\u0131 Mehmet Kilci\u2019yle yapt\u0131\u011f\u0131 g\u00f6r\u00fc\u015fmede konfederasyonumuzun taleplerini iletti.<\/p>\n","protected":false},"author":1,"featured_media":2604,"comment_status":"closed","ping_status":"open","sticky":false,"template":"","format":"standard","meta":{"footnotes":""},"categories":[],"tags":[],"class_list":["post-2603","post","type-post","status-publish","format-standard","has-post-thumbnail"],"_links":{"self":[{"href":"https:\/\/haksen.org.tr\/index.php?rest_route=\/wp\/v2\/posts\/2603","targetHints":{"allow":["GET"]}}],"collection":[{"href":"https:\/\/haksen.org.tr\/index.php?rest_route=\/wp\/v2\/posts"}],"about":[{"href":"https:\/\/haksen.org.tr\/index.php?rest_route=\/wp\/v2\/types\/post"}],"author":[{"embeddable":true,"href":"https:\/\/haksen.org.tr\/index.php?rest_route=\/wp\/v2\/users\/1"}],"replies":[{"embeddable":true,"href":"https:\/\/haksen.org.tr\/index.php?rest_route=%2Fwp%2Fv2%2Fcomments&post=2603"}],"version-history":[{"count":0,"href":"https:\/\/haksen.org.tr\/index.php?rest_route=\/wp\/v2\/posts\/2603\/revisions"}],"wp:featuredmedia":[{"embeddable":true,"href":"https:\/\/haksen.org.tr\/index.php?rest_route=\/wp\/v2\/media\/2604"}],"wp:attachment":[{"href":"https:\/\/haksen.org.tr\/index.php?rest_route=%2Fwp%2Fv2%2Fmedia&parent=2603"}],"wp:term":[{"taxonomy":"category","embeddable":true,"href":"https:\/\/haksen.org.tr\/index.php?rest_route=%2Fwp%2Fv2%2Fcategories&post=2603"},{"taxonomy":"post_tag","embeddable":true,"href":"https:\/\/haksen.org.tr\/index.php?rest_route=%2Fwp%2Fv2%2Ftags&post=2603"}],"curies":[{"name":"wp","href":"https:\/\/api.w.org\/{rel}","templated":true}]}}