{"id":2599,"date":"2013-07-23T12:00:00","date_gmt":"2013-07-23T12:00:00","guid":{"rendered":"http:\/\/haksen.org.tr\/?p=2599"},"modified":"2013-07-23T12:00:00","modified_gmt":"2013-07-23T12:00:00","slug":"kirikkale-haksen-uyeleri-iftarda-bulustu","status":"publish","type":"post","link":"https:\/\/haksen.org.tr\/?p=2599","title":{"rendered":"K\u0131r\u0131kkale Haksen \u00dcyeleri \u0130ftarda Bulu\u015ftu"},"content":{"rendered":"<p>\u0130ftar yeme\u011fine, HAKSEN K\u0131r\u0131kkale \u015eube Ba\u015fkan\u0131 Salih K\u00f6ksal, \u00c7evre ve \u015eehircilik \u0130l M\u00fcd\u00fcr\u00fc Turgut \u00c7i\u00e7ek, \u00d6zel \u0130dare Genel Sekreteri Yard\u0131mc\u0131s\u0131 \u0130smet K\u00f6ksal, Tapu Sicil M\u00fcd\u00fcr\u00fc S\u00fcleyman \u00c7elebi, sendika \u00fcyeleri ve bas\u0131n mensuplar\u0131 kat\u0131ld\u0131.<\/p>\n<p>HAKSEN K\u0131r\u0131kkale \u015eube Ba\u015fkan\u0131 Salih K\u00f6ksal, \u201cHepiniz ho\u015f geldiniz. Davetimize icabet etti\u011finiz i\u00e7in te\u015fekk\u00fcr ederim. B\u00f6ylesi m\u00fcbarek bir saate biraya gelmenin nice hay\u0131rlara vesile olmas\u0131n\u0131 diliyorum. HAKSEN ve ba\u011fl\u0131 sendikalar\u0131n\u0131n g\u00f6revi t\u00fcm kamu \u00e7al\u0131\u015fanlar\u0131n\u0131n ekonomik, sosyal, mesleki ve demokratik hak ve menfaatlerini korumak, geli\u015ftirmek ve almak olacakt\u0131r. Sizlerin kar\u015f\u0131la\u015fabilece\u011fi sorunlarla da bizler her zaman sizlerin yan\u0131nday\u0131z\u201d dedi.<\/p>\n<h2 style='margin:20px 0;'>\u0130\u00e7erik Galerisi<\/h2>\n<p><img decoding=\"async\" src=\"wp-content\/uploads\/2016\/12\/615735694.jpg\" alt=\"K\u0131r\u0131kkale Haksen \u00dcyeleri \u0130ftarda Bulu\u015ftu\" style=\"width:100%;\" \/><\/p>\n<p><img decoding=\"async\" src=\"wp-content\/uploads\/2016\/12\/247456926.jpg\" alt=\"K\u0131r\u0131kkale Haksen \u00dcyeleri \u0130ftarda Bulu\u015ftu\" style=\"width:100%;\" \/><\/p>\n","protected":false},"excerpt":{"rendered":"<p>Kamu \u00c7al\u0131\u015fanlar\u0131 Hak Sendikalar\u0131 (HAKSEN) Konfederasyonu K\u0131r\u0131kkale \u015eubesi taraf\u0131ndan sendika \u00fcyelerine iftar yeme\u011fi verildi.<\/p>\n","protected":false},"author":1,"featured_media":2600,"comment_status":"closed","ping_status":"open","sticky":false,"template":"","format":"standard","meta":{"footnotes":""},"categories":[],"tags":[],"class_list":["post-2599","post","type-post","status-publish","format-standard","has-post-thumbnail"],"_links":{"self":[{"href":"https:\/\/haksen.org.tr\/index.php?rest_route=\/wp\/v2\/posts\/2599","targetHints":{"allow":["GET"]}}],"collection":[{"href":"https:\/\/haksen.org.tr\/index.php?rest_route=\/wp\/v2\/posts"}],"about":[{"href":"https:\/\/haksen.org.tr\/index.php?rest_route=\/wp\/v2\/types\/post"}],"author":[{"embeddable":true,"href":"https:\/\/haksen.org.tr\/index.php?rest_route=\/wp\/v2\/users\/1"}],"replies":[{"embeddable":true,"href":"https:\/\/haksen.org.tr\/index.php?rest_route=%2Fwp%2Fv2%2Fcomments&post=2599"}],"version-history":[{"count":0,"href":"https:\/\/haksen.org.tr\/index.php?rest_route=\/wp\/v2\/posts\/2599\/revisions"}],"wp:featuredmedia":[{"embeddable":true,"href":"https:\/\/haksen.org.tr\/index.php?rest_route=\/wp\/v2\/media\/2600"}],"wp:attachment":[{"href":"https:\/\/haksen.org.tr\/index.php?rest_route=%2Fwp%2Fv2%2Fmedia&parent=2599"}],"wp:term":[{"taxonomy":"category","embeddable":true,"href":"https:\/\/haksen.org.tr\/index.php?rest_route=%2Fwp%2Fv2%2Fcategories&post=2599"},{"taxonomy":"post_tag","embeddable":true,"href":"https:\/\/haksen.org.tr\/index.php?rest_route=%2Fwp%2Fv2%2Ftags&post=2599"}],"curies":[{"name":"wp","href":"https:\/\/api.w.org\/{rel}","templated":true}]}}