{"id":2597,"date":"2013-07-05T12:00:00","date_gmt":"2013-07-05T12:00:00","guid":{"rendered":"http:\/\/haksen.org.tr\/?p=2597"},"modified":"2013-07-05T12:00:00","modified_gmt":"2013-07-05T12:00:00","slug":"darbeler-en-buyuk-darbeyi-emege-vuruyor","status":"publish","type":"post","link":"https:\/\/haksen.org.tr\/?p=2597","title":{"rendered":"Darbeler en b\u00fcy\u00fck darbeyi eme\u011fe vuruyor"},"content":{"rendered":"<p>\u0130nsanlar\u0131n refah ve mutlulu\u011fu i\u00e7in en temel gereksinimi olan hak ve \u00f6zg\u00fcrl\u00fcklerin \u00f6n\u00fcndeki en b\u00fcy\u00fck engelin demokrasi d\u0131\u015f\u0131 her t\u00fcrl\u00fc m\u00fcdahalenin oldu\u011funu belirten \u00c7ivi,  se\u00e7ilmi\u015f insanlara kar\u015f\u0131 askeri m\u00fcdahale d\u00e2hil antidemokratik her t\u00fcrl\u00fc dayatmaya kar\u015f\u0131y\u0131z, dedi.<\/p>\n<p>\u00dclkemizdeki emek m\u00fccadelesine en b\u00fcy\u00fck darbenin cunta y\u00f6netimi d\u00f6nemlerinde vuruldu\u011funu hat\u0131rlatan \u00c7ivi, insan hak ve \u00f6zg\u00fcrl\u00fcklerini rehber edinen bir sendika olduklar\u0131n\u0131 belirterek \u015funlar\u0131 s\u00f6yledi;<\/p>\n<p>\u201cEmek\u00e7ilerin uzun m\u00fccadeleler sonucu bedeller \u00f6deyerek kazand\u0131klar\u0131 demokratik haklar bir gecede ortadan kald\u0131r\u0131ld\u0131. Askeri darbelerin en b\u00fcy\u00fck ma\u011fduru \u00e7al\u0131\u015fanlar olmu\u015ftur. Demokrasinin olmad\u0131\u011f\u0131 bir yerde hak aramak da hak almak da imk\u00e2ns\u0131z hale gelir. Bu nedenle, M\u0131s\u0131r\u2019daki askeri darbeden en b\u00fcy\u00fck darbeyi de emek\u00e7iler alm\u0131\u015ft\u0131r. Bu darbeyi k\u0131n\u0131yoruz.\u201d<\/p>\n","protected":false},"excerpt":{"rendered":"<p>Kamu \u00c7al\u0131\u015fanlar\u0131 Hak Sendikalar\u0131 Konfederasyonu Genel Ba\u015fkan\u0131 Ayhan \u00c7ivi, M\u0131s\u0131r\u2019da yap\u0131lan askeri darbeyi k\u0131nad\u0131klar\u0131n\u0131 s\u00f6yledi.<\/p>\n","protected":false},"author":1,"featured_media":2598,"comment_status":"closed","ping_status":"open","sticky":false,"template":"","format":"standard","meta":{"footnotes":""},"categories":[],"tags":[],"class_list":["post-2597","post","type-post","status-publish","format-standard","has-post-thumbnail"],"_links":{"self":[{"href":"https:\/\/haksen.org.tr\/index.php?rest_route=\/wp\/v2\/posts\/2597","targetHints":{"allow":["GET"]}}],"collection":[{"href":"https:\/\/haksen.org.tr\/index.php?rest_route=\/wp\/v2\/posts"}],"about":[{"href":"https:\/\/haksen.org.tr\/index.php?rest_route=\/wp\/v2\/types\/post"}],"author":[{"embeddable":true,"href":"https:\/\/haksen.org.tr\/index.php?rest_route=\/wp\/v2\/users\/1"}],"replies":[{"embeddable":true,"href":"https:\/\/haksen.org.tr\/index.php?rest_route=%2Fwp%2Fv2%2Fcomments&post=2597"}],"version-history":[{"count":0,"href":"https:\/\/haksen.org.tr\/index.php?rest_route=\/wp\/v2\/posts\/2597\/revisions"}],"wp:featuredmedia":[{"embeddable":true,"href":"https:\/\/haksen.org.tr\/index.php?rest_route=\/wp\/v2\/media\/2598"}],"wp:attachment":[{"href":"https:\/\/haksen.org.tr\/index.php?rest_route=%2Fwp%2Fv2%2Fmedia&parent=2597"}],"wp:term":[{"taxonomy":"category","embeddable":true,"href":"https:\/\/haksen.org.tr\/index.php?rest_route=%2Fwp%2Fv2%2Fcategories&post=2597"},{"taxonomy":"post_tag","embeddable":true,"href":"https:\/\/haksen.org.tr\/index.php?rest_route=%2Fwp%2Fv2%2Ftags&post=2597"}],"curies":[{"name":"wp","href":"https:\/\/api.w.org\/{rel}","templated":true}]}}