{"id":2595,"date":"2013-07-04T12:00:00","date_gmt":"2013-07-04T12:00:00","guid":{"rendered":"http:\/\/haksen.org.tr\/?p=2595"},"modified":"2013-07-04T12:00:00","modified_gmt":"2013-07-04T12:00:00","slug":"ak-parti-grup-baskanvekili-unali-ziyaret","status":"publish","type":"post","link":"https:\/\/haksen.org.tr\/?p=2595","title":{"rendered":"Ak Parti Grup Ba\u015fkanvekili \u00dcnal\u2019\u0131 ziyaret"},"content":{"rendered":"<p>Kahramanmara\u015f Milletvekili Mahir \u00dcnal\u2019\u0131n yeniden Ak Parti Grup Ba\u015fkanvekili g\u00f6revine se\u00e7ilmesi nedeniyle ger\u00e7ekle\u015fen ziyarete E\u011fitim Hak-Sen Genel  Ba\u015fkan\u0131  Hanifi G\u00f6k\u00e7ek, Sa\u011fl\u0131k Hak-Sen Genel Ba\u015fkan\u0131 Selahattin Karaca, Haber Hak-Sen Genel Ba\u015fkan\u0131 Y\u0131lmaz Kaya, Haksen Te\u015fkilat Koordinat\u00f6r\u00fc \u0130smet Ta\u015f, Enerji Hak-Sen Y\u00f6netim Kurulu \u00fcyesi \u00d6nder \u00c7ivici ve \u0130mar Hak-Sen Ankara \u015eube Ba\u015fkan\u0131 G\u00fclay Y\u0131ld\u0131r\u0131m kat\u0131ld\u0131lar.<\/p>\n<p>Ak Parti Grup Ba\u015fkanvekilli\u011fi g\u00f6revine yeniden se\u00e7ilen Mahir \u00dcnal\u2019\u0131 tebrik eden \u00c7ivi, \u00dcnal\u2019a ba\u015far\u0131lar diledi.<\/p>\n<p>\u00c7ivi, sendikan\u0131n \u00e7al\u0131\u015fmalar\u0131 ve vizyonu hakk\u0131nda bilgi verdi.<br \/>\nZiyaret nedeniyle duydu\u011fu memnuniyeti belirten \u00dcnal, kat\u0131l\u0131mc\u0131lara te\u015fekk\u00fcr etti.<\/p>\n","protected":false},"excerpt":{"rendered":"<p>Haksen Genel Ba\u015fkan\u0131 Ayhan \u00c7ivi, beraberindeki heyetle birlikte Ak Parti Grup Ba\u015fkanvekili Mahir \u00dcnal\u2019\u0131 makam\u0131nda ziyaret etti.<\/p>\n","protected":false},"author":1,"featured_media":2596,"comment_status":"closed","ping_status":"open","sticky":false,"template":"","format":"standard","meta":{"footnotes":""},"categories":[],"tags":[],"class_list":["post-2595","post","type-post","status-publish","format-standard","has-post-thumbnail"],"_links":{"self":[{"href":"https:\/\/haksen.org.tr\/index.php?rest_route=\/wp\/v2\/posts\/2595","targetHints":{"allow":["GET"]}}],"collection":[{"href":"https:\/\/haksen.org.tr\/index.php?rest_route=\/wp\/v2\/posts"}],"about":[{"href":"https:\/\/haksen.org.tr\/index.php?rest_route=\/wp\/v2\/types\/post"}],"author":[{"embeddable":true,"href":"https:\/\/haksen.org.tr\/index.php?rest_route=\/wp\/v2\/users\/1"}],"replies":[{"embeddable":true,"href":"https:\/\/haksen.org.tr\/index.php?rest_route=%2Fwp%2Fv2%2Fcomments&post=2595"}],"version-history":[{"count":0,"href":"https:\/\/haksen.org.tr\/index.php?rest_route=\/wp\/v2\/posts\/2595\/revisions"}],"wp:featuredmedia":[{"embeddable":true,"href":"https:\/\/haksen.org.tr\/index.php?rest_route=\/wp\/v2\/media\/2596"}],"wp:attachment":[{"href":"https:\/\/haksen.org.tr\/index.php?rest_route=%2Fwp%2Fv2%2Fmedia&parent=2595"}],"wp:term":[{"taxonomy":"category","embeddable":true,"href":"https:\/\/haksen.org.tr\/index.php?rest_route=%2Fwp%2Fv2%2Fcategories&post=2595"},{"taxonomy":"post_tag","embeddable":true,"href":"https:\/\/haksen.org.tr\/index.php?rest_route=%2Fwp%2Fv2%2Ftags&post=2595"}],"curies":[{"name":"wp","href":"https:\/\/api.w.org\/{rel}","templated":true}]}}