{"id":2593,"date":"2013-06-25T12:00:00","date_gmt":"2013-06-25T12:00:00","guid":{"rendered":"http:\/\/haksen.org.tr\/?p=2593"},"modified":"2013-06-25T12:00:00","modified_gmt":"2013-06-25T12:00:00","slug":"4-cli-personele--acik-mektup","status":"publish","type":"post","link":"https:\/\/haksen.org.tr\/?p=2593","title":{"rendered":"4\/C&#8217;li Personele  A\u00e7\u0131k Mektup"},"content":{"rendered":"<p>Sevgili 4\/C&#8217;li Karde\u015fim,<\/p>\n<p>B\u00fcy\u00fck umutlarla kadro bekledi\u011fini ancak kadronun yine verilmedi\u011fini ben de senin gibi televizyondan izledim. Halbuki gerek yetkili sendika taraf\u0131ndan yap\u0131lan a\u00e7\u0131klamalarda  gerekse haberlerde senin de kadroya al\u0131naca\u011f\u0131na dair b\u00fcy\u00fck bir beklenti yarat\u0131ld\u0131. Ba\u015fbakanla konu\u015fuldu\u011fu bu i\u015fin kesin \u00e7\u00f6z\u00fcld\u00fc\u011f\u00fcn\u00fc senin de \u00fcyesi oldu\u011fun sosyal payla\u015f\u0131m gruplar\u0131nda, e-posta gruplar\u0131nda g\u00f6rd\u00fck. Ne s\u00f6yleyelim her sene ayn\u0131 tantanay\u0131 \u00e7\u0131kartt\u0131klar\u0131 i\u00e7in pek inanmad\u0131m lakin sizin umudunuz bizim umudumuz oldu\u011fu i\u00e7in biz de acaba bu sefer olur mu diye bekledik. Sonunda sizin neredeyse yar\u0131n\u0131z\u0131n \u00fcyesi oldu\u011fu yetkili sendikay\u0131 s\u0131rf bu nedenden dolay\u0131 se\u00e7tiniz ve onlar da \u00e7\u00f6z\u00fcm bulmak i\u00e7in \u00e7al\u0131\u015fmalar ger\u00e7ekle\u015ftirmek zorundayd\u0131. <\/p>\n<p>Sevgili 4\/C&#8217;li Karde\u015fim,<\/p>\n<p>Genel Ba\u015fkan= \u00dcye, \u00dcye= Genel Ba\u015fkan dedi\u011fimiz i\u00e7in, birimizin sorunu hepimizin sorunu dedi\u011fimiz i\u00e7in 4\/C sorununa  kendi meselemiz gibi sahip \u00e7\u0131kt\u0131k. Sizin s\u0131k\u0131nt\u0131lar\u0131n\u0131zla dertlendik, size dair en ufak kazan\u0131m da kendimiz kazanm\u0131\u015f gibi sevindik.  \u00dcyelerimizin s\u0131k\u0131nt\u0131lar\u0131n\u0131 \u00f6nce diyalog sonra dava yoluyla \u00e7\u00f6zd\u00fc\u011f\u00fcm\u00fcz ve diyalog yolunda bir \u00e7\u00f6z\u00fcm bulamad\u0131\u011f\u0131m\u0131z i\u00e7in Avrupa \u0130nsan Haklar\u0131 Mahkemesi&#8217;ne kadar 4\/C meselesini ta\u015f\u0131d\u0131k. 4\/C&#8217;lilerin memur sendikas\u0131na \u00fcye olmas\u0131n\u0131n \u00f6n\u00fcn\u00fc a\u00e7mak dahil olmak \u00fczere hukuki kazan\u0131mlarla onurlu bir ya\u015fam m\u00fccadelenize destek olmak i\u00e7in \u00e7al\u0131\u015ft\u0131k. \u00dcyemiz olsun veya olmas\u0131n t\u00fcm 4\/C&#8217;lilerin sorunlar\u0131n\u0131 dinledik, hukuki dan\u0131\u015fmanl\u0131k da dahil olmak \u00fczere elimizden gelen ne varsa yapmaya \u00e7al\u0131\u015ft\u0131k. 4\/C sorununu medyada tart\u0131\u015ft\u0131k, her platformda anlatmaya \u00e7al\u0131\u015ft\u0131k. Sendikac\u0131l\u0131kta hi\u00e7bir i\u015ften \u00e7\u0131kar beklemedi\u011fimiz gibi 4\/C mevzusundan da hi\u00e7bir \u00e7\u0131kar beklemedik. <\/p>\n<p>Sevgili 4\/C&#8217;li Karde\u015fim,<\/p>\n<p>Biliyoruz bu i\u015fin ilk ba\u015f\u0131ndan bu yana hem i\u015f\u00e7i sendikas\u0131na hem de kamu sendikalar\u0131na g\u00fcveniniz kalmad\u0131. Sendikac\u0131lar sizin yan\u0131n\u0131za geldi\u011finde \u00fcye yapmaktan ba\u015fka bir \u015fey yapmad\u0131klar\u0131ndan, sizin sorunlar\u0131n\u0131z\u0131 \u00e7\u00f6zmedi\u011finden dert yand\u0131n\u0131z. Hepsi ayn\u0131 ne fark\u0131 var dediniz. Biliyoruz hepsi farkl\u0131 siyasi g\u00f6r\u00fc\u015flerle kendini tan\u0131mlasa da hepsi birbirinin ayn\u0131yd\u0131. Toplu s\u00f6zle\u015fme masas\u0131ndan 19 talebinin 1&#8217;ni bile ge\u00e7iremeden ayr\u0131ld\u0131lar. <\/p>\n<p>Ama bu i\u015fe bir dur demek gerekiyor. Sendikac\u0131lar b\u00f6yle olmak zorunda de\u011fil. Sendikac\u0131l\u0131k Sizi umutlarla doldurup hayal k\u0131r\u0131kl\u0131klar\u0131na u\u011fratmak de\u011fil. Sendikac\u0131l\u0131k \u00fcye yap\u0131p bir daha arkas\u0131na bakmamak de\u011fil. Sendikac\u0131l\u0131k, kanunda yasak olmas\u0131na ra\u011fmen senin g\u00fcvencesiz olman\u0131 f\u0131rsat bilip seni sendikaya \u00fcye yapt\u0131rmak de\u011fil. <\/p>\n<p>Sendikac\u0131l\u0131k senin insan onurunu korumak i\u00e7in \u00e7al\u0131\u015fmak ve m\u00fccadele vermek demek<\/p>\n<p>Bu vakte kadar senden hi\u00e7 bir \u015fey istemedik. Ama \u015fu an senden bir \u015fey isteyece\u011fim. Bu iste\u011fim , senin benim sendikama \u00fcye olman de\u011fil. Kendi sendikan\u0131 sorgulaman ve de\u011fi\u015fimi talep etmen. \u00c7\u00fcnk\u00fc sensiz onlar bir hi\u00e7. <\/p>\n<p>E\u011fer onurlu m\u00fccadelemizin bir par\u00e7as\u0131 olmak istersen de sana kap\u0131lar\u0131m\u0131z sonuna kadar a\u00e7\u0131k. Senin derdin bizim derdimiz \u00e7\u00fcnk\u00fc , \u0130nan\u0131yorum ki 4\/C meselesini de hep birlikte \u00e7\u00f6zece\u011fiz.<\/p>\n<p>Ayhan \u00c7\u0130V\u0130<br \/>\nHakSen Konfederasyonu<br \/>\nGenel Ba\u015fkan\u0131 <\/p>\n","protected":false},"excerpt":{"rendered":"<p>Haksen Genel Ba\u015fkan\u0131 Ayhan \u00c7ivi&#8217;den 4\/C li personele a\u00e7\u0131k mektup.<\/p>\n","protected":false},"author":1,"featured_media":2594,"comment_status":"closed","ping_status":"open","sticky":false,"template":"","format":"standard","meta":{"footnotes":""},"categories":[],"tags":[],"class_list":["post-2593","post","type-post","status-publish","format-standard","has-post-thumbnail"],"_links":{"self":[{"href":"https:\/\/haksen.org.tr\/index.php?rest_route=\/wp\/v2\/posts\/2593","targetHints":{"allow":["GET"]}}],"collection":[{"href":"https:\/\/haksen.org.tr\/index.php?rest_route=\/wp\/v2\/posts"}],"about":[{"href":"https:\/\/haksen.org.tr\/index.php?rest_route=\/wp\/v2\/types\/post"}],"author":[{"embeddable":true,"href":"https:\/\/haksen.org.tr\/index.php?rest_route=\/wp\/v2\/users\/1"}],"replies":[{"embeddable":true,"href":"https:\/\/haksen.org.tr\/index.php?rest_route=%2Fwp%2Fv2%2Fcomments&post=2593"}],"version-history":[{"count":0,"href":"https:\/\/haksen.org.tr\/index.php?rest_route=\/wp\/v2\/posts\/2593\/revisions"}],"wp:featuredmedia":[{"embeddable":true,"href":"https:\/\/haksen.org.tr\/index.php?rest_route=\/wp\/v2\/media\/2594"}],"wp:attachment":[{"href":"https:\/\/haksen.org.tr\/index.php?rest_route=%2Fwp%2Fv2%2Fmedia&parent=2593"}],"wp:term":[{"taxonomy":"category","embeddable":true,"href":"https:\/\/haksen.org.tr\/index.php?rest_route=%2Fwp%2Fv2%2Fcategories&post=2593"},{"taxonomy":"post_tag","embeddable":true,"href":"https:\/\/haksen.org.tr\/index.php?rest_route=%2Fwp%2Fv2%2Ftags&post=2593"}],"curies":[{"name":"wp","href":"https:\/\/api.w.org\/{rel}","templated":true}]}}