{"id":2588,"date":"2013-06-21T12:00:00","date_gmt":"2013-06-21T12:00:00","guid":{"rendered":"http:\/\/haksen.org.tr\/?p=2588"},"modified":"2013-06-21T12:00:00","modified_gmt":"2013-06-21T12:00:00","slug":"kahramanmaras-tanitim-gunleri-basladi","status":"publish","type":"post","link":"https:\/\/haksen.org.tr\/?p=2588","title":{"rendered":"Kahramanmara\u015f Tan\u0131t\u0131m G\u00fcnleri Ba\u015flad\u0131"},"content":{"rendered":"<p>Ankara Atat\u00fcrk K\u00fclt\u00fcr Merkezinde Kahramanmara\u015f\u2019\u0131n ekonomik, sosyal ve k\u00fclt\u00fcrel de\u011ferlerinin tan\u0131t\u0131m\u0131 amac\u0131yla birincisi d\u00fczenlenen Kahramanmara\u015f Tan\u0131t\u0131m G\u00fcnleri ba\u015flad\u0131.<\/p>\n<p>20-23 Haziran 2013 tarihleri aras\u0131nda ger\u00e7ekle\u015fecek olan organizasyonu t\u00fcm vatanda\u015flar \u00fccretsiz olarak ziyaret edebilecekler.<\/p>\n<p>Haksen Genel Ba\u015fkan\u0131 Ayhan \u00c7ivi, Kahramanmara\u015f&#8217;\u0131n de\u011ferlerini Ankara\u2019ya ta\u015f\u0131yan bu organizasyonu d\u00fczenleyenlere ve eme\u011fi ge\u00e7enlere te\u015fekk\u00fcr etti.<\/p>\n<p>Atat\u00fcrk K\u00fclt\u00fcr Merkezi&#8217;nde d\u00fczenlenen Kahramanmara\u015f Tan\u0131t\u0131m G\u00fcnleri&#8217;ne, \u00c7evre ve \u015eehircilik Bakan\u0131 Erdo\u011fan , Bayraktar, Milli Savunma Bakan\u0131 \u0130smet Y\u0131lmaz, TBMM Ba\u015fkanvekili Mehmet Sa\u011flam, BBP Genel Ba\u015fkan\u0131 Mustafa Destici, Saadet Partisi Genel Ba\u015fkan\u0131 Mustafa Kamalak, Ak Parti Grup Ba\u015fkan Vekilleri Mahir \u00dcnal, Ay\u015fenur Bah\u00e7ekap\u0131l\u0131  ve Mehmet Ayd\u0131n, T\u00fcrk Parlementerler Birli\u011fi Genel Ba\u015fkan\u0131 ve Ak Parti Kahramanmara\u015f Milletvekili Nevzat Pakdil, Ak Parti Kahramanmara\u015f Milletvekilleri S\u0131tk\u0131 G\u00fcven\u00e7, Y\u0131ld\u0131r\u0131m Ramazano\u011flu, Sevde Beyaz\u0131t \u00d6zt\u00fcrk ile  ve \u00e7ok say\u0131da milletvekili kat\u0131ld\u0131. <\/p>\n<p>Erdo\u011fan Bayraktar, burada yapt\u0131\u011f\u0131 konu\u015fmada, birli\u011fin, beraberli\u011fin, b\u00fct\u00fcnl\u00fc\u011f\u00fcn \u00e7ok daha fazla peki\u015fmesinin gerekti\u011fi bug\u00fcnlerde ger\u00e7ekle\u015fen etkinli\u011fin son derece \u00f6nemli oldu\u011funu s\u00f6yledi.<\/p>\n<p>Kahramanmara\u015f&#8217;\u0131n T\u00fcrkiye&#8217;nin b\u00fct\u00fcnle\u015fmesi, birlik ve dirli\u011finde b\u00fcy\u00fck rol\u00fc bulundu\u011funu belirten Bayraktar, Frans\u0131z i\u015fgali s\u0131ras\u0131nda, daha T\u00fcrkiye&#8217;deki milli hareketler, milli \u00e7\u0131k\u0131\u015f ger\u00e7ekle\u015fmeden, T\u00fcrkiye Cumhuriyeti&#8217;nin manifestosunun yaz\u0131ld\u0131\u011f\u0131 g\u00fcnler gelmeden, milli \u015fuurun orada olu\u015fmas\u0131n\u0131n bo\u015funa olmad\u0131\u011f\u0131n\u0131 vurgulad\u0131.<\/p>\n<p>&#8220;Hem \u0130slam ile bulu\u015fmam\u0131z hem de Orta Asya&#8217;dan gelen ruhumuzun olu\u015fmas\u0131n\u0131n ana \u00e7ekirde\u011finin Mara\u015f&#8217;tan kaynaklanmas\u0131n\u0131n sebebi \u00e7ok \u00f6nemlidir&#8221; diyen Bayraktar, Kahramanmara\u015f&#8217;\u0131n t\u00fcm de\u011ferlerinin tan\u0131t\u0131laca\u011f\u0131 bu etkinli\u011fi \u00e7ok \u00f6nemsediklerini, ilerleyen tarihlerde \u0130stanbul&#8217;da da benzer bir program\u0131n d\u00fczenlenece\u011fini bildirdi.<\/p>\n<p>Kahramanmara\u015f&#8217;\u0131n kendini katlayarak geli\u015ftirdi\u011fini ifade eden Bayraktar, \u015funlar\u0131 kaydetti.<\/p>\n<p>&#8220;Mara\u015f&#8217;\u0131n kalk\u0131nmas\u0131, sadece insanlar\u0131n\u0131n \u00e7al\u0131\u015fkanl\u0131\u011f\u0131ndan de\u011fil vatan milliyet\u00e7ili\u011finin getirdi\u011fi bir olgudur. Mara\u015f, b\u00fcy\u00fck\u015fehir olmay\u0131 \u00e7oktan hak etti. \u00d6n\u00fcm\u00fczdeki se\u00e7imlere de b\u00fcy\u00fck\u015fehir olarak kat\u0131lacak. Bunun da kente ayr\u0131 bir ivme getirece\u011fine inan\u0131yorum. Mara\u015f&#8217;\u0131n ekonomik anlamda b\u00fcy\u00fcmesi, moderle\u015fmesi, refah\u0131n\u0131n artmas\u0131 yolunda \u00e7ok ciddi ad\u0131mlar at\u0131l\u0131yor ve at\u0131lacak. T\u00fcrkiye&#8217;nin birli\u011fe, dirli\u011fe her zamankinden daha fazla, partiler \u00fcst\u00fc, siyaset \u00fcst\u00fc ihtiyac\u0131 var. Mara\u015f da bu anlamda bayra\u011f\u0131 elinde ta\u015f\u0131yor.&#8221; <\/p>\n<p>-&#8220;Her insan\u0131n Mara\u015f&#8217;a vefa borcu var&#8221;<\/p>\n<p>Milli Savunma Bakan\u0131 \u0130smet Y\u0131lmaz ise konu\u015fmas\u0131na Rasim \u00d6zden\u00f6ren&#8217;in &#8220;\u0130nsan\u0131n yolu Mara\u015f&#8217;a tesad\u00fcfen d\u00fc\u015fmez, insan Mara\u015f&#8217;a azmederek gider&#8221; dizeleriyle ba\u015flayarak, Arif Nihat Asya&#8217;n\u0131n &#8220;kalem ka\u015f\u0131, k\u00f6\u015fe ta\u015f\u0131&#8221;, Karacao\u011flan&#8217;\u0131n &#8220;bizim iller&#8221; olarak tan\u0131mlad\u0131\u011f\u0131 kentin, adeta \u015fairler yurdu, yata\u011f\u0131 oldu\u011funu s\u00f6yledi. <\/p>\n<p>T\u00fcrkiye&#8217;nin \u00e7ok \u00f6nemli de\u011feri olan S\u00fct\u00e7\u00fc \u0130mam&#8217;\u0131n da Kahramanmara\u015f&#8217;ta yeti\u015fti\u011fini anlatan Y\u0131lmaz, A\u015f\u0131k Mahzuni&#8217;den Abdurrahim Karako\u00e7&#8217;a kadar bir\u00e7ok \u015fair, yazar ve d\u00fc\u015f\u00fcn\u00fcr\u00fcn T\u00fcrkiye&#8217;nin k\u00fclt\u00fcr\u00fcne zenginlik katt\u0131\u011f\u0131n\u0131, bu nedenle her insan\u0131n Kahramanmara\u015f&#8217;a vefa borcu oldu\u011funu vurgulad\u0131.<\/p>\n<p>Y\u0131lmaz, &#8220;Mara\u015f&#8217;a, Mara\u015f&#8217;\u0131n topra\u011f\u0131na, havas\u0131na, suyuna, insanlar\u0131na, k\u00fclt\u00fcr hayat\u0131m\u0131z\u0131 zenginle\u015ftirdikleri i\u00e7in te\u015fekk\u00fcr ederiz. \u015eairler yata\u011f\u0131 Mara\u015f&#8217;\u0131n tan\u0131t\u0131m\u0131 yap\u0131l\u0131yor. Kalesi, Ulu Camisi, Bak\u0131rc\u0131lar \u00c7ar\u015f\u0131s\u0131, hepsinden de \u00f6nemlisi Anadolu&#8217;nun yi\u011fit duru\u015funu abidele\u015ftiren su gibi aziz insan\u0131yla Mara\u015f k\u00fclt\u00fcr\u00fcn\u00fc g\u00f6rece\u011fiz ve daha \u00e7ok sevece\u011fiz&#8221; dedi.<\/p>\n<p>Etkinlik kapsam\u0131nda, Mara\u015f dondurmas\u0131 stand\u0131 kuruldu. Protokol \u00fcyeleri, burada dondurma keserek vatanda\u015flara ikram etti. A\u00e7\u0131l\u0131\u015f\u0131n ard\u0131ndan Bakan Bayraktar ile Y\u0131lmaz, stantlar\u0131 gezdi.<\/p>\n<h2 style='margin:20px 0;'>\u0130\u00e7erik Galerisi<\/h2>\n<p><img decoding=\"async\" src=\"wp-content\/uploads\/2016\/12\/414232896.jpg\" alt=\"Kahramanmara\u015f Tan\u0131t\u0131m G\u00fcnleri Ba\u015flad\u0131\" style=\"width:100%;\" \/><\/p>\n<p><img decoding=\"async\" src=\"wp-content\/uploads\/2016\/12\/83827579.jpg\" alt=\"Kahramanmara\u015f Tan\u0131t\u0131m G\u00fcnleri Ba\u015flad\u0131\" style=\"width:100%;\" \/><\/p>\n<p><img decoding=\"async\" src=\"wp-content\/uploads\/2016\/12\/869223270.jpg\" alt=\"Kahramanmara\u015f Tan\u0131t\u0131m G\u00fcnleri Ba\u015flad\u0131\" style=\"width:100%;\" \/><\/p>\n","protected":false},"excerpt":{"rendered":"<p>Genel Ba\u015fkan Ayhan \u00c7ivi, bu y\u0131l ilk olarak Ankara Atat\u00fcrk K\u00fclt\u00fcr Merkezi&#8217;nde d\u00fczenlenen Kahramanmara\u015f Tan\u0131t\u0131m G\u00fcnlerinin a\u00e7\u0131l\u0131\u015f t\u00f6renine kat\u0131ld\u0131.<\/p>\n","protected":false},"author":1,"featured_media":2589,"comment_status":"closed","ping_status":"open","sticky":false,"template":"","format":"standard","meta":{"footnotes":""},"categories":[],"tags":[],"class_list":["post-2588","post","type-post","status-publish","format-standard","has-post-thumbnail"],"_links":{"self":[{"href":"https:\/\/haksen.org.tr\/index.php?rest_route=\/wp\/v2\/posts\/2588","targetHints":{"allow":["GET"]}}],"collection":[{"href":"https:\/\/haksen.org.tr\/index.php?rest_route=\/wp\/v2\/posts"}],"about":[{"href":"https:\/\/haksen.org.tr\/index.php?rest_route=\/wp\/v2\/types\/post"}],"author":[{"embeddable":true,"href":"https:\/\/haksen.org.tr\/index.php?rest_route=\/wp\/v2\/users\/1"}],"replies":[{"embeddable":true,"href":"https:\/\/haksen.org.tr\/index.php?rest_route=%2Fwp%2Fv2%2Fcomments&post=2588"}],"version-history":[{"count":0,"href":"https:\/\/haksen.org.tr\/index.php?rest_route=\/wp\/v2\/posts\/2588\/revisions"}],"wp:featuredmedia":[{"embeddable":true,"href":"https:\/\/haksen.org.tr\/index.php?rest_route=\/wp\/v2\/media\/2589"}],"wp:attachment":[{"href":"https:\/\/haksen.org.tr\/index.php?rest_route=%2Fwp%2Fv2%2Fmedia&parent=2588"}],"wp:term":[{"taxonomy":"category","embeddable":true,"href":"https:\/\/haksen.org.tr\/index.php?rest_route=%2Fwp%2Fv2%2Fcategories&post=2588"},{"taxonomy":"post_tag","embeddable":true,"href":"https:\/\/haksen.org.tr\/index.php?rest_route=%2Fwp%2Fv2%2Ftags&post=2588"}],"curies":[{"name":"wp","href":"https:\/\/api.w.org\/{rel}","templated":true}]}}