{"id":2582,"date":"2013-06-17T12:00:00","date_gmt":"2013-06-17T12:00:00","guid":{"rendered":"http:\/\/haksen.org.tr\/?p=2582"},"modified":"2013-06-17T12:00:00","modified_gmt":"2013-06-17T12:00:00","slug":"mobbingle-mucadele-paneli","status":"publish","type":"post","link":"https:\/\/haksen.org.tr\/?p=2582","title":{"rendered":"Mobbingle M\u00fccadele Paneli"},"content":{"rendered":"<p>\u00c7al\u0131\u015fma ve Sosyal G\u00fcvenlik Bakanl\u0131\u011f\u0131 ile Sosyal G\u00fcvenlik Kurumu Ba\u015fkanl\u0131\u011f\u0131taraf\u0131ndan \u0130\u015f Yerinde Psikolojik Tacizle M\u00fccadele konulu panel d\u00fczenlendi.<\/p>\n<p>SGK Erdo\u011fan \u00d6zen Konferans Salonu\u2019nda ger\u00e7ekle\u015ftirilen panele  Genel Ba\u015fkan Ayhan \u00c7ivi\u2019nin yan\u0131 s\u0131ra E\u011fitim Hak-Sen Genel Ba\u015fkan\u0131 Hanifi G\u00f6k\u00e7ek, Sa\u011fl\u0131k Hak-Sen Genel Ba\u015fkan\u0131 Selahattin Karaca ve Haksen Te\u015fkilat Koordinat\u00f6r\u00fc \u0130smet Ta\u015f kat\u0131ld\u0131lar.<\/p>\n<p>Panele, Eski Devlet Bakan\u0131 ve Ak Parti Kad\u0131n Kollar\u0131 Ba\u015fkan\u0131 G\u00fcldal Ak\u015fit, SGK Ba\u015fkan\u0131 Yadigar G\u00f6kalp \u0130lhan, SGK Y\u00f6netim Kurulu \u00fcyeleri Kaz\u0131m Erg\u00fcn ve Salih K\u0131l\u0131\u00e7 ile b\u00fcrokratlar ile \u00e7al\u0131\u015fanlar kat\u0131ld\u0131.<\/p>\n<p>SGK Ba\u015fkan Yard\u0131mc\u0131s\u0131 Mustafa Kuruca\u2019n\u0131n moderat\u00f6rl\u00fc\u011f\u00fcnde ger\u00e7ekle\u015fen panelde Marmara \u00dcniversitesi \u00d6\u011fretim \u00dcyesi Prof. Dr. P\u0131nar T\u0131naz, Gazi \u00dcniversitesi \u00d6\u011fretim \u00dcyeleri Do\u00e7. Dr. Necati Cemalo\u011flu ile Yrd. Do\u00e7. Dr. O\u011fuz Sad\u0131k Aydos ve Anadolu \u00dcniversitesi \u00d6\u011fretim \u00dcyesi Prof. Dr. Ay\u015fe \u00c7i\u011fdem K\u0131rel de\u011ferlendirmelerde bulundu.\t<\/p>\n<p>G\u00f6kalp \u0130lhan: Bug\u00fcne Kadar 103 Personelimiz Taraf\u0131ndan Mobbing ile<br \/>\nM\u00fccadele Komisyonuna Ba\u015fvuruda Bulunulmu\u015ftur<\/p>\n<p>A\u00e7\u0131l\u0131\u015fta konu\u015fan SGK Ba\u015fkan\u0131 Yadigar G\u00f6kalp \u0130lhan, mobingin \u00e7al\u0131\u015fan\u0131n, bir grubun veya y\u00f6neticinin bir ba\u015fka \u00e7al\u0131\u015fan \u00fczerinde uygulad\u0131\u011f\u0131 sistematik ve olumsuz davran\u0131\u015flar s\u00fcreci oldu\u011funu belirtti.<\/p>\n<p>Mobbingin olumsuz sonu\u00e7lar\u0131na de\u011finen G\u00f6kalp \u0130lhan, mobbingin \u00e7al\u0131\u015fanlar\u0131n i\u015fyerinde i\u015fe gelme, i\u015f yapma gibi isteklerini azaltarak verimliliklerini d\u00fc\u015f\u00fcr\u00fcrken, ki\u015fili\u011fini ve mesleki itibar\u0131n\u0131 zedeleyip, \u00f6zel hayat\u0131nda derin yaralar a\u00e7makta ve aileden topluma yans\u0131yacak bi\u00e7imde fiziksel ve psikolojik rahats\u0131zl\u0131klara yol a\u00e7t\u0131\u011f\u0131n\u0131 bildirdi.<\/p>\n<p>SGK\u2019da, Mobbing ile M\u00fccadele Komisyonu ve \u00d6n De\u011ferlendirme Komisyonu<br \/>\nolu\u015fturuldu\u011fu hat\u0131rlatan G\u00f6kalp \u0130lhan, \u201cBug\u00fcne kadar 103 personelimiz taraf\u0131ndan Mobbing ile M\u00fccadele Komisyonuna, 2012 y\u0131l\u0131nda 101, 2013 y\u0131l\u0131nda 5 olmak \u00fczere,toplam 106 ba\u015fvuruda bulunulmu\u015ftur. Bu ba\u015fvurulardan 13\u2019\u00fc kad\u0131n, 22\u2019si erkek personelimize aittir. 68 ba\u015fvuru ise isimsiz olarak yap\u0131lm\u0131\u015ft\u0131r\u201d diye konu\u015ftu.<\/p>\n<p>G\u00f6kalp \u0130lhan: Yap\u0131lan Ara\u015ft\u0131rmalar Sonucunda Psikolojik Tacizden En Fazla<br \/>\nEtkilenen Taraf \u00c7al\u0131\u015fanlard\u0131r<\/p>\n<p>Yap\u0131lan ara\u015ft\u0131rmalar sonucunda psikolojik tacizden en fazla etkilenen taraf\u0131n<br \/>\n\u00e7al\u0131\u015fanlar oldu\u011funu vurgulayan G\u00f6kalp \u0130lhan, fiziksel ve ruhsal y\u00f6nden b\u00fcy\u00fck yara alan \u00e7al\u0131\u015fanlar\u0131n ayn\u0131 zamanda tacizden kurtulmak i\u00e7in i\u015ften ayr\u0131lma yoluna gitmekte ya da m\u00fccadele etmek i\u00e7in mahkeme yoluna ba\u015fvurarak ekonomik y\u00f6nden de yara ald\u0131klar\u0131n\u0131n alt\u0131n\u0131 \u00e7izdi.<\/p>\n<p>Kurum olarak mobbingle m\u00fccadele ad\u0131na \u00e7al\u0131\u015fanlarda fark\u0131ndal\u0131\u011f\u0131n art\u0131r\u0131lmas\u0131 i\u00e7in 16 sayfal\u0131k bilgilendirici kitap\u00e7\u0131k bast\u0131rd\u0131klar\u0131n\u0131 ifade eden G\u00f6kalp \u0130lhan,\u201cMobbingle m\u00fccadele ve \u00f6n de\u011ferlendirme komisyonlar\u0131m\u0131z belirli aral\u0131klarla toplanmakta ve gelen ba\u015fvurular\u0131 de\u011ferlendirerek gerekli i\u015flemleri yapmaktad\u0131rlar.<\/p>\n<p>Kurum \u00e7al\u0131\u015fanlar\u0131m\u0131z\u0131n mobbing hakk\u0131nda bilgilendirilmeleri i\u00e7in \u0130l M\u00fcd\u00fcrl\u00fcklerimiz dahil olmak \u00fczere e\u011fitimler verilmektedir\u201d dedi.<\/p>\n<p>Ak\u015fit: Toplumumuzu Mobbing Konusunda Bilin\u00e7lendirmeliyiz<\/p>\n<p>Panele kat\u0131lan Eski Devlet Bakan\u0131 G\u00fcldal Ak\u015fit ise, toplumu mobbing konusunda bilgilendirme ve bilin\u00e7lendirmenin \u00f6nemine dikkati \u00e7ekerek, mobbing ile ilgili cayd\u0131r\u0131c\u0131l\u0131\u011f\u0131n olmas\u0131 i\u00e7in mutlaka bir yasal d\u00fczenleme ve m\u00fceyyidenin olmas\u0131 gerekti\u011fini belirtti.<\/p>\n<p>Bir y\u00f6neticinin kendine g\u00fcveninin olmad\u0131\u011f\u0131 ve g\u00fcc\u00fcn\u00fc oturdu\u011fu koltuktan ald\u0131\u011f\u0131durumlarda y\u00f6neticinin personeline psikolojik taciz uygulayabilece\u011fini ifade eden Ak\u015fit,mobbingle ilgili olarak T\u00fcrkiye\u2019nin geldi\u011fi noktada engelleyici \u00f6nlemler al\u0131nd\u0131\u011f\u0131n\u0131 s\u00f6yledi.<\/p>\n<p>Ak\u015fit konu\u015fmas\u0131n\u0131 SGK Ba\u015fkan\u0131 Yadigar G\u00f6kalp \u0130lhan\u2019a ve panelin<br \/>\nd\u00fczenlenmesinde eme\u011fi ge\u00e7enlere te\u015fekk\u00fcr ederek tamamlad\u0131.<\/p>\n<p>A\u00e7\u0131l\u0131\u015f konu\u015fmalar\u0131n\u0131n ard\u0131ndan panel oturumuna ge\u00e7ildi. <\/p>\n<p>Panelist \u0130\u015f Psikolo\u011fu Prof. Dr. P\u0131nar T\u0131naz, mobbingin bir\u00e7ok bilim dal\u0131n\u0131n alan\u0131na girdi\u011fini ve bir\u00e7ok bilim adam\u0131n\u0131n bu konuda \u00e7al\u0131\u015fmalar yapt\u0131\u011f\u0131na dikkati \u00e7ekti. <\/p>\n<p>T\u00fcrkiye\u2019de bilimsel mobbing ile magazinle\u015fmi\u015f mobbing aras\u0131nda \u00e7at\u0131\u015fma oldu\u011funu kaydeden T\u0131naz, mobbing konusunun mutlaka i\u015fin uzmanlar\u0131 taraf\u0131ndan ele al\u0131nmas\u0131 gerekti\u011fini kaydetti.<\/p>\n<p>Mobbingin \u00e7al\u0131\u015fma hayat\u0131n\u0131n ba\u015flang\u0131c\u0131ndan itibaren var oldu\u011funu dile getiren T\u0131naz, \u201cBu konu hep g\u00f6rmezden geliniyor. Mobbing \u00e7al\u0131\u015fma ya\u015fam\u0131n\u0131n en ciddi ve sosyal sosyal sorunlar\u0131ndan birisi. Dolay\u0131s\u0131yla ihmal edilmemesi gerekmektedir\u201d diye konu\u015ftu.<\/p>\n<p>Gazi \u00dcniversitesi \u00d6\u011fretim \u00dcyesi Do\u00e7. Dr. Necati Cemalo\u011flu da mobbing ile<br \/>\nm\u00fccadele edilmesi gerekti\u011fini ifade ederek, bu konu \u00fczerinde ciddiyetle durulmas\u0131 ve \u00f6nlenmesi i\u00e7in gerekli \u00e7al\u0131\u015fmalar\u0131n yap\u0131lmas\u0131 gerekti\u011fini s\u00f6yledi.<\/p>\n<p>ABD\u2019de yap\u0131lan ara\u015ft\u0131rmaya g\u00f6re kad\u0131n \u00e7al\u0131\u015fanlar\u0131n y\u00fczde 42\u2019si erkelerin ise y\u00fczde 15\u2019inin mobbinge maruz kald\u0131\u011f\u0131n\u0131 vurgulayan Cemalo\u011flu, \u201cT\u00fcrkiye\u2019de mobbing yapanlar  k\u00f6pek bal\u0131\u011f\u0131na benzer\u201d dedi.<\/p>\n<p> Cemalo\u011flu ayr\u0131ca, ba\u015fka bir ara\u015ft\u0131rmaya g\u00f6re Bosna\u2019da doktorlar\u0131n y\u00fczde 76\u2019s\u0131n\u0131n mobbinge maruz kald\u0131\u011f\u0131n\u0131 dile getirdi Mobbingin olumsuz sonu\u00e7lar\u0131na da de\u011finen Cemalo\u011flu ABD\u2019de y\u0131ll\u0131k mobbing<br \/>\nmaliyetinin 180 milyon dolar oldu\u011funu s\u00f6yledi.<\/p>\n<p>Gazi \u00dcniversitesi \u00d6\u011fretim \u00dcyesi Yrd. Do\u00e7. Dr. O\u011fuz Sad\u0131k Aydos ise, erkeklerin bayanlardan daha \u00e7ok mobbinge maruz kald\u0131\u011f\u0131n\u0131n alt\u0131n\u0131 \u00e7izerek, son zamanlarda T\u00fcrkiye\u2019de mobbing ile ilgili ciddi ad\u0131mlar at\u0131ld\u0131\u011f\u0131n\u0131 ifade etti.<\/p>\n<p>Aydos, \u00f6rg\u00fctsel anlamda mobbingle m\u00fccadele edilmesinin \u00f6nemine vurgu<br \/>\nyaparak, \u00f6rg\u00fctsel \u00f6nleyicili\u011fin yan\u0131 s\u0131ra bireysel olarak da bu sorunla m\u00fccadele edilmesi gerekti\u011fini vurgulad\u0131.<\/p>\n<p>Anadolu \u00dcniversitesi \u00d6\u011fretim \u00dcyesi Prof. Dr. Ay\u015fe \u00c7i\u011fdem K\u0131rel ise konu\u015fmas\u0131nda,bayanlar\u0131n erkeklerden \u00e7ok daha ma\u011fdur oldu\u011funu ama bunu ba\u015fvuruya d\u00f6kemediklerini belirterek, mobbingin \u00e7al\u0131\u015fma hayat\u0131nda \u00e7ok ciddi sorunlara yol a\u00e7t\u0131\u011f\u0131n\u0131 dile getirdi.<\/p>\n<p>\u00c7al\u0131\u015fan insanlar\u0131n her an mobbinge maruz kalabilece\u011fini kaydeden K\u0131rel, \u00f6rg\u00fctsel ve bireysel tedbirlerle bu sorunun engellenebilece\u011fini vurgulad\u0131.<\/p>\n<p>K\u0131rel m\u00fccadele y\u00f6ntemleri ile ilgili ad\u0131mlar\u0131n bilin\u00e7le at\u0131lmas\u0131 gerekti\u011fini belirterek, mobbing sonucunda psikolojik, fizyolojik ve davran\u0131\u015fsal tepkilerin ortaya \u00e7\u0131kt\u0131\u011f\u0131n\u0131 belirtti.<\/p>\n<p>Panelin ard\u0131ndan panelistlere plaket verildi<\/p>\n<h2 style='margin:20px 0;'>\u0130\u00e7erik Galerisi<\/h2>\n<p><img decoding=\"async\" src=\"wp-content\/uploads\/2016\/12\/814411882.JPG\" alt=\"Mobbingle M\u00fccadele Paneli\" style=\"width:100%;\" \/><\/p>\n<p><img decoding=\"async\" src=\"wp-content\/uploads\/2016\/12\/523780184.JPG\" alt=\"Mobbingle M\u00fccadele Paneli\" style=\"width:100%;\" \/><\/p>\n<p><img decoding=\"async\" src=\"wp-content\/uploads\/2016\/12\/154259966.JPG\" alt=\"Mobbingle M\u00fccadele Paneli\" style=\"width:100%;\" \/><\/p>\n<p><img decoding=\"async\" src=\"wp-content\/uploads\/2016\/12\/710487919.JPG\" alt=\"Mobbingle M\u00fccadele Paneli\" style=\"width:100%;\" \/><\/p>\n","protected":false},"excerpt":{"rendered":"<p>Genel Ba\u015fkan Ayhan \u00c7ivi, \u00c7al\u0131\u015fma Bakanl\u0131\u011f\u0131 ile SGK Ba\u015fkanl\u0131\u011f\u0131 taraf\u0131ndan d\u00fczenlenen \u0130\u015f Yerinde Psikolojik Tacizle M\u00fccadele konulu panele kat\u0131ld\u0131.<\/p>\n","protected":false},"author":1,"featured_media":2583,"comment_status":"closed","ping_status":"open","sticky":false,"template":"","format":"standard","meta":{"footnotes":""},"categories":[],"tags":[],"class_list":["post-2582","post","type-post","status-publish","format-standard","has-post-thumbnail"],"_links":{"self":[{"href":"https:\/\/haksen.org.tr\/index.php?rest_route=\/wp\/v2\/posts\/2582","targetHints":{"allow":["GET"]}}],"collection":[{"href":"https:\/\/haksen.org.tr\/index.php?rest_route=\/wp\/v2\/posts"}],"about":[{"href":"https:\/\/haksen.org.tr\/index.php?rest_route=\/wp\/v2\/types\/post"}],"author":[{"embeddable":true,"href":"https:\/\/haksen.org.tr\/index.php?rest_route=\/wp\/v2\/users\/1"}],"replies":[{"embeddable":true,"href":"https:\/\/haksen.org.tr\/index.php?rest_route=%2Fwp%2Fv2%2Fcomments&post=2582"}],"version-history":[{"count":0,"href":"https:\/\/haksen.org.tr\/index.php?rest_route=\/wp\/v2\/posts\/2582\/revisions"}],"wp:featuredmedia":[{"embeddable":true,"href":"https:\/\/haksen.org.tr\/index.php?rest_route=\/wp\/v2\/media\/2583"}],"wp:attachment":[{"href":"https:\/\/haksen.org.tr\/index.php?rest_route=%2Fwp%2Fv2%2Fmedia&parent=2582"}],"wp:term":[{"taxonomy":"category","embeddable":true,"href":"https:\/\/haksen.org.tr\/index.php?rest_route=%2Fwp%2Fv2%2Fcategories&post=2582"},{"taxonomy":"post_tag","embeddable":true,"href":"https:\/\/haksen.org.tr\/index.php?rest_route=%2Fwp%2Fv2%2Ftags&post=2582"}],"curies":[{"name":"wp","href":"https:\/\/api.w.org\/{rel}","templated":true}]}}