{"id":2580,"date":"2013-06-08T12:00:00","date_gmt":"2013-06-08T12:00:00","guid":{"rendered":"http:\/\/haksen.org.tr\/?p=2580"},"modified":"2013-06-08T12:00:00","modified_gmt":"2013-06-08T12:00:00","slug":"civi--kanal-bde-4-cyi-degerlendirdi","status":"publish","type":"post","link":"https:\/\/haksen.org.tr\/?p=2580","title":{"rendered":"\u00c7ivi, Kanal B&#8217;de 4\/C&#8217;yi De\u011ferlendirdi"},"content":{"rendered":"<p>Genel Ba\u015fkan Ayhan \u00c7vi&#8217;nin kat\u0131ld\u0131\u011f\u0131 TV programlar\u0131na ili\u015fkin yay\u0131nlamakta oldu\u011fumuz videolar\u0131n baz\u0131 \u00fcyelerimiz taraf\u0131ndan izlenme imkan\u0131 olmamas\u0131 nedeniyle program\u0131n de\u015fifre edilmi\u015f metnini yay\u0131ml\u0131yoruz.<\/p>\n<p>HAKSEN GENEL BA\u015eKANI AYHAN \u00c7\u0130V\u0130\u2019N\u0130N KONUK OLARAK  KATILDI\u011eI<br \/>\n06\/05\/2013 TAR\u0130H\u0130NDE KANAL B DE YAYINLANAN  \u201cG\u00dcNCEL\u201d  PRAGRAMININ METN\u0130D\u0130R<\/p>\n<p>EMRE SAKLICA: Kamu \u00e7al\u0131\u015fanlar\u0131n\u0131 yak\u0131n zamanda \u00f6nemli de\u011fi\u015fiklikler bekliyor ve her g\u00fcn 657 ye yap\u0131lmas\u0131 gereken de\u011fi\u015fiklikle ilgili farkl\u0131 haberler okur olduk son g\u00fcnlerde \u00e7ok konu\u015fulan ba\u015fl\u0131klardan birisi de ek \u00f6demeler. Memurlar emekli olduktan sonra ek \u00f6demelerin ayl\u0131klar\u0131na yans\u0131mad\u0131\u011f\u0131 i\u00e7in maa\u015f fark\u0131n\u0131n \u00e7ok ciddi oranlarda farkl\u0131 oldu\u011fu belirtiliyor ki bu konuda hatta sizin de ge\u00e7ti\u011fimiz y\u0131l bir ara\u015ft\u0131rman\u0131z vard\u0131 en \u00e7ok fark\u0131 Maliye \u00e7al\u0131\u015fanlar\u0131 ve Polislerin diye hatta s\u00f6ylemi\u015ftiniz. Bu konunun \u00e7\u00f6z\u00fclece\u011fi belirtiliyor sizce \u00e7\u00f6z\u00fclecek mi nas\u0131l \u00e7\u00f6z\u00fclebilir ne yap\u0131lmal\u0131 bu konuda?<\/p>\n<p>HAKSEN GENEL BA\u015eKANI AYHAN \u00c7\u0130V\u0130: 2006 y\u0131l\u0131ndan itibaren ek \u00f6deme ad\u0131 alt\u0131nda denge tazminat\u0131 \u00f6denmeye ba\u015fland\u0131. Burada ki ama\u00e7 Kamu Kurumlar\u0131 aras\u0131nda ayn\u0131 \u00fcnvan da  ayn\u0131 kariyere sahip memurlar aras\u0131nda e\u015fitli\u011fi sa\u011flamakt\u0131. Ancak bu ek \u00f6demeler \u00f6nce 40+40 olarak ba\u015flad\u0131 \u015fuanda da 400 TL, 700 TL 800TL, aras\u0131nda de\u011fi\u015fen miktarda kamu g\u00f6revlileri ek \u00f6deme al\u0131yorlar. Ancak bu ek \u00f6demeler de ne Vergi kesiliyor ne Sosyal G\u00fcvenlik Primi kesiliyor. Dolay\u0131s\u0131yla be ek \u00f6demeler Kamu G\u00f6revlileri emekli oldu\u011funda onlar\u0131n emekli ikramiyelerine ve emekli ayl\u0131klar\u0131na hi\u00e7bir \u015fekilde yans\u0131m\u0131yor. Buda Kamu g\u00f6revlilerinde ciddi ayl\u0131k kay\u0131plar\u0131na neden oluyor.  Yani bug\u00fcn 3.000 TL alan Gelir \u0130daresi \u00e7al\u0131\u015fan\u0131 emekli oldu\u011funda 1.400 TL ye d\u00fc\u015f\u00fcyor. Yine o civarda ayl\u0131k alan bir Polis memuru emekli oldu\u011funda 1.250, 1.300 TL ye d\u00fc\u015f\u00fcyor maa\u015f\u0131 dolay\u0131s\u0131yla da Kamu g\u00f6revlileri emekli olmaktan korkuyor. Emeklilik asl\u0131nda Kamu g\u00f6revlileri i\u00e7in b\u00fcy\u00fck bir risk b\u00fcy\u00fck bir kabus ya ikinci bir i\u015fini ayarlamak zorunda emekli oldu\u011funda ya da mevcut g\u00f6revinde ya\u015f haddine kadar \u00e7al\u0131\u015fmak zorunda burada hem devletin ciddi anlamda prim kayb\u0131 ve gelir kayb\u0131 var hem de \u00e7al\u0131\u015fanlar\u0131n emekli oldu\u011funda ciddi maa\u015f kay\u0131plar\u0131 var. Dolay\u0131s\u0131yla bu sorun ayn\u0131 zamanda bize g\u00f6re bu ek \u00f6demeler asl\u0131nda kay\u0131t d\u0131\u015f\u0131 \u00f6demelerdir. Sonu\u00e7 da \u00f6zel sekt\u00f6rde \u00e7al\u0131\u015fan bir i\u015f\u00e7i Kamu da \u00e7al\u0131\u015fan bir i\u015f\u00e7i emekli oldu\u011fun da kendisine parayla \u00f6l\u00e7\u00fclebilen b\u00fct\u00fcn \u00f6demeler maa\u015f\u0131na ve ikramiyesine ediliyor. Ancak \u00e7al\u0131\u015fanlar a\u00e7\u0131s\u0131ndan Devlet Memurlar\u0131 a\u00e7\u0131s\u0131ndan b\u00f6yle bir \u015fey s\u00f6z konusu de\u011fil. Maliye Bakanl\u0131\u011f\u0131n\u0131n verilerine g\u00f6re son 7 y\u0131lda yakla\u015f\u0131k 17 Milyar TL ek \u00f6deme yap\u0131lm\u0131\u015f Kamu g\u00f6revlilerine toplam bundan %15 Gelir Vergisi %14 de Sosyal G\u00fcvenlik Primi d\u00fc\u015f\u00fcnd\u00fc\u011f\u00fcn\u00fczde yakla\u015f\u0131k 5 Milyar TL Devletinde kayb\u0131 var. Tabi ki \u00e7al\u0131\u015fanlar\u0131n kayb\u0131 bunu \u00e7ok daha \u00fczerinde emekli olduklar\u0131nda maa\u015flar\u0131 ciddi \u00f6l\u00e7\u00fcde d\u00fc\u015f\u00fcyor dolay\u0131s\u0131yla biz bu konuyu HAKSEN olarak 2 y\u0131l \u00f6ncesinden g\u00fcndeme getirdik. En son Abant ta yap\u0131lan \u00c7al\u0131\u015ftay da ben bunu bizzat Sn Bakana da ifade ettim rakamlarla dolay\u0131s\u0131yla da bu konu \u00fczerinde bir \u00e7al\u0131\u015fma yap\u0131laca\u011f\u0131 ifade edilmi\u015fti. En son Polislerle ilgili onlar\u0131n g\u00f6stergelerinin art\u0131r\u0131laca\u011f\u0131 emekli olduklar\u0131nda bas\u0131na yans\u0131d\u0131 ancak bu konuda hen\u00fcz bize yans\u0131m\u0131\u015f resmi bir \u00e7al\u0131\u015fma, taslak, tasar\u0131 yok.<\/p>\n<p>EMRE SAKLICA: Peki yine 657 iddias\u0131nda \u00e7ok konu\u015fulan ba\u015fl\u0131klardan birisi bu Rotasyon sistemi ge\u00e7ti\u011fimiz g\u00fcnlerde hatta ayr\u0131nt\u0131lar\u0131 \u00e7\u0131km\u0131\u015ft\u0131 i\u015fte maa\u015flar\u0131n daha fazla \u00f6denece\u011fi Rotasyonda b\u00fct\u00fcn \u00e7al\u0131\u015fanlar\u0131 de\u011fil b\u00fct\u00fcn Kamu \u00c7al\u0131\u015fanlar\u0131na de\u011fil %10\u2019luk bir k\u0131sm\u0131n\u0131 etkileyece\u011fi  belli hizmet belli hizmet kollar\u0131nda bu Rotasyonun yap\u0131laca\u011f\u0131 s\u00f6ylenmi\u015fti tabi hen\u00fcz Kanun Tasla\u011f\u0131 \u00f6n\u00fcm\u00fczde olmad\u0131\u011f\u0131 i\u00e7in net konu\u015fulam\u0131yor belki ama Rotasyon konusundaki g\u00f6r\u00fc\u015flerinizi merak ediyorum.<\/p>\n<p>HAKSEN GENEL BA\u015eKANI AYHAN \u00c7\u0130V\u0130: Evet, \u015fimdi asl\u0131nda burada biraz ifade olarak bence yanl\u0131\u015f bir ifade Rotasyon bunu mecburi hizmet demek daha do\u011fru olur. Zaten \u015fuan da  Emre bey Kamuda g\u00f6rev yapan G\u00fcvenlik Kuvvetlerinde nispeten Sa\u011fl\u0131k\u00e7\u0131larda bir b\u00f6lgesel \u00e7al\u0131\u015fma  zorunlulu\u011fu var. T\u00fcrkiye B\u00f6lgelere ayr\u0131lm\u0131\u015f ve \u00e7al\u0131\u015fanlar hizmet y\u0131llar\u0131 itibariyle bu b\u00f6lgelerde g\u00f6rev yapmak zorundalar. Buna biraz daha di\u011fer meslek mensuplar\u0131 da \u00d6\u011fretmenler kat\u0131lmak isteniyor zaten bug\u00fcn T\u00fcrkiye de Kamu \u00c7al\u0131\u015fanlar\u0131n\u0131n yakla\u015f\u0131k 3\/2 sini bu bahsetti\u011fim kesim temsil ediyor. Yani Sa\u011fl\u0131k \u00e7al\u0131\u015fanlar\u0131, E\u011fitim \u00e7al\u0131\u015fanlar\u0131, Asker ve Emniyet \u00e7al\u0131\u015fanlar\u0131 te\u015frif ediyor. Dolay\u0131s\u0131yla bu tabi b\u00fct\u00fcn Kamu g\u00f6revlilerini sanki b\u00f6yle bir uygulama gibi alg\u0131land\u0131 ve bunun tabi di\u011fer Kamu g\u00f6revlileri a\u00e7\u0131s\u0131ndan s\u00fcrd\u00fcr\u00fclmesi de \u00e7ok zor bir pratik a\u00e7\u0131s\u0131ndan uygulama yani Merkezi \u0130darede \u00e7al\u0131\u015fanlar\u0131n\u0131n \u00e7o\u011funun ta\u015frada te\u015fkilat\u0131 yok veyahut ta uzmanl\u0131k alanlar\u0131 farkl\u0131 dolay\u0131s\u0131yla bu bize g\u00f6re uygulanabilir bir sistem de\u011fil. Ayr\u0131ca di\u011fer meslek mensuplar\u0131 a\u00e7\u0131s\u0131ndan da mutlak suretle bunun fiili hizmet zamm\u0131 ve di\u011fer tazminatlar\u0131n\u0131n da art\u0131r\u0131lmas\u0131 \u015feklinde bu zorunlulu\u011fun bir tazmin edilmesi de gerekiyor. Dolay\u0131s\u0131yla da bunun bir \u00f6l\u00e7\u00fcl\u00fc iste\u011fe ba\u011fl\u0131 di\u011fer Kamu g\u00f6revlileri a\u00e7\u0131s\u0131ndan getirilebilir ancak tabi ki H\u00fck\u00fcmetin \u015fuana kadar bizlerle payla\u015ft\u0131\u011f\u0131 bu anlamda da somut bir d\u00fczenleme tasar\u0131, taslak bulunmuyor bunlar Kamuoyunda tart\u0131\u015f\u0131l\u0131yor konu\u015fuluyor.<\/p>\n<p>EMRE SAKLICA: Evet, \u015fimdi 657 ile ilgili de\u011fi\u015fiklik konusunda dediniz ki Abant&#8217;daki  \u00c7al\u0131\u015ftay&#8217;da asl\u0131nda pek \u00e7ok konu g\u00fcndeme geldi. Zaten onun sonras\u0131nda asl\u0131nda ne olacak bir taraf da Rotasyon dedi\u011finiz gibi ek \u00f6demeler  farkl\u0131 ba\u015fl\u0131klar s\u0131k s\u0131k g\u00fcndeme gelir oldu 657 ile ilgili sizin HAKSEN olarak ne gibi talepleriniz var \u015fuan da \u00e7\u00fcnk\u00fc bir taraf da ki k\u0131sa bir s\u00fcre i\u00e7in 4\/C\u2019lilerin durumunu da konu\u015faca\u011f\u0131z ama \u00f6rne\u011fin 657\u2019de art\u0131k i\u015f\u00e7iyi de Kamu personelinin tek bir platformda toplanaca\u011f\u0131 belirtiliyor bir nokta da oda s\u00f6ylentiler aras\u0131nda g\u00fcvencesiz \u00e7al\u0131\u015fma gelecek diyen de var nas\u0131l yakla\u015f\u0131yorsunuz?<\/p>\n<p>HAKSEN GENEL BA\u015eKANI AYHAN \u00c7\u0130V\u0130: \u015eimdi Emre bey asl\u0131nda Abant ta \u00e7ok detayl\u0131 bir \u00e7al\u0131\u015fma yap\u0131ld\u0131 sizlerde takip ettiniz 6 Gruba ayr\u0131ld\u0131 t\u00fcm Kamu Personel rejimi sadece 657 de\u011fil \u00e7\u00fcnk\u00fc 657\u2019nin d\u0131\u015f\u0131nda da Kamu da y\u00fcr\u00fcrl\u00fckte olan mevzuatlar var.  Burada asl\u0131nda yap\u0131lmak istenen sadece i\u015f\u00e7i memur ayr\u0131m\u0131ndan da \u00f6te di\u011fer Kamu g\u00f6revlileri diye tabir etti\u011fimiz bizim kendi \u00f6zel Kanununa tabi meslek mensuplar\u0131 var. Kim bunlar Hakim ve Savc\u0131lar, Emniyet mensuplar\u0131 biliyorsunuz onlar\u0131n kendi i\u00e7 hizmet Kanunlar\u0131 var dolay\u0131s\u0131yla onlara \u00f6zl\u00fck hakk\u0131 tan\u0131yan \u00f6zel d\u00fczenlemeler var. Burada ki ama\u00e7 b\u00fct\u00fcn bu mevzuat\u0131 tek bir Devlet Personel mevzuat\u0131 \u015fekline getirme d\u00fc\u015f\u00fcncesi var. Tabi bunun i\u00e7erisinde stat\u00fclerin kald\u0131r\u0131lmas\u0131 da var ama stat\u00fclerin kald\u0131r\u0131lmas\u0131 bu kadar geni\u015f bir \u00e7al\u0131\u015fmay\u0131 gerektirecek bir konu de\u011fil. Esas daha \u00f6nce 2005 y\u0131l\u0131nda yap\u0131lmas\u0131 d\u00fc\u015f\u00fcn\u00fclen komple \u00fccret sisteminden tutunda atamalara, g\u00f6revde y\u00fckselmelere ve performansa kadar bir tak\u0131m de\u011fi\u015fiklikler i\u00e7eren d\u00fczenleme sonu\u00e7 olarak burada esasen benim alg\u0131lad\u0131\u011f\u0131m \u015fey Emre bey Kamuda i\u015f g\u00fcvencesini zay\u0131flatacak performansa dayal\u0131 \u00fccret sistemini getirecek bir d\u00fczenleme d\u00fc\u015f\u00fcn\u00fcl\u00fcyor.<\/p>\n<p>EMRE SAKLICA: Peki siz bu konuda ne d\u00fc\u015f\u00fcn\u00fcyorsunuz \u00e7\u00fcnk\u00fc performans daha \u00f6nce SGK\u2019da uygulanm\u0131\u015ft\u0131 tart\u0131\u015fmalara yol a\u00e7m\u0131\u015ft\u0131 gelmeli mi daha verimi art\u0131r\u0131r m\u0131?<\/p>\n<p>HAKSEN GENEL BA\u015eKANI AYHAN \u00c7\u0130V\u0130 \u015eimdi s\u00f6yle Emre bey burada Kamu g\u00f6revi s\u00fcrekli bir g\u00f6revdir ve mutla suretle Kamu g\u00f6revlileri eliyle s\u00fcrd\u00fcr\u00fclmesi gereken g\u00f6revledir. Bunlar ticari ama\u00e7 veyahut ta verimlili\u011fi getirisi somut olarak de\u011ferlendirmeye tabi tutulamayacak g\u00f6revlerdir. Bu y\u00fczden siz bu hizmetleri performansa dayal\u0131 bir \u00fccret sistemine d\u00f6n\u00fc\u015ft\u00fcr\u00fcrseniz burada tamamen kay\u0131rmac\u0131 tamamen bu de\u011ferlendirmeyi takdir yetkisine sahip insanlar\u0131n kendi hukuklar\u0131n\u0131 olu\u015fturmu\u015f olursunuz. Halbuki bunu her zamanda s\u00f6yl\u00fcyoruz yani \u00f6l\u00e7\u00fclemeyen hizmetler vard\u0131r bunu \u00f6l\u00e7emezsiniz yani bug\u00fcn bir karakolda n\u00f6bet tutan Polis memurunun veyahut ta bir Sa\u011fl\u0131k evinde k\u00f6yde g\u00f6rev yapan bir ebenin veyahut ta bir s\u0131n\u0131ftaki E\u011fitim veren bir \u00d6\u011fretmenin siz performans\u0131n\u0131 nas\u0131l \u00f6l\u00e7eceksiniz yani \u00f6nce \u00f6\u011frencinin performans\u0131n\u0131 do\u011fru \u00f6l\u00e7meniz laz\u0131m ki \u00d6\u011fretmenin performans\u0131n\u0131 \u00f6l\u00e7ebilesiniz. Kamu hizmetlerinin y\u00fcr\u00fct\u00fclmesinde bir tak\u0131m alet h\u0131rdavat ve alt yap\u0131da gerekiyor. Bu hizmetlerin kaliteli hale gelmesi sadece insan unsuruyla yetmiyor. Bu nedenle de temel Kamu hizmetlerinin performans\u0131n\u0131n \u00f6l\u00e7\u00fclebilmesi m\u00fcmk\u00fcn de\u011fildir. Zaten bak\u0131n Devlet K\u0130T\u2019leri \u00f6zelle\u015ftiriyor yani ticari i\u015flerde Devlet elini \u00e7ekiyor. Burada personel ciddi anlamda hak kay\u0131plar\u0131na u\u011fruyor. Onlar \u00f6zelle\u015ftirirken Devlet kendi asli g\u00f6revini yapacak diye \u00f6zelle\u015ftiriliyor de\u011fil mi? \u015eimdi siz asli g\u00f6revlerde de adeta bir ticari i\u015fletme gibi hastay\u0131 m\u00fc\u015fteri veyahut ta vatanda\u015f\u0131 m\u00fc\u015fteri gibi g\u00f6rerek bu d\u00fczenlemeyi yapamazs\u0131n\u0131z. Bu ancak Kamu hizmetleri ger\u00e7ekten de son derece esnek verilebilir herkes ula\u015f\u0131labilir oldu\u011funda belki bunlar\u0131 \u00f6l\u00e7ebilirsiniz dolay\u0131s\u0131yla bence bunlar bir \u00dctopyadan \u00f6teye ge\u00e7emez diye d\u00fc\u015f\u00fcn\u00fcyorum.<\/p>\n<p>EMRE SAKLICA: \u015eimdi \u00f6zelle\u015ftirmelerden bahsettiniz ve \u00f6zelle\u015ftirmeler sonras\u0131 Kamu \u00e7al\u0131\u015fanlar\u0131n\u0131n durumlar\u0131 da \u00f6nemli konulardan biri bu \u00f6n\u00fcm\u00fczde 4\/C stat\u00fcs\u00fcn\u00fc \u00e7\u0131kar\u0131yor bir yandan 4\/C\u2019li hat\u0131rlayacaks\u0131n\u0131z. Kamu \u00c7al\u0131\u015fanlar\u0131 ad\u0131na Tekel i\u015f\u00e7ileriyle g\u00fcndeme geldiler ve sonras\u0131nda asl\u0131nda pek \u00e7ok 4\/C \u00e7al\u0131\u015fan\u0131n ma\u011fduriyetini sizde dile getirdiniz davalarla Avrupa \u0130nsan Haklar\u0131 Mahkemesine kadar ta\u015f\u0131d\u0131n\u0131z. S\u0131k\u0131nt\u0131l\u0131 bir s\u00fcre\u00e7 ya\u015fand\u0131 \u015fuanda 4\/C\u2019lilerle ilgili yeni bir geli\u015fmeler var m\u0131? Buda Kamu \u00e7al\u0131\u015fanlar\u0131n\u0131n \u00f6nemli s\u0131k\u0131nt\u0131lar\u0131ndan biri.<\/p>\n<p>HAKSEN GENEL BA\u015eKANI AYHAN \u00c7\u0130V\u0130: Bence de hatta ben bu yay\u0131na gelmeden \u00f6nce bu yay\u0131na kat\u0131laca\u011f\u0131m\u0131 bilen arkada\u015flardan da yo\u011fun telefonlar geldi adeta onlar ger\u00e7ekten de feryat ediyorlar artt\u0131k insan olarak dayanacak g\u00fc\u00e7lerinin kalmad\u0131\u011f\u0131n\u0131 s\u00f6yl\u00fcyorlar. Sadece kendilerinin de\u011fil ailesinin ve bakmakla y\u00fck\u00fcml\u00fc oldu\u011fu insanlar\u0131n\u0131n da b\u00fcy\u00fck bir s\u0131k\u0131nt\u0131 i\u00e7erisinde oldu\u011funu ve bu konunun giderek \u00e7al\u0131\u015fma bar\u0131\u015f\u0131n\u0131n bozdu\u011funu g\u00f6r\u00fcyoruz Emre Bey \u015fimdi Sn Bakan bir a\u00e7\u0131klama yapt\u0131 80.000 ki\u015filik kamuda s\u00f6zle\u015fmeli personelin kadroya ge\u00e7ilmesi ile ilgili \u00e7al\u0131\u015fman\u0131n tamamland\u0131\u011f\u0131n\u0131 konunun Sn Ba\u015fbakana iletilece\u011fini s\u00f6yledi. \u015eimdi burada s\u00f6zle\u015fmeli ifadesi \u00e7ok mu\u011flak ve her y\u00f6ne \u00e7ekilebilir bir ifade yani bizi izleyenlerde eminim bunu \u00e7ok merak ediyorlard\u0131r. Bu 80.000 ki\u015finin i\u00e7erisinde 657\u2019nin 4\/C maddesine g\u00f6re \u00e7al\u0131\u015fan personel var m\u0131 yok mu? \u00c7\u00fcnk\u00fc bu konuda kimse var da demiyor yok de demiyor. Adeta bulmaca bir \u00e7\u00f6zer gibi biz arkada\u015flar\u0131m\u0131za olup olmad\u0131klar\u0131 konusunda d\u00fc\u015f\u00fcncelerimizi aktar\u0131yoruz. Ancak benim tamamen \u015fahsi d\u00fc\u015f\u00fcncemdir Emre Bey yani ben bu konuda ne ben resmi bir belge g\u00f6rm\u00fc\u015f\u00fcmd\u00fcr nede bu konuda bana resmi kanallardan ifade edilmi\u015ftir. Ancak tecr\u00fcbelerime dayanarak s\u00f6yl\u00fcyorum biz bu s\u00f6zle\u015fme laf\u0131n\u0131 2011 y\u0131l\u0131nda s\u00f6zle\u015fmeli personele aile yard\u0131m\u0131 yap\u0131ld\u0131\u011f\u0131nda da duymu\u015ftuk hatta o d\u00f6nemde ben grubu bulunan partililere \u00f6zellikle bu konu da bir tak\u0131m ba\u015fvurular\u0131m\u0131zda olmu\u015ftu. Bak\u0131n burada sadece s\u00f6zle\u015fmeli personel diyor aile yard\u0131m\u0131ndan faydalan\u0131r diyor. 4\/C\u2019lilerde s\u00f6zle\u015fmeyle \u00e7al\u0131\u015f\u0131yor ama sonra bu arkada\u015flar\u0131m\u0131za bir haks\u0131zl\u0131k olmas\u0131n diye biz feryat etmemize ra\u011fmen o d\u00f6nemde yok merak etmeyin bunlar s\u00f6zle\u015feli zaten hepsi s\u00f6zle\u015fmeli deyip arkas\u0131ndan da Maliye Bakanl\u0131\u011f\u0131 bir genelgeyle 4\/C\u2019lilerin ge\u00e7ici personel oldu\u011funu s\u00f6zle\u015fmeli say\u0131lmad\u0131klar\u0131n\u0131 s\u00f6ylemi\u015fti ve aile yard\u0131m\u0131ndan mahrum etmi\u015flerdi. Biz hatta o konuyu da yarg\u0131ya ta\u015f\u0131d\u0131k \u015fuanda yarg\u0131da devam ediyor o s\u00fcre\u00e7. Dolay\u0131s\u0131yla s\u00f6zle\u015fmeli ifadesinden 4\/C ifadesini ben anlamamak gerekti\u011fini d\u00fc\u015f\u00fcn\u00fcyorum. <\/p>\n<p>EMRE SAKLICA: Yani 4\/C\u2019lileri tecr\u00fcbelerinize dayanarak s\u00f6yl\u00fcyorsunuz resmi bir belgeyle de\u011fil ama bu s\u00f6zle\u015fme al\u0131mlar\u0131n\u0131n 4\/C\u2019yle alakal\u0131 de\u011fil diyorsunuz.<\/p>\n<p>HAKSEN GENEL BA\u015eKANI AYHAN \u00c7\u0130V\u0130: Ben \u00f6yle d\u00fc\u015f\u00fcn\u00fcyorum \u00e7\u00fcnk\u00fc varsa var denir yani Emre Bey bu bir g\u00fczel haberdir. Hepimizi \u00e7ok mutlu eder ancak olmal\u0131d\u0131r bunu da s\u00f6yleyeyim mutlaka olmal\u0131d\u0131r. Burada Sn Ba\u015fbakan bu konularla ilgili son karar\u0131 verecektir. \u00dclkemizde ger\u00e7ekten de bir bar\u0131\u015f r\u00fczgar\u0131 estirilmeye \u00e7al\u0131\u015f\u0131l\u0131yor. T\u00fcrkiye Demokratikle\u015ftirilmeye \u00e7al\u0131\u015f\u0131yor ama \u00e7al\u0131\u015fma ya\u015fam\u0131nda art\u0131k 4\/C konusun kangren olmu\u015ftur. Burada ki 23.000 insan\u0131m\u0131z b\u00fcy\u00fck s\u0131k\u0131nt\u0131 i\u00e7erisindedir ve istismara da a\u00e7\u0131kt\u0131r bu s\u0131k\u0131nt\u0131lar. Oysa onlar bu \u00fclkenin vatanda\u015f\u0131d\u0131r onlar\u0131n bir an \u00f6ncede ger\u00e7ekten de daha \u00f6nce bunlar \u00e7\u00fcnk\u00fc kadrolu i\u015f\u00e7iydi arkada\u015flar\u0131m\u0131z i\u015fte TU\u0130K\u2019 de 40 y\u0131ld\u0131r 4\/C\u2019li olarak \u00e7al\u0131\u015f\u0131yorlar. Dolay\u0131s\u0131yla bu d\u00fczenlemenin i\u00e7erisinde yoksalar bile mutlak suretle olmal\u0131d\u0131rlar bu \u00e7al\u0131\u015fman\u0131n i\u00e7erisine d\u00e2hil edilmelidirler ve yar\u0131n olmad\u0131klar\u0131n\u0131 \u00f6\u011frendiklerinde ya\u015fayacaklar\u0131 tramvay\u0131 ben tahmin bile edemiyorum.<\/p>\n<p>EMRE SAKLICA: Umar\u0131m \u00f6ng\u00f6r\u00fcn\u00fczde yan\u0131l\u0131rs\u0131n\u0131z diyelim \u00e7\u00fcnk\u00fc \u00f6nemli bir konu dedi\u011finiz gibi siz bunu Avrupa \u0130nsan Haklar\u0131na Mahkemesine de ta\u015f\u0131d\u0131n\u0131z yarg\u0131ya ta\u015f\u0131d\u0131n\u0131z oradaki davalarda bir geli\u015fme var m\u0131?<\/p>\n<p>HAKSEN GENEL BA\u015eKANI AYHAN \u00c7\u0130V\u0130: \u0130n\u015fallah yan\u0131l\u0131r\u0131m Emre Bey.  Hen\u00fcz bize intikal eden Emre Bey resmi bir bildirim geri bildirim yok inceleme devam ediyor.<\/p>\n<p>EMRE SAKLICA: Peki \u00e7ok uzun s\u00fcrd\u00fc bu asl\u0131nda yakla\u015f\u0131k 1 y\u0131l oldu neden bu kadar uzuyor yani bir ara\u015ft\u0131rman\u0131z\u0131 yapt\u0131n\u0131z m\u0131?<\/p>\n<p>HAKSEN GENEL BA\u015eKANI AYHAN \u00c7\u0130V\u0130: \u015eimdi burada \u0130nsan Haklar\u0131 Mahkemesi  o kadar kozmik bir yer ki Emre Bey size yaz\u0131l\u0131 bir bildirim gelmedi\u011fi s\u00fcrece oradan herhangi bir \u015fekilde bir bilgi alman\u0131z s\u00f6z konusu de\u011fil yani ben atlay\u0131p gitsem Strazburg\u2019a orada da taraf\u0131 olarak bilgi alam\u0131yoruz dolay\u0131s\u0131yla \u015fuanda bize yans\u0131m\u0131\u015f bir \u015fey yok.<\/p>\n<p>EMRE SAKLICA: Peki son bir soru soraca\u011f\u0131m Orman \u0130\u015f\u00e7ilerine kadro \u00e7al\u0131\u015fmas\u0131 var m\u0131 Orman \u0130\u015f\u00e7ileri neden \u00fcvey evlat muamelesi g\u00f6r\u00fcyor.<\/p>\n<p>HAKSEN GENEL BA\u015eKANI AYHAN \u00c7\u0130V\u0130: Benim yine bildi\u011fim kadar\u0131yla burada Ge\u00e7ici Kamu i\u015f\u00e7ileri ile ilgili kadro \u00e7al\u0131\u015fmas\u0131 yok.<\/p>\n","protected":false},"excerpt":{"rendered":"<p>Haksen Genel Ba\u015fkan\u0131 Ayhan \u00c7ivi&#8217;nin Kanal B&#8217;de kat\u0131ld\u0131\u011f\u0131 &#8220;G\u00dcNCEL&#8221; program\u0131n\u0131n metnini yay\u0131ml\u0131yoruz.<\/p>\n","protected":false},"author":1,"featured_media":2581,"comment_status":"closed","ping_status":"open","sticky":false,"template":"","format":"standard","meta":{"footnotes":""},"categories":[],"tags":[],"class_list":["post-2580","post","type-post","status-publish","format-standard","has-post-thumbnail"],"_links":{"self":[{"href":"https:\/\/haksen.org.tr\/index.php?rest_route=\/wp\/v2\/posts\/2580","targetHints":{"allow":["GET"]}}],"collection":[{"href":"https:\/\/haksen.org.tr\/index.php?rest_route=\/wp\/v2\/posts"}],"about":[{"href":"https:\/\/haksen.org.tr\/index.php?rest_route=\/wp\/v2\/types\/post"}],"author":[{"embeddable":true,"href":"https:\/\/haksen.org.tr\/index.php?rest_route=\/wp\/v2\/users\/1"}],"replies":[{"embeddable":true,"href":"https:\/\/haksen.org.tr\/index.php?rest_route=%2Fwp%2Fv2%2Fcomments&post=2580"}],"version-history":[{"count":0,"href":"https:\/\/haksen.org.tr\/index.php?rest_route=\/wp\/v2\/posts\/2580\/revisions"}],"wp:featuredmedia":[{"embeddable":true,"href":"https:\/\/haksen.org.tr\/index.php?rest_route=\/wp\/v2\/media\/2581"}],"wp:attachment":[{"href":"https:\/\/haksen.org.tr\/index.php?rest_route=%2Fwp%2Fv2%2Fmedia&parent=2580"}],"wp:term":[{"taxonomy":"category","embeddable":true,"href":"https:\/\/haksen.org.tr\/index.php?rest_route=%2Fwp%2Fv2%2Fcategories&post=2580"},{"taxonomy":"post_tag","embeddable":true,"href":"https:\/\/haksen.org.tr\/index.php?rest_route=%2Fwp%2Fv2%2Ftags&post=2580"}],"curies":[{"name":"wp","href":"https:\/\/api.w.org\/{rel}","templated":true}]}}