{"id":2576,"date":"2013-06-03T12:00:00","date_gmt":"2013-06-03T12:00:00","guid":{"rendered":"http:\/\/haksen.org.tr\/?p=2576"},"modified":"2013-06-03T12:00:00","modified_gmt":"2013-06-03T12:00:00","slug":"egitim-hak-sen-2-nolu-subede-secim-heyecani","status":"publish","type":"post","link":"https:\/\/haksen.org.tr\/?p=2576","title":{"rendered":"E\u011fitim Hak-Sen 2 Nolu \u015eubede se\u00e7im heyecan\u0131"},"content":{"rendered":"<p>Genel kurul \u00f6ncesi hep birlikte yap\u0131lan kahvalt\u0131n\u0131n ard\u0131ndan yap\u0131lan toplant\u0131da konu\u015fan Genel Ba\u015fkan Ayhan \u00c7ivi hak ve emek m\u00fccadelemizin a\u00e7\u0131lan yeni \u015fubelerle daha da g\u00fc\u00e7lendi\u011fini s\u00f6yledi.<\/p>\n<p>\u00dclkemizdeki sendikal m\u00fccadelede evrensel ilkeler i\u00e7erisinde m\u00fccadele eden tek sendikan\u0131n HAKSEN oldu\u011funu hat\u0131rlatan \u00c7ivi, zaman i\u00e7erisinde vizyonumuz t\u00fcm memurlar taraf\u0131ndan g\u00f6r\u00fclecektir, dedi.<\/p>\n<p>\u00c7ivi, \u015fubenin zorunlu organlar\u0131na se\u00e7ilen \u00fcyelerimize ba\u015far\u0131lar diledi.<br \/>\nToplant\u0131n\u0131n ard\u0131ndan yap\u0131lan se\u00e7imler sonucu \u015eubenin zorunlu organlar\u0131 a\u015fa\u011f\u0131daki \u015fekilde olu\u015ftu;<\/p>\n<p>\u015eube Ba\u015fkan\u0131 KAD\u0130R DO\u011eAN<\/p>\n<p>Y\u00f6netim Kurulu ( As\u0131l )<\/p>\n<p>ERTURUL DEN\u0130Z<\/p>\n<p>CEM KAPUKAYA<\/p>\n<p>MAHMUT YAMAN<\/p>\n<p>ABDULLAH DO\u011eAN<\/p>\n<p>ERTU\u011eRUL BABATONGUZ<\/p>\n<p>YENER D\u0130R\u0130LTEN<\/p>\n<p>Y\u00f6netim Kurulu ( Yedek )<\/p>\n<p>ABDURRAHMAN DUMAN<\/p>\n<p>HAMDULLAH \u00c7EL\u0130K<\/p>\n<p>KAZIM G\u00d6KMEN<\/p>\n<p>SEL\u00c7UK ALICI<\/p>\n<p>SA\u0130M \u00c7AKAR<\/p>\n<p>MEHMET G\u00dcND\u00dcZ<\/p>\n<p>\u0130LHAN DO\u011eAN<\/p>\n<p>Denetleme Kurulu ( As\u0131l )<\/p>\n<p>T\u00dcLAY ZENG\u0130N<\/p>\n<p>SELAHETT\u0130N YALMAN<\/p>\n<p>MENDERES MET\u0130N KALAY<\/p>\n<p>Denetleme Kurulu ( Yedek )<\/p>\n<p>AHMET BELL\u0130<\/p>\n<p>MAHMUT YAPICI<\/p>\n<p>MUSTAFA DO\u011eAN<\/p>\n<p>Disiplin Kurulu ( As\u0131l )<\/p>\n<p>\u00dcM\u0130T G\u0130RGEL<\/p>\n<p>BARI\u015e KALENDER<\/p>\n<p>HAL\u0130L SEL\u00c7UKB\u0130R\u0130C\u0130K<\/p>\n<p>Disiplin Kurulu ( Yedek )<\/p>\n<p>\u0130LKER KILI\u00c7<\/p>\n<p>CENG\u0130Z KELE\u015e<\/p>\n<p>MURAT ABDULKAD\u0130R G\u00dcN<\/p>\n<h2 style='margin:20px 0;'>\u0130\u00e7erik Galerisi<\/h2>\n<p><img decoding=\"async\" src=\"wp-content\/uploads\/2016\/12\/612959641.jpg\" alt=\"E\u011fitim Hak-Sen 2 Nolu \u015eubede se\u00e7im heyecan\u0131\" style=\"width:100%;\" \/><\/p>\n<p><img decoding=\"async\" src=\"wp-content\/uploads\/2016\/12\/575598562.jpg\" alt=\"E\u011fitim Hak-Sen 2 Nolu \u015eubede se\u00e7im heyecan\u0131\" style=\"width:100%;\" \/><\/p>\n","protected":false},"excerpt":{"rendered":"<p>E\u011fitim Hak-Sen Ankara 2 Nolu \u015eubesinin 1.Ola\u011fan Genel Kurulu 1 Haziran 2013 tarihinde sendikada yap\u0131ld\u0131.<\/p>\n","protected":false},"author":1,"featured_media":2577,"comment_status":"closed","ping_status":"open","sticky":false,"template":"","format":"standard","meta":{"footnotes":""},"categories":[],"tags":[],"class_list":["post-2576","post","type-post","status-publish","format-standard","has-post-thumbnail"],"_links":{"self":[{"href":"https:\/\/haksen.org.tr\/index.php?rest_route=\/wp\/v2\/posts\/2576","targetHints":{"allow":["GET"]}}],"collection":[{"href":"https:\/\/haksen.org.tr\/index.php?rest_route=\/wp\/v2\/posts"}],"about":[{"href":"https:\/\/haksen.org.tr\/index.php?rest_route=\/wp\/v2\/types\/post"}],"author":[{"embeddable":true,"href":"https:\/\/haksen.org.tr\/index.php?rest_route=\/wp\/v2\/users\/1"}],"replies":[{"embeddable":true,"href":"https:\/\/haksen.org.tr\/index.php?rest_route=%2Fwp%2Fv2%2Fcomments&post=2576"}],"version-history":[{"count":0,"href":"https:\/\/haksen.org.tr\/index.php?rest_route=\/wp\/v2\/posts\/2576\/revisions"}],"wp:featuredmedia":[{"embeddable":true,"href":"https:\/\/haksen.org.tr\/index.php?rest_route=\/wp\/v2\/media\/2577"}],"wp:attachment":[{"href":"https:\/\/haksen.org.tr\/index.php?rest_route=%2Fwp%2Fv2%2Fmedia&parent=2576"}],"wp:term":[{"taxonomy":"category","embeddable":true,"href":"https:\/\/haksen.org.tr\/index.php?rest_route=%2Fwp%2Fv2%2Fcategories&post=2576"},{"taxonomy":"post_tag","embeddable":true,"href":"https:\/\/haksen.org.tr\/index.php?rest_route=%2Fwp%2Fv2%2Ftags&post=2576"}],"curies":[{"name":"wp","href":"https:\/\/api.w.org\/{rel}","templated":true}]}}