{"id":2573,"date":"2013-05-31T12:00:00","date_gmt":"2013-05-31T12:00:00","guid":{"rendered":"http:\/\/haksen.org.tr\/?p=2573"},"modified":"2013-05-31T12:00:00","modified_gmt":"2013-05-31T12:00:00","slug":"meteorolojideki-sorunlarin-takipcisiyiz","status":"publish","type":"post","link":"https:\/\/haksen.org.tr\/?p=2573","title":{"rendered":"Meteorolojideki sorunlar\u0131n takip\u00e7isiyiz"},"content":{"rendered":"<p>G\u00f6r\u00fc\u015fmeye, Haksen Bas\u0131n Koordinat\u00f6r\u00fc Yusuf Kara\u00e7or, Ankara 1 Nolu \u015eube Ba\u015fkan\u0131 \u00d6mer Y\u0131lmaz ve Meteoroloji temsilcimiz Hatice Ba\u011fba\u015f\u0131 kat\u0131ld\u0131.<\/p>\n<p>Genel Ba\u015fkan Ayhan \u00c7ivi, 19 Mart 2013 tarihinde yap\u0131lan g\u00f6r\u00fc\u015fmede g\u00fcndeme getirilen konularla ilgili olarak ;<\/p>\n<p>-Yemekhane giri\u015f \u00e7\u0131k\u0131\u015flar\u0131ndaki fiziksel ko\u015fullar\u0131n d\u00fczenlenmesi,<\/p>\n<p>&#8211; Kamp ba\u015fvurular\u0131n\u0131n puanlanmas\u0131nda personelin hizmet y\u0131l\u0131 3 puan olarak de\u011ferlendirilirken, 4046 say\u0131l\u0131 Yasa kapsam\u0131nda di\u011fer kamu kurum ve kurulu\u015flar\u0131ndan nakledilen personelin ge\u00e7mi\u015f hizmetlerinin 1 puan olarak de\u011ferlendirilmesi \u015feklindeki haks\u0131z uygulaman\u0131n d\u00fczeltilmesi,  te\u015fekk\u00fcr etti.<\/p>\n<p>\u00c7ivi, yemek \u00fccretlerindeki personele yans\u0131yan maliyetin d\u00fc\u015f\u00fcr\u00fclmesi i\u00e7in sendikam\u0131z taraf\u0131ndan di\u011fer kamu kurumlar\u0131ndaki olumlu \u00f6rneklerin incelenerek kuruma sunacaklar\u0131n\u0131 belirtti.<\/p>\n<p>Haksen Genel Ba\u015fkan\u0131 Ayhan \u00c7ivi daha \u00f6nceki g\u00f6r\u00fc\u015fmede iletilen,<\/p>\n<p>-B\u00f6lge M\u00fcd\u00fcrl\u00fcklerinde g\u00f6reve giden \u015fof\u00f6rlerin mesai saatleri sonras\u0131nda ara\u00e7lar\u0131 kuruma b\u0131rakt\u0131ktan sonra evlerine gidi\u015flerinde taksi \u00fccretlerinin \u00f6denmesi.<\/p>\n<p>-Genel M\u00fcd\u00fcrl\u00fc\u011fe Ambulans al\u0131nmas\u0131 ve doktor istihdam edilmesi,<\/p>\n<p>-Ak\u00fc vb. kimyasallarla \u00e7al\u0131\u015fan personele koruyucu g\u0131da yard\u0131m\u0131 yap\u0131lmas\u0131,<\/p>\n<p>-Kurum personelinin bakmakla y\u00fck\u00fcml\u00fc oldu\u011fu aile fertlerine de tan\u0131t\u0131m kart\u0131 verilerek misafirhane ve sosyal tesislerden sa\u011fl\u0131kl\u0131 bir \u015fekilde yararlanmalar\u0131n\u0131n sa\u011flanmas\u0131,<\/p>\n<p>&#8211; Kurumun merkez te\u015fkilat\u0131nda g\u00f6revde y\u00fckselme ve unvan de\u011fi\u015fikli\u011fi s\u0131navlar\u0131n\u0131n a\u00e7\u0131lmas\u0131,<\/p>\n<p>Konular\u0131n\u0131 tekrar g\u00fcndeme getirdi.<\/p>\n<p>Meteoroloji Genel M\u00fcd\u00fcr\u00fc say\u0131n \u0130smail G\u00fcne\u015f ;<\/p>\n<p>-B\u00f6lge M\u00fcd\u00fcrl\u00fcklerinde g\u00f6rev yapan \u015fof\u00f6rlerin evlerine ula\u015f\u0131m\u0131 i\u00e7in \u00f6denek verilmesi ve kimyasallara maruz kalan personele koruyucu g\u0131da yard\u0131m\u0131 \u00f6nerimizin yasal dayanaklar\u0131n\u0131n ara\u015ft\u0131r\u0131ld\u0131\u011f\u0131,<\/p>\n<p> &#8211; \u00d6nerimiz do\u011frultusunda kurum personelinin aile fertlerine tan\u0131t\u0131m kart\u0131 verilmesi i\u00e7in \u00e7al\u0131\u015fmalar\u0131n devam etti\u011fi,<\/p>\n<p>-Meteoroloji Genel M\u00fcd\u00fcrl\u00fc\u011f\u00fcndeki teknik kadrolarda g\u00f6rev yapan personelin atanmalar\u0131 i\u00e7in Meteorolojist kadrosu ihdas edilmesi i\u00e7in Maliye Bakanl\u0131\u011f\u0131ndan talepte bulunuldu\u011funu ifade etmi\u015ftir.<\/p>\n<p>Ayr\u0131ca, \u00d6zelle\u015ftirme nedeniyle kuruma nakledilen sendika \u00fcyelerimiz ad\u0131na a\u00e7t\u0131\u011f\u0131m\u0131z ek \u00f6demelerin \u00f6denmesine ili\u015fkin davam\u0131z Dan\u0131\u015ftay \u0130dari Dava Daireleri Kurulunda incelenmekte olup hen\u00fcz sonu\u00e7lanmam\u0131\u015ft\u0131r.<\/p>\n<h2 style='margin:20px 0;'>\u0130\u00e7erik Galerisi<\/h2>\n<p><img decoding=\"async\" src=\"wp-content\/uploads\/2016\/12\/633247433.jpg\" alt=\"Meteorolojideki sorunlar\u0131n takip\u00e7isiyiz\" style=\"width:100%;\" \/><\/p>\n","protected":false},"excerpt":{"rendered":"<p>Genel Ba\u015fkan Ayhan \u00c7ivi Meteoroloji Genel M\u00fcd\u00fcr\u00fc \u0130smail G\u00fcne\u015f\u2019i makam\u0131nda ziyaret ederek, daha \u00f6nce iletilen konularla ilgili kar\u015f\u0131l\u0131kl\u0131 de\u011ferlendirmelerde bulundu.<\/p>\n","protected":false},"author":1,"featured_media":2574,"comment_status":"closed","ping_status":"open","sticky":false,"template":"","format":"standard","meta":{"footnotes":""},"categories":[],"tags":[],"class_list":["post-2573","post","type-post","status-publish","format-standard","has-post-thumbnail"],"_links":{"self":[{"href":"https:\/\/haksen.org.tr\/index.php?rest_route=\/wp\/v2\/posts\/2573","targetHints":{"allow":["GET"]}}],"collection":[{"href":"https:\/\/haksen.org.tr\/index.php?rest_route=\/wp\/v2\/posts"}],"about":[{"href":"https:\/\/haksen.org.tr\/index.php?rest_route=\/wp\/v2\/types\/post"}],"author":[{"embeddable":true,"href":"https:\/\/haksen.org.tr\/index.php?rest_route=\/wp\/v2\/users\/1"}],"replies":[{"embeddable":true,"href":"https:\/\/haksen.org.tr\/index.php?rest_route=%2Fwp%2Fv2%2Fcomments&post=2573"}],"version-history":[{"count":0,"href":"https:\/\/haksen.org.tr\/index.php?rest_route=\/wp\/v2\/posts\/2573\/revisions"}],"wp:featuredmedia":[{"embeddable":true,"href":"https:\/\/haksen.org.tr\/index.php?rest_route=\/wp\/v2\/media\/2574"}],"wp:attachment":[{"href":"https:\/\/haksen.org.tr\/index.php?rest_route=%2Fwp%2Fv2%2Fmedia&parent=2573"}],"wp:term":[{"taxonomy":"category","embeddable":true,"href":"https:\/\/haksen.org.tr\/index.php?rest_route=%2Fwp%2Fv2%2Fcategories&post=2573"},{"taxonomy":"post_tag","embeddable":true,"href":"https:\/\/haksen.org.tr\/index.php?rest_route=%2Fwp%2Fv2%2Ftags&post=2573"}],"curies":[{"name":"wp","href":"https:\/\/api.w.org\/{rel}","templated":true}]}}