{"id":2571,"date":"2013-05-30T12:00:00","date_gmt":"2013-05-30T12:00:00","guid":{"rendered":"http:\/\/haksen.org.tr\/?p=2571"},"modified":"2013-05-30T12:00:00","modified_gmt":"2013-05-30T12:00:00","slug":"defterdarlik-uzmani-atamalari-yapildi","status":"publish","type":"post","link":"https:\/\/haksen.org.tr\/?p=2571","title":{"rendered":"Defterdarl\u0131k Uzman\u0131 Atamalar\u0131 Yap\u0131ld\u0131"},"content":{"rendered":"<p>Maliye Bakanl\u0131\u011f\u0131 Muhasebat Genel M\u00fcd\u00fcrl\u00fc\u011f\u00fcnce 26 \u015eubat 2011 tarihinde yap\u0131lan Muhasebe Uzmanl\u0131\u011f\u0131 (Defterdarl\u0131k Uzmanl\u0131\u011f\u0131) \u00f6zel s\u0131nav\u0131ndaki sorular\u0131n hatal\u0131 oldu\u011fu gerek\u00e7esiyle B\u00fcro Hak-Sen taraf\u0131ndan a\u00e7\u0131lan dava sonucu 2 soru daha iptal edilmi\u015fti.<\/p>\n<p>Mahkeme karar\u0131na g\u00f6re iptal edilen sorular\u0131n t\u00fcm adaylar lehine do\u011fru kabul edilerek yeniden yap\u0131lan de\u011ferlendirme sonucu 31 ki\u015fi daha yaz\u0131l\u0131da ba\u015far\u0131l\u0131 say\u0131larak m\u00fclakata \u00e7a\u011fr\u0131lm\u0131\u015ft\u0131.<\/p>\n<p>M\u00fclakat ve e\u011fitim ve di\u011fer yasal a\u015famalar\u0131n tamamlanmas\u0131 sonucu 30 ki\u015finin Defterdarl\u0131k Uzman\u0131 kadrolar\u0131na atamalar\u0131 Personel Genel M\u00fcd\u00fcrl\u00fc\u011f\u00fcnce yap\u0131larak ilgili Defterdarl\u0131klara g\u00f6nderilmi\u015ftir.<\/p>\n<p>Atama emirlerini tebli\u011fi alan personel g\u00f6revlerine ba\u015flam\u0131\u015flard\u0131r.<\/p>\n<p>\u0130ki y\u0131l\u0131 a\u015fan bir s\u00fcrecin sonunda hak ettikleri uzmanl\u0131k kadrolar\u0131n\u0131 kavu\u015fan arkada\u015flar\u0131m\u0131za yeni g\u00f6revlerinde \u00fcst\u00fcn ba\u015far\u0131lar dileriz.<\/p>\n<p>Haklar\u0131n ger\u00e7ek m\u00fccadele ile arand\u0131\u011f\u0131nda ne kadar zaman ge\u00e7erse ge\u00e7sin al\u0131nabildi\u011fi bir kez daha g\u00f6r\u00fclm\u00fc\u015ft\u00fcr.<\/p>\n<p>Sendikam\u0131z\u0131n y\u00fcrekten m\u00fccadelesi sonucu haklar\u0131n\u0131 alarak sendikam\u0131za kat\u0131lan t\u00fcm arkada\u015flar\u0131m\u0131za te\u015fekk\u00fcr\u00fc bor\u00e7 biliriz.<\/p>\n","protected":false},"excerpt":{"rendered":"<p>Maliye Bakanl\u0131\u011f\u0131 Defterdarl\u0131k Uzmanl\u0131\u011f\u0131na ili\u015fkin hukuk m\u00fccadelemiz sonucu ba\u015far\u0131l\u0131 say\u0131lan 30 personelin atamalar\u0131 yap\u0131ld\u0131.<\/p>\n","protected":false},"author":1,"featured_media":2572,"comment_status":"closed","ping_status":"open","sticky":false,"template":"","format":"standard","meta":{"footnotes":""},"categories":[],"tags":[],"class_list":["post-2571","post","type-post","status-publish","format-standard","has-post-thumbnail"],"_links":{"self":[{"href":"https:\/\/haksen.org.tr\/index.php?rest_route=\/wp\/v2\/posts\/2571","targetHints":{"allow":["GET"]}}],"collection":[{"href":"https:\/\/haksen.org.tr\/index.php?rest_route=\/wp\/v2\/posts"}],"about":[{"href":"https:\/\/haksen.org.tr\/index.php?rest_route=\/wp\/v2\/types\/post"}],"author":[{"embeddable":true,"href":"https:\/\/haksen.org.tr\/index.php?rest_route=\/wp\/v2\/users\/1"}],"replies":[{"embeddable":true,"href":"https:\/\/haksen.org.tr\/index.php?rest_route=%2Fwp%2Fv2%2Fcomments&post=2571"}],"version-history":[{"count":0,"href":"https:\/\/haksen.org.tr\/index.php?rest_route=\/wp\/v2\/posts\/2571\/revisions"}],"wp:featuredmedia":[{"embeddable":true,"href":"https:\/\/haksen.org.tr\/index.php?rest_route=\/wp\/v2\/media\/2572"}],"wp:attachment":[{"href":"https:\/\/haksen.org.tr\/index.php?rest_route=%2Fwp%2Fv2%2Fmedia&parent=2571"}],"wp:term":[{"taxonomy":"category","embeddable":true,"href":"https:\/\/haksen.org.tr\/index.php?rest_route=%2Fwp%2Fv2%2Fcategories&post=2571"},{"taxonomy":"post_tag","embeddable":true,"href":"https:\/\/haksen.org.tr\/index.php?rest_route=%2Fwp%2Fv2%2Ftags&post=2571"}],"curies":[{"name":"wp","href":"https:\/\/api.w.org\/{rel}","templated":true}]}}