{"id":2569,"date":"2013-05-24T12:00:00","date_gmt":"2013-05-24T12:00:00","guid":{"rendered":"http:\/\/haksen.org.tr\/?p=2569"},"modified":"2013-05-24T12:00:00","modified_gmt":"2013-05-24T12:00:00","slug":"karabuk-il-temsilciliginden-ziyaret","status":"publish","type":"post","link":"https:\/\/haksen.org.tr\/?p=2569","title":{"rendered":"Karab\u00fck \u0130l Temsilcili\u011finden Ziyaret"},"content":{"rendered":"<p> E\u011fitim Hak-Sen Karab\u00fck \u0130l Temsilcisi Lokman Do\u011fan, Karab\u00fck \u00dcniversitesi \u0130\u015fyeri Temsilcisi \u0130rem Do\u011fan ve Karab\u00fck \u00dcniversitesi personeli Hatice O\u011ful Genel Ba\u015fkan Ayhan \u00c7ivi&#8217;yi konfederasyon genel merkezinde ziyaret etti.<\/p>\n<p>Ziyaret nedeniyle duydu\u011fu memnuniyeti ifade eden Genel Ba\u015fkan Ayhan \u00c7ivi, yak\u0131n bir zamanda Karab\u00fck&#8217;\u00fc ziyaret etmek istedi\u011fini s\u00f6yledi.<\/p>\n<p>E\u011fitim Hak-Sen Karab\u00fck \u0130l Temsilcisi Lokman Do\u011fan da Karab\u00fck&#8217;te yap\u0131lan \u00e7al\u0131\u015fmalar\u0131 hakk\u0131nda bilgi verdi.<\/p>\n","protected":false},"excerpt":{"rendered":"<p>E\u011fitim Hak-Sen Karab\u00fck \u0130l Temsilcisi Lokman Do\u011fan ve Karab\u00fck \u00dcniversitesi \u0130\u015fyeri temsilcisi \u0130rem Do\u011fan konfederasyonumuzu ziyaret etti.<\/p>\n","protected":false},"author":1,"featured_media":2570,"comment_status":"closed","ping_status":"open","sticky":false,"template":"","format":"standard","meta":{"footnotes":""},"categories":[],"tags":[],"class_list":["post-2569","post","type-post","status-publish","format-standard","has-post-thumbnail"],"_links":{"self":[{"href":"https:\/\/haksen.org.tr\/index.php?rest_route=\/wp\/v2\/posts\/2569","targetHints":{"allow":["GET"]}}],"collection":[{"href":"https:\/\/haksen.org.tr\/index.php?rest_route=\/wp\/v2\/posts"}],"about":[{"href":"https:\/\/haksen.org.tr\/index.php?rest_route=\/wp\/v2\/types\/post"}],"author":[{"embeddable":true,"href":"https:\/\/haksen.org.tr\/index.php?rest_route=\/wp\/v2\/users\/1"}],"replies":[{"embeddable":true,"href":"https:\/\/haksen.org.tr\/index.php?rest_route=%2Fwp%2Fv2%2Fcomments&post=2569"}],"version-history":[{"count":0,"href":"https:\/\/haksen.org.tr\/index.php?rest_route=\/wp\/v2\/posts\/2569\/revisions"}],"wp:featuredmedia":[{"embeddable":true,"href":"https:\/\/haksen.org.tr\/index.php?rest_route=\/wp\/v2\/media\/2570"}],"wp:attachment":[{"href":"https:\/\/haksen.org.tr\/index.php?rest_route=%2Fwp%2Fv2%2Fmedia&parent=2569"}],"wp:term":[{"taxonomy":"category","embeddable":true,"href":"https:\/\/haksen.org.tr\/index.php?rest_route=%2Fwp%2Fv2%2Fcategories&post=2569"},{"taxonomy":"post_tag","embeddable":true,"href":"https:\/\/haksen.org.tr\/index.php?rest_route=%2Fwp%2Fv2%2Ftags&post=2569"}],"curies":[{"name":"wp","href":"https:\/\/api.w.org\/{rel}","templated":true}]}}