{"id":2565,"date":"2013-05-24T12:00:00","date_gmt":"2013-05-24T12:00:00","guid":{"rendered":"http:\/\/haksen.org.tr\/?p=2565"},"modified":"2013-05-24T12:00:00","modified_gmt":"2013-05-24T12:00:00","slug":"ankara-il-acil-afet-mudurlugune-ziyaret","status":"publish","type":"post","link":"https:\/\/haksen.org.tr\/?p=2565","title":{"rendered":"Ankara \u0130l Acil Afet M\u00fcd\u00fcrl\u00fc\u011f\u00fcne Ziyaret"},"content":{"rendered":"<p>Ziyarete \u0130mar Hak-Sen Genel Ba\u015fkan\u0131 \u00d6nder \u00d6zdemir ile Yerel Hak-Sen Genel Ba\u015fkan\u0131 Erol U\u00e7ar kat\u0131ld\u0131lar.<\/p>\n<p>Ankara Acil Afet Acil Durum \u0130l M\u00fcd\u00fcrl\u00fc\u011f\u00fcnde g\u00f6rev yapan sendika \u00fcyelerimizin sosyal denge tazminat\u0131 ve di\u011fer \u00f6zl\u00fck haklar\u0131yla ilgili Ankara Valili\u011fi ve Ankara \u0130l \u00d6zel \u0130daresi Genel Sekreterli\u011fi ile yapt\u0131\u011f\u0131 g\u00f6r\u00fc\u015fmeler hakk\u0131nda \u00fcyelerimizi   bilgilendirmek ve i\u015fyerindeki sorunlar\u0131 tespit etmek amac\u0131yla   ger\u00e7ekle\u015fen ziyarette \u00fcyelerimizle g\u00f6r\u00fc\u015fen Genel Ba\u015fkan Ayhan \u00c7ivi ard\u0131ndan Ankara \u0130l Afet Durum \u0130l M\u00fcd\u00fcr\u00fc \u00d6mer Akba\u015f\u2019\u0131 makam\u0131nda ziyaret etti.<\/p>\n<h2 style='margin:20px 0;'>\u0130\u00e7erik Galerisi<\/h2>\n<p><img decoding=\"async\" src=\"wp-content\/uploads\/2016\/12\/971218123.jpg\" alt=\"Ankara \u0130l Acil Afet M\u00fcd\u00fcrl\u00fc\u011f\u00fcne Ziyaret\" style=\"width:100%;\" \/><\/p>\n<p><img decoding=\"async\" src=\"wp-content\/uploads\/2016\/12\/277473986.jpg\" alt=\"Ankara \u0130l Acil Afet M\u00fcd\u00fcrl\u00fc\u011f\u00fcne Ziyaret\" style=\"width:100%;\" \/><\/p>\n","protected":false},"excerpt":{"rendered":"<p>Genel Ba\u015fkan Ayhan \u00c7ivi, Ankara Acil Afet Durum \u0130l M\u00fcd\u00fcrl\u00fc\u011f\u00fcn\u00fc ziyaret ederek y\u00f6netici ve \u00fcyelerimizle g\u00f6r\u00fc\u015ft\u00fc.<\/p>\n","protected":false},"author":1,"featured_media":2566,"comment_status":"closed","ping_status":"open","sticky":false,"template":"","format":"standard","meta":{"footnotes":""},"categories":[],"tags":[],"class_list":["post-2565","post","type-post","status-publish","format-standard","has-post-thumbnail"],"_links":{"self":[{"href":"https:\/\/haksen.org.tr\/index.php?rest_route=\/wp\/v2\/posts\/2565","targetHints":{"allow":["GET"]}}],"collection":[{"href":"https:\/\/haksen.org.tr\/index.php?rest_route=\/wp\/v2\/posts"}],"about":[{"href":"https:\/\/haksen.org.tr\/index.php?rest_route=\/wp\/v2\/types\/post"}],"author":[{"embeddable":true,"href":"https:\/\/haksen.org.tr\/index.php?rest_route=\/wp\/v2\/users\/1"}],"replies":[{"embeddable":true,"href":"https:\/\/haksen.org.tr\/index.php?rest_route=%2Fwp%2Fv2%2Fcomments&post=2565"}],"version-history":[{"count":0,"href":"https:\/\/haksen.org.tr\/index.php?rest_route=\/wp\/v2\/posts\/2565\/revisions"}],"wp:featuredmedia":[{"embeddable":true,"href":"https:\/\/haksen.org.tr\/index.php?rest_route=\/wp\/v2\/media\/2566"}],"wp:attachment":[{"href":"https:\/\/haksen.org.tr\/index.php?rest_route=%2Fwp%2Fv2%2Fmedia&parent=2565"}],"wp:term":[{"taxonomy":"category","embeddable":true,"href":"https:\/\/haksen.org.tr\/index.php?rest_route=%2Fwp%2Fv2%2Fcategories&post=2565"},{"taxonomy":"post_tag","embeddable":true,"href":"https:\/\/haksen.org.tr\/index.php?rest_route=%2Fwp%2Fv2%2Ftags&post=2565"}],"curies":[{"name":"wp","href":"https:\/\/api.w.org\/{rel}","templated":true}]}}