{"id":2561,"date":"2013-05-22T12:00:00","date_gmt":"2013-05-22T12:00:00","guid":{"rendered":"http:\/\/haksen.org.tr\/?p=2561"},"modified":"2013-05-22T12:00:00","modified_gmt":"2013-05-22T12:00:00","slug":"civi--4-c-personeli-ziyaret-etti","status":"publish","type":"post","link":"https:\/\/haksen.org.tr\/?p=2561","title":{"rendered":"\u00c7ivi, 4\/C Personeli Ziyaret Etti"},"content":{"rendered":"<p>Sendika \u00fcyelerimizin sorunlar\u0131n\u0131n \u00e7\u00f6z\u00fclmesi i\u00e7in kamu y\u00f6neticileriyle g\u00f6r\u00fc\u015fmek \u00fczere Sakarya\u2019ya giden Genel Ba\u015fkan Ayhan \u00c7ivi, G\u00f6lc\u00fck Kaymakaml\u0131\u011f\u0131nda ve Sakarya Valili\u011finde \u00e7al\u0131\u015fan 4\/C personelle bir araya geldi.<br \/>\nSendikam\u0131z\u0131n yapt\u0131\u011f\u0131 \u00e7al\u0131\u015fmalar hakk\u0131nda bilgilendirme yapan \u00c7ivi, HAKSEN\u2019in kurulu\u015fundan beri  4\/C personelin kadroya ge\u00e7irilmesi i\u00e7in m\u00fccadele verdiklerini s\u00f6yledi. 4\/C personelin sendika hakk\u0131n\u0131 almalar\u0131n\u0131n ard\u0131ndan ba\u015flatt\u0131klar\u0131 hukuk m\u00fccadelesinin \u015fu anda Avrupa \u0130nsan Haklar\u0131 Mahkemesinde devam eti\u011fini hat\u0131rlatan \u00c7ivi, konuya ili\u015fkin hen\u00fcz bir karar verilmedi\u011fini s\u00f6yledi.<\/p>\n<p>\u00c7ivi, 4\/C personelin di\u011fer s\u00f6zle\u015fmelilerle birlikte kadroya ge\u00e7irilmesi i\u00e7in yapt\u0131klar\u0131 \u00e7al\u0131\u015fmalar\u0131n sonucunda konunun  ilk defa kamuoyunda ve h\u00fck\u00fcmet nezdinde ciddi olarak g\u00fcndeme geldi\u011fini, bu konudaki \u00e7al\u0131\u015fmalar\u0131n tamamlanarak son karar\u0131 Ba\u015fbakan\u2019\u0131n  verece\u011fini  s\u00f6yledi.<\/p>\n<p>Ayr\u0131ca, emekli olan veya istifa eden 4\/C personeli i\u015f sonu tazminatlar\u0131ndan kesilen gelir vergisinin hukuka ayk\u0131r\u0131 oldu\u011funu mahkeme karar\u0131yla tespit ettirdiklerini belirterek, konunun yarg\u0131ya ba\u015fvurulmadan t\u00fcm 4\/C personele uygulanmas\u0131 i\u00e7in idari makamlarla gerekli g\u00f6r\u00fc\u015fmelerin yap\u0131laca\u011f\u0131n\u0131, aksi takdirde t\u00fcm 4\/C personele bu konuda yard\u0131mc\u0131 olacaklar\u0131n\u0131 ifade etti.<\/p>\n<h2 style='margin:20px 0;'>\u0130\u00e7erik Galerisi<\/h2>\n<p><img decoding=\"async\" src=\"wp-content\/uploads\/2016\/12\/920809192.JPG\" alt=\"\u00c7ivi, 4\/C Personeli Ziyaret Etti\" style=\"width:100%;\" \/><\/p>\n<p><img decoding=\"async\" src=\"wp-content\/uploads\/2016\/12\/382378541.jpg\" alt=\"\u00c7ivi, 4\/C Personeli Ziyaret Etti\" style=\"width:100%;\" \/><\/p>\n","protected":false},"excerpt":{"rendered":"<p>Haksen Genel Ba\u015fkan\u0131 Ayhan \u00c7ivi G\u00f6lc\u00fck ve Sakarya\u2019da \u00e7al\u0131\u015fan 4\/C personelini i\u015fyerlerinde ziyaret etti.<\/p>\n","protected":false},"author":1,"featured_media":2562,"comment_status":"closed","ping_status":"open","sticky":false,"template":"","format":"standard","meta":{"footnotes":""},"categories":[],"tags":[],"class_list":["post-2561","post","type-post","status-publish","format-standard","has-post-thumbnail"],"_links":{"self":[{"href":"https:\/\/haksen.org.tr\/index.php?rest_route=\/wp\/v2\/posts\/2561","targetHints":{"allow":["GET"]}}],"collection":[{"href":"https:\/\/haksen.org.tr\/index.php?rest_route=\/wp\/v2\/posts"}],"about":[{"href":"https:\/\/haksen.org.tr\/index.php?rest_route=\/wp\/v2\/types\/post"}],"author":[{"embeddable":true,"href":"https:\/\/haksen.org.tr\/index.php?rest_route=\/wp\/v2\/users\/1"}],"replies":[{"embeddable":true,"href":"https:\/\/haksen.org.tr\/index.php?rest_route=%2Fwp%2Fv2%2Fcomments&post=2561"}],"version-history":[{"count":0,"href":"https:\/\/haksen.org.tr\/index.php?rest_route=\/wp\/v2\/posts\/2561\/revisions"}],"wp:featuredmedia":[{"embeddable":true,"href":"https:\/\/haksen.org.tr\/index.php?rest_route=\/wp\/v2\/media\/2562"}],"wp:attachment":[{"href":"https:\/\/haksen.org.tr\/index.php?rest_route=%2Fwp%2Fv2%2Fmedia&parent=2561"}],"wp:term":[{"taxonomy":"category","embeddable":true,"href":"https:\/\/haksen.org.tr\/index.php?rest_route=%2Fwp%2Fv2%2Fcategories&post=2561"},{"taxonomy":"post_tag","embeddable":true,"href":"https:\/\/haksen.org.tr\/index.php?rest_route=%2Fwp%2Fv2%2Ftags&post=2561"}],"curies":[{"name":"wp","href":"https:\/\/api.w.org\/{rel}","templated":true}]}}