{"id":2559,"date":"2013-05-21T12:00:00","date_gmt":"2013-05-21T12:00:00","guid":{"rendered":"http:\/\/haksen.org.tr\/?p=2559"},"modified":"2013-05-21T12:00:00","modified_gmt":"2013-05-21T12:00:00","slug":"sakarya-valisi-mustafa-buyuke-ziyaret","status":"publish","type":"post","link":"https:\/\/haksen.org.tr\/?p=2559","title":{"rendered":"Sakarya Valisi Mustafa B\u00fcy\u00fck\u2019e Ziyaret"},"content":{"rendered":"<p>Ziyarete Yerel Hak-Sen Genel Ba\u015fkan\u0131 Erol U\u00e7ar, \u0130mar Hak-Sen Ankara \u015eube Ba\u015fkan\u0131 G\u00fclay Y\u0131ld\u0131r\u0131m, Haksen ve B\u00fcro Hak-Sen Sakarya \u0130l Temsilcisi \u0130smet Karaca, To\u00e7 Hak-Sen Sakarya \u0130l Temsilcisi H\u00fcseyin Karaca ve Yerel Hak-Sen Sakarya \u0130l Temsilcisi Mehmet Sar\u0131 kat\u0131ld\u0131lar.<\/p>\n<p>Ziyarette konu\u015fan Genel Ba\u015fkan Ayhan \u00c7ivi, \u0130l Afet Acil Durum M\u00fcd\u00fcrl\u00fc\u011f\u00fc b\u00fcnyesindeki Arama ve Kurtarma Birlik personeline sosyal denge tazminat\u0131 \u00f6denmesini ve \u00f6zel idarenin yemek servisini kald\u0131racak olmas\u0131 nedeniyle personele yemek hizmetinin al\u0131nmas\u0131 i\u00e7in bilet verilmesini talep etti.<\/p>\n","protected":false},"excerpt":{"rendered":"<p>Genel Ba\u015fkan Ayhan beraberindeki heyetle birlikte Sakarya Valisi Mustafa B\u00fcy\u00fck\u2019\u00fc makam\u0131nda ziyaret etti.<\/p>\n","protected":false},"author":1,"featured_media":2560,"comment_status":"closed","ping_status":"open","sticky":false,"template":"","format":"standard","meta":{"footnotes":""},"categories":[],"tags":[],"class_list":["post-2559","post","type-post","status-publish","format-standard","has-post-thumbnail"],"_links":{"self":[{"href":"https:\/\/haksen.org.tr\/index.php?rest_route=\/wp\/v2\/posts\/2559","targetHints":{"allow":["GET"]}}],"collection":[{"href":"https:\/\/haksen.org.tr\/index.php?rest_route=\/wp\/v2\/posts"}],"about":[{"href":"https:\/\/haksen.org.tr\/index.php?rest_route=\/wp\/v2\/types\/post"}],"author":[{"embeddable":true,"href":"https:\/\/haksen.org.tr\/index.php?rest_route=\/wp\/v2\/users\/1"}],"replies":[{"embeddable":true,"href":"https:\/\/haksen.org.tr\/index.php?rest_route=%2Fwp%2Fv2%2Fcomments&post=2559"}],"version-history":[{"count":0,"href":"https:\/\/haksen.org.tr\/index.php?rest_route=\/wp\/v2\/posts\/2559\/revisions"}],"wp:featuredmedia":[{"embeddable":true,"href":"https:\/\/haksen.org.tr\/index.php?rest_route=\/wp\/v2\/media\/2560"}],"wp:attachment":[{"href":"https:\/\/haksen.org.tr\/index.php?rest_route=%2Fwp%2Fv2%2Fmedia&parent=2559"}],"wp:term":[{"taxonomy":"category","embeddable":true,"href":"https:\/\/haksen.org.tr\/index.php?rest_route=%2Fwp%2Fv2%2Fcategories&post=2559"},{"taxonomy":"post_tag","embeddable":true,"href":"https:\/\/haksen.org.tr\/index.php?rest_route=%2Fwp%2Fv2%2Ftags&post=2559"}],"curies":[{"name":"wp","href":"https:\/\/api.w.org\/{rel}","templated":true}]}}