{"id":2554,"date":"2013-05-21T12:00:00","date_gmt":"2013-05-21T12:00:00","guid":{"rendered":"http:\/\/haksen.org.tr\/?p=2554"},"modified":"2013-05-21T12:00:00","modified_gmt":"2013-05-21T12:00:00","slug":"imar-hak-sen-ankara-subesinde-secim-","status":"publish","type":"post","link":"https:\/\/haksen.org.tr\/?p=2554","title":{"rendered":"\u0130mar Hak-Sen Ankara \u015eubesinde Se\u00e7im"},"content":{"rendered":"<p>\u015eubenin zorunlu organlar\u0131nda 3 y\u0131l s\u00fcreyle g\u00f6rev yapacak olan \u00fcyelerin se\u00e7ildi\u011fi genel kurul 18 May\u0131s 2013 g\u00fcn\u00fc sendika genel merkezinde yap\u0131ld\u0131.<\/p>\n<p>Genel Kurula Haksen Genel Ba\u015fkan\u0131 Ayhan \u00c7ivi, \u0130mar Hak-Sen Genel Ba\u015fkan\u0131 \u00d6nder \u00d6zdemir, E\u011fitim Hak-Sen Genel Ba\u015fkan\u0131 Hanifi G\u00f6k\u00e7ek, Sa\u011fl\u0131k Hak-Sen Genel Ba\u015fkan\u0131 Selahattin Karaca ile sendika y\u00f6neticileri ve \u00fcyeler kat\u0131ld\u0131.<br \/>\nGenel kurulda yap\u0131lan se\u00e7imler sonucu \u015fubenin zorunlu organlar\u0131 a\u015fa\u011f\u0131daki \u015fekilde olu\u015ftu.<\/p>\n<p>\u015eube Ba\u015fkan\u0131<br \/>\nG\u00dcLAY YILDIRIM<\/p>\n<p>Y\u00f6netim Kurulu (As\u0131l)<br \/>\nTUNCAY ERDEM<br \/>\nNASUH \u015eAH\u0130N<br \/>\nADNAN YET\u0130K<br \/>\n\u00d6MER G\u00dcRER<br \/>\nYUSUF Z\u0130YA ERS\u00d6Z<br \/>\nBURAK AKIN<\/p>\n<p>Y\u00f6netim Kurulu (Yedek)<br \/>\nTA\u015eKIN ALBAYRAK<br \/>\nSUAT \u00dcST\u00dcN<br \/>\nRE\u015e\u0130T C\u00dcNN\u00dcK<br \/>\n\u00d6ZKAN ART\u0130K<br \/>\nAHMET DURAN KANTARCIG\u0130L<br \/>\nMEL\u0130KE PUL<\/p>\n<p>Denetleme Kurulu (As\u0131l)<br \/>\nAHMET KAYA AYG\u00dcNE\u015e<br \/>\nAHMET TURAN G\u00dcLER<br \/>\nO\u011eUZ TUN\u00c7<\/p>\n<p>Denetleme Kurulu (Yedek)<br \/>\nAL\u0130 \u015eENYURT<br \/>\nMEHMET BULUT<br \/>\nABD\u00dcLREZZAK \u00d6ZT\u00dcRK<\/p>\n<p>Disiplin Kurulu (As\u0131l)<br \/>\nAB\u0130T T\u00dcRKO\u011eLI<br \/>\nSEVAL ENG\u0130N<br \/>\nESRA KAN<\/p>\n<p>Disiplin Kurulu (Yedek)<br \/>\nDURSUN \u015e\u0130M\u015eEK<br \/>\nOYA AKBULUT<br \/>\nTURGUT YILDIZ<\/p>\n<h2 style='margin:20px 0;'>\u0130\u00e7erik Galerisi<\/h2>\n<p><img decoding=\"async\" src=\"wp-content\/uploads\/2016\/12\/439430321.jpg\" alt=\"\u0130mar Hak-Sen Ankara \u015eubesinde Se\u00e7im \" style=\"width:100%;\" \/><\/p>\n<p><img decoding=\"async\" src=\"wp-content\/uploads\/2016\/12\/532782967.jpg\" alt=\"\u0130mar Hak-Sen Ankara \u015eubesinde Se\u00e7im \" style=\"width:100%;\" \/><\/p>\n<p><img decoding=\"async\" src=\"wp-content\/uploads\/2016\/12\/668999895.jpg\" alt=\"\u0130mar Hak-Sen Ankara \u015eubesinde Se\u00e7im \" style=\"width:100%;\" \/><\/p>\n","protected":false},"excerpt":{"rendered":"<p>\u0130mar Hak-Sen Ankara \u015eubesinin ola\u011fan genel kurulu sendika genel merkezinde yap\u0131ld\u0131.<\/p>\n","protected":false},"author":1,"featured_media":2555,"comment_status":"closed","ping_status":"open","sticky":false,"template":"","format":"standard","meta":{"footnotes":""},"categories":[],"tags":[],"class_list":["post-2554","post","type-post","status-publish","format-standard","has-post-thumbnail"],"_links":{"self":[{"href":"https:\/\/haksen.org.tr\/index.php?rest_route=\/wp\/v2\/posts\/2554","targetHints":{"allow":["GET"]}}],"collection":[{"href":"https:\/\/haksen.org.tr\/index.php?rest_route=\/wp\/v2\/posts"}],"about":[{"href":"https:\/\/haksen.org.tr\/index.php?rest_route=\/wp\/v2\/types\/post"}],"author":[{"embeddable":true,"href":"https:\/\/haksen.org.tr\/index.php?rest_route=\/wp\/v2\/users\/1"}],"replies":[{"embeddable":true,"href":"https:\/\/haksen.org.tr\/index.php?rest_route=%2Fwp%2Fv2%2Fcomments&post=2554"}],"version-history":[{"count":0,"href":"https:\/\/haksen.org.tr\/index.php?rest_route=\/wp\/v2\/posts\/2554\/revisions"}],"wp:featuredmedia":[{"embeddable":true,"href":"https:\/\/haksen.org.tr\/index.php?rest_route=\/wp\/v2\/media\/2555"}],"wp:attachment":[{"href":"https:\/\/haksen.org.tr\/index.php?rest_route=%2Fwp%2Fv2%2Fmedia&parent=2554"}],"wp:term":[{"taxonomy":"category","embeddable":true,"href":"https:\/\/haksen.org.tr\/index.php?rest_route=%2Fwp%2Fv2%2Fcategories&post=2554"},{"taxonomy":"post_tag","embeddable":true,"href":"https:\/\/haksen.org.tr\/index.php?rest_route=%2Fwp%2Fv2%2Ftags&post=2554"}],"curies":[{"name":"wp","href":"https:\/\/api.w.org\/{rel}","templated":true}]}}