{"id":2549,"date":"2013-05-19T12:00:00","date_gmt":"2013-05-19T12:00:00","guid":{"rendered":"http:\/\/haksen.org.tr\/?p=2549"},"modified":"2013-05-19T12:00:00","modified_gmt":"2013-05-19T12:00:00","slug":"acil-afet-calisanlarinin-yanindayiz","status":"publish","type":"post","link":"https:\/\/haksen.org.tr\/?p=2549","title":{"rendered":"Acil Afet \u00c7al\u0131\u015fanlar\u0131n\u0131n Yan\u0131nday\u0131z"},"content":{"rendered":"<p>Ankara \u0130l Acil Afet Durum M\u00fcd\u00fcrl\u00fc\u011f\u00fcnde g\u00f6rev yapan personele  Sosyal Denge Tazminat\u0131 \u00f6denmesi i\u00e7in E\u011fitim Hak-Sen Genel Ba\u015fkan\u0131 Hanifi G\u00f6k\u00e7ek, Haksen Te\u015fkilat Koordinat\u00f6r\u00fc \u0130smet Ta\u015f, Yerel Hak-Sen Ankara \u0130l Temsilcisi Durmu\u015f Arslanta\u015f , \u0130\u015fyeri Temsilcisi Ferhat Kaya ve Murat Tu\u011frul\u2019la birlikte Ankara \u0130l \u00d6zel \u0130dare Genel Sekreteri Adem Ceylan\u2019la g\u00f6r\u00fc\u015fen Genel Ba\u015fkan Ayhan \u00c7ivi, son derece zor ve riskli \u015fartlar alt\u0131nda g\u00f6rev yapan personele  sosyal denge tazminat\u0131n\u0131n bir an \u00f6nce \u00f6denmesi gerekti\u011fini  s\u00f6yledi. <\/p>\n<p>Daha sonra Ankara Vali Yard\u0131mc\u0131s\u0131 Mehmet Seyhan\u2019\u0131 makam\u0131nda ziyaret eden Genel Ba\u015fkan Ayhan \u00c7ivi konuyla ilgili detayl\u0131 bir g\u00f6r\u00fc\u015fme yapt\u0131.<br \/>\nKonuya ili\u015fkin idare mahkemesince personelin lehine verilen y\u00fcr\u00fctmenin durdurulmas\u0131 karar\u0131n\u0131n uygulanmas\u0131 i\u00e7in Valilik taraf\u0131ndan \u0130l Genel Meclisine yaz\u0131 yaz\u0131ld\u0131\u011f\u0131, \u00f6demeyle ili\u015fkin \u00f6nerinin \u0130l Genel Meclisince reddedilmesine ili\u015fkin ilk karar\u0131n Valilik taraf\u0131nda veto edilerek iade edildi\u011fi, ikinci defa yap\u0131lan toplant\u0131da da ret karar\u0131n\u0131n verilmesi nedeniyle \u00f6deme yap\u0131lmas\u0131n\u0131n m\u00fcmk\u00fcn olmad\u0131\u011f\u0131 belirtildi.<\/p>\n<p>\u00c7ivi, \u00f6demenin yap\u0131lmas\u0131 i\u00e7in sendikam\u0131z taraf\u0131ndan \u00fcyelerimize her t\u00fcrl\u00fc hukuki deste\u011fin verilece\u011fini belirtti.<\/p>\n<h2 style='margin:20px 0;'>\u0130\u00e7erik Galerisi<\/h2>\n<p><img decoding=\"async\" src=\"wp-content\/uploads\/2016\/12\/294813668.jpg\" alt=\"Acil Afet \u00c7al\u0131\u015fanlar\u0131n\u0131n Yan\u0131nday\u0131z\" style=\"width:100%;\" \/><\/p>\n<p><img decoding=\"async\" src=\"wp-content\/uploads\/2016\/12\/821683306.jpg\" alt=\"Acil Afet \u00c7al\u0131\u015fanlar\u0131n\u0131n Yan\u0131nday\u0131z\" style=\"width:100%;\" \/><\/p>\n<p><img decoding=\"async\" src=\"wp-content\/uploads\/2016\/12\/452308815.jpg\" alt=\"Acil Afet \u00c7al\u0131\u015fanlar\u0131n\u0131n Yan\u0131nday\u0131z\" style=\"width:100%;\" \/><\/p>\n","protected":false},"excerpt":{"rendered":"<p>Genel Ba\u015fkan Ayhan \u00c7ivi Ankara \u0130l Acil Afet Durum M\u00fcd\u00fcrl\u00fc\u011f\u00fcnde g\u00f6rev yapan arama ve kurtarma personelinin haklar\u0131n\u0131n verilmesini istedi.<\/p>\n","protected":false},"author":1,"featured_media":2550,"comment_status":"closed","ping_status":"open","sticky":false,"template":"","format":"standard","meta":{"footnotes":""},"categories":[],"tags":[],"class_list":["post-2549","post","type-post","status-publish","format-standard","has-post-thumbnail"],"_links":{"self":[{"href":"https:\/\/haksen.org.tr\/index.php?rest_route=\/wp\/v2\/posts\/2549","targetHints":{"allow":["GET"]}}],"collection":[{"href":"https:\/\/haksen.org.tr\/index.php?rest_route=\/wp\/v2\/posts"}],"about":[{"href":"https:\/\/haksen.org.tr\/index.php?rest_route=\/wp\/v2\/types\/post"}],"author":[{"embeddable":true,"href":"https:\/\/haksen.org.tr\/index.php?rest_route=\/wp\/v2\/users\/1"}],"replies":[{"embeddable":true,"href":"https:\/\/haksen.org.tr\/index.php?rest_route=%2Fwp%2Fv2%2Fcomments&post=2549"}],"version-history":[{"count":0,"href":"https:\/\/haksen.org.tr\/index.php?rest_route=\/wp\/v2\/posts\/2549\/revisions"}],"wp:featuredmedia":[{"embeddable":true,"href":"https:\/\/haksen.org.tr\/index.php?rest_route=\/wp\/v2\/media\/2550"}],"wp:attachment":[{"href":"https:\/\/haksen.org.tr\/index.php?rest_route=%2Fwp%2Fv2%2Fmedia&parent=2549"}],"wp:term":[{"taxonomy":"category","embeddable":true,"href":"https:\/\/haksen.org.tr\/index.php?rest_route=%2Fwp%2Fv2%2Fcategories&post=2549"},{"taxonomy":"post_tag","embeddable":true,"href":"https:\/\/haksen.org.tr\/index.php?rest_route=%2Fwp%2Fv2%2Ftags&post=2549"}],"curies":[{"name":"wp","href":"https:\/\/api.w.org\/{rel}","templated":true}]}}