{"id":2536,"date":"2013-05-19T12:00:00","date_gmt":"2013-05-19T12:00:00","guid":{"rendered":"http:\/\/haksen.org.tr\/?p=2536"},"modified":"2013-05-19T12:00:00","modified_gmt":"2013-05-19T12:00:00","slug":"haksenden-vefa-ornegi","status":"publish","type":"post","link":"https:\/\/haksen.org.tr\/?p=2536","title":{"rendered":"Haksen\u2019den Vefa \u00d6rne\u011fi"},"content":{"rendered":"<p> Konfederasyon Genel Merkezinde yap\u0131lan organizasyonda B\u00fcro Hak-Sen\u2019in kurulu\u015fundan itibaren m\u00fccadelemize \u00f6nemli katk\u0131lar sa\u011flayan sendika \u00fcyelerimizden T\u00fcrkiye \u0130statistik Kurumu personeli Nurdan Ay\u015fe \u00d6zt\u00fcrk ile Meteoroloji Genel M\u00fcd\u00fcrl\u00fc\u011f\u00fc personeli Mustafa Kay\u0131\u015f\u2019a \u015f\u00fckran plaketiyle birlikte te\u015fekk\u00fcr belgesini  Haksen Genel Ba\u015fkan\u0131 Ayhan \u00c7ivi takdim etti.<\/p>\n<p>Ayr\u0131ca, halen sendikal m\u00fccadelemize  gayretli \u00e7al\u0131\u015fmalar\u0131yla destek olan y\u00f6netici, temsilci ve \u00fcyelerimizden Yusuf Kara\u00e7or, \u00dcmit \u015eeref Yar\u0131c\u0131, Osman Poyraz, Tuncay Erdem, Hatice Ba\u011fba\u015f\u0131, Serdal Alo\u011flu, Mustafa G\u00fcven ve Ayd\u0131n \u00dcren\u2019e te\u015fekk\u00fcr belgelerini takdim eden Genel Ba\u015fkan Ayhan \u00c7ivi, \u201chak ve emek m\u00fccadelemizde bizimle birlikte omuz omuza y\u00fcr\u00fcyen t\u00fcm dostlar\u0131ma minnettar\u0131z. Sizleri, hi\u00e7bir kar\u015f\u0131l\u0131k beklemeden m\u00fccadelemize g\u00fc\u00e7 ve kuvvet verdiniz. Emekli olan arkada\u015flar\u0131m\u0131z bizim i\u00e7in her zaman asli \u00fcyemiz olarak kalacaklar. \u201c  dedi.<\/p>\n<h2 style='margin:20px 0;'>\u0130\u00e7erik Galerisi<\/h2>\n<p><img decoding=\"async\" src=\"wp-content\/uploads\/2016\/12\/782934672.JPG\" alt=\"Haksen\u2019den Vefa \u00d6rne\u011fi\" style=\"width:100%;\" \/><\/p>\n<p><img decoding=\"async\" src=\"wp-content\/uploads\/2016\/12\/148690928.JPG\" alt=\"Haksen\u2019den Vefa \u00d6rne\u011fi\" style=\"width:100%;\" \/><\/p>\n<p><img decoding=\"async\" src=\"wp-content\/uploads\/2016\/12\/147411837.JPG\" alt=\"Haksen\u2019den Vefa \u00d6rne\u011fi\" style=\"width:100%;\" \/><\/p>\n<p><img decoding=\"async\" src=\"wp-content\/uploads\/2016\/12\/514330578.JPG\" alt=\"Haksen\u2019den Vefa \u00d6rne\u011fi\" style=\"width:100%;\" \/><\/p>\n<p><img decoding=\"async\" src=\"wp-content\/uploads\/2016\/12\/644477578.JPG\" alt=\"Haksen\u2019den Vefa \u00d6rne\u011fi\" style=\"width:100%;\" \/><\/p>\n<p><img decoding=\"async\" src=\"wp-content\/uploads\/2016\/12\/845987250.JPG\" alt=\"Haksen\u2019den Vefa \u00d6rne\u011fi\" style=\"width:100%;\" \/><\/p>\n<p><img decoding=\"async\" src=\"wp-content\/uploads\/2016\/12\/768589274.JPG\" alt=\"Haksen\u2019den Vefa \u00d6rne\u011fi\" style=\"width:100%;\" \/><\/p>\n<p><img decoding=\"async\" src=\"wp-content\/uploads\/2016\/12\/405274047.JPG\" alt=\"Haksen\u2019den Vefa \u00d6rne\u011fi\" style=\"width:100%;\" \/><\/p>\n<p><img decoding=\"async\" src=\"wp-content\/uploads\/2016\/12\/315583410.JPG\" alt=\"Haksen\u2019den Vefa \u00d6rne\u011fi\" style=\"width:100%;\" \/><\/p>\n<p><img decoding=\"async\" src=\"wp-content\/uploads\/2016\/12\/746763809.JPG\" alt=\"Haksen\u2019den Vefa \u00d6rne\u011fi\" style=\"width:100%;\" \/><\/p>\n<p><img decoding=\"async\" src=\"wp-content\/uploads\/2016\/12\/834372641.JPG\" alt=\"Haksen\u2019den Vefa \u00d6rne\u011fi\" style=\"width:100%;\" \/><\/p>\n","protected":false},"excerpt":{"rendered":"<p>Sendikam\u0131z\u0131n kurulu\u015fumuzdan itibaren m\u00fccadelemizde yer alan emekli sendika \u00fcyelerimize plaketleriyle birlikte \u00e7al\u0131\u015fanlara te\u015fekk\u00fcr belgeleri verildi.<\/p>\n","protected":false},"author":1,"featured_media":2546,"comment_status":"closed","ping_status":"open","sticky":false,"template":"","format":"standard","meta":{"footnotes":""},"categories":[],"tags":[],"class_list":["post-2536","post","type-post","status-publish","format-standard","has-post-thumbnail"],"_links":{"self":[{"href":"https:\/\/haksen.org.tr\/index.php?rest_route=\/wp\/v2\/posts\/2536","targetHints":{"allow":["GET"]}}],"collection":[{"href":"https:\/\/haksen.org.tr\/index.php?rest_route=\/wp\/v2\/posts"}],"about":[{"href":"https:\/\/haksen.org.tr\/index.php?rest_route=\/wp\/v2\/types\/post"}],"author":[{"embeddable":true,"href":"https:\/\/haksen.org.tr\/index.php?rest_route=\/wp\/v2\/users\/1"}],"replies":[{"embeddable":true,"href":"https:\/\/haksen.org.tr\/index.php?rest_route=%2Fwp%2Fv2%2Fcomments&post=2536"}],"version-history":[{"count":0,"href":"https:\/\/haksen.org.tr\/index.php?rest_route=\/wp\/v2\/posts\/2536\/revisions"}],"wp:featuredmedia":[{"embeddable":true,"href":"https:\/\/haksen.org.tr\/index.php?rest_route=\/wp\/v2\/media\/2546"}],"wp:attachment":[{"href":"https:\/\/haksen.org.tr\/index.php?rest_route=%2Fwp%2Fv2%2Fmedia&parent=2536"}],"wp:term":[{"taxonomy":"category","embeddable":true,"href":"https:\/\/haksen.org.tr\/index.php?rest_route=%2Fwp%2Fv2%2Fcategories&post=2536"},{"taxonomy":"post_tag","embeddable":true,"href":"https:\/\/haksen.org.tr\/index.php?rest_route=%2Fwp%2Fv2%2Ftags&post=2536"}],"curies":[{"name":"wp","href":"https:\/\/api.w.org\/{rel}","templated":true}]}}