{"id":2532,"date":"2013-05-09T12:00:00","date_gmt":"2013-05-09T12:00:00","guid":{"rendered":"http:\/\/haksen.org.tr\/?p=2532"},"modified":"2013-05-09T12:00:00","modified_gmt":"2013-05-09T12:00:00","slug":"maliye-personel-genel-mudurunu-ziyaret","status":"publish","type":"post","link":"https:\/\/haksen.org.tr\/?p=2532","title":{"rendered":"Maliye Personel Genel M\u00fcd\u00fcr\u00fcn\u00fc Ziyaret"},"content":{"rendered":"<p>G\u00f6r\u00fc\u015fmeye B\u00fcro Hak-Sen Genel Sekreteri \u00d6zg\u00fcr Tuncer, B\u00fcro Hak-Sen Genel Mali Sekreteri K\u00f6ksal K\u0131z\u0131lc\u0131 ve Maliye \u015eubesi Y\u00f6netim Kurulu \u00fcyesi Dilaver Korkmaz kat\u0131ld\u0131lar.<\/p>\n<p>G\u00f6r\u00fc\u015fmede konu\u015fan Genel Ba\u015fkan Ayhan \u00c7ivi ; Maliye personelinin yapt\u0131\u011f\u0131 hizmetlerin gere\u011fi olarak Mali Hizmetler S\u0131n\u0131f\u0131\u2019n\u0131n olu\u015fturulmas\u0131 gerekti\u011fini belirterek, <\/p>\n<p>1-Fazla \u00e7al\u0131\u015fma \u00fccretlerinin \u00f6denmesi,<\/p>\n<p>2-Yard\u0131mc\u0131 hizmetli personelin g\u00f6revde y\u00fckselme  s\u0131nav\u0131n\u0131n ak\u0131beti,<\/p>\n<p>3-Maliye Kursuna ba\u015fvurulardaki 35 ya\u015f s\u0131n\u0131r\u0131n\u0131n kald\u0131r\u0131lmas\u0131,<\/p>\n<p>4-Defterdarl\u0131k uzmanl\u0131\u011f\u0131 s\u0131n\u0131avlar\u0131n\u0131n a\u00e7\u0131lmas\u0131,<\/p>\n<p>5-Defterdarl\u0131k ve Gelir Uzmanlar\u0131na da 3600 ek g\u00f6sterge verilmesi,<\/p>\n<p>6-Ek \u00f6demelerim emekli ayl\u0131\u011f\u0131na dahil edilmesi,<\/p>\n<p>7-Sendikam\u0131z\u0131n a\u00e7t\u0131\u011f\u0131 dava sonucu Defterdarl\u0131k Uzmanl\u0131\u011f\u0131n\u0131 kazanan 30 ki\u015finin atalamar\u0131n\u0131n ak\u0131beti,<\/p>\n<p>konular\u0131n\u0131 g\u00fcndeme getirdi.<\/p>\n<p>Maliye Bakanl\u0131\u011f\u0131 Personel Genel M\u00fcd\u00fcr\u00fc Hasan \u015eahin g\u00fcndeme gelen konulara ili\u015fkin olarak;<\/p>\n<p>1-Hizmetlerin y\u00fcr\u00fct\u00fclmesi i\u00e7in ger\u00e7ekten fazla mesaisine ihtiya\u00e7 duyulan personele \u00f6deme yap\u0131lmas\u0131 gerekti\u011fini d\u00fc\u015f\u00fcnd\u00fc\u011f\u00fcn\u00fc, fazla mesai \u00fccretlerinin kald\u0131r\u0131lmas\u0131yla ilgili karar\u0131n idari bir tasarruf olmad\u0131\u011f\u0131n\u0131 belirterek , konuya ili\u015fkin karar\u0131n h\u00fck\u00fcmetin tasarrufunda oldu\u011funu,<\/p>\n<p>2-Maliye Bakanl\u0131\u011f\u0131 te\u015fkilat\u0131nda 1200 civar\u0131nda yard\u0131mc\u0131 hizmetli personel bulundu\u011funu, hizmetlerin aksamamas\u0131 i\u00e7in her y\u0131l a\u00e7\u0131lacak s\u0131navlarla belirli say\u0131daki personelin g\u00f6revde y\u00fckselmelerinin sa\u011flanaca\u011f\u0131n\u0131, bu y\u0131l mutlaka s\u0131nav a\u00e7\u0131laca\u011f\u0131n\u0131,<\/p>\n<p>3-Maliye Bakanl\u0131\u011f\u0131 te\u015fkilat\u0131ndaki   \u015eef ihtiyac\u0131n\u0131n tespiti i\u00e7in defterdarl\u0131klardan gerekli bilgilerin al\u0131nd\u0131\u011f\u0131n\u0131 belirterek  \u015eef\u2019lik s\u0131nav\u0131n\u0131n a\u00e7\u0131lmas\u0131 i\u00e7in \u00e7al\u0131\u015fmalar\u0131n devam etti\u011fini,<\/p>\n<p>4-Yarg\u0131 karar\u0131 sonucu yaz\u0131l\u0131y\u0131 kazanarak di\u011fer s\u00fcre\u00e7leri tamamlayan 30 personelin Defterdarl\u0131k Uzman\u0131 olarak atanmalar\u0131na ili\u015fkin \u00e7al\u0131\u015fman\u0131n tamamlanmak \u00fczere olu\u011funu ve yak\u0131n bir zamanda atamalar\u0131n yap\u0131laca\u011f\u0131n\u0131,<\/p>\n<p>Ayr\u0131ca,  Maliye Kursuna ba\u015fvuru ya\u015f\u0131yla ilgili bir de\u011fi\u015fikli\u011fin uygun olmad\u0131\u011f\u0131n\u0131 belirterek di\u011fer hususlar\u0131n idarenin takdir yetkisinin d\u0131\u015f\u0131nda oldu\u011funu ifade etmi\u015flerdir.<\/p>\n","protected":false},"excerpt":{"rendered":"<p>Genel Ba\u015fkan Ayhan \u00c7ivi Maliye Bakanl\u0131\u011f\u0131 Personel Genel M\u00fcd\u00fcr\u00fc Hasan \u015eahin\u2019i makam\u0131nda ziyaret ederek,  sendikam\u0131z\u0131n taleplerini iletti.<\/p>\n","protected":false},"author":1,"featured_media":2533,"comment_status":"closed","ping_status":"open","sticky":false,"template":"","format":"standard","meta":{"footnotes":""},"categories":[],"tags":[],"class_list":["post-2532","post","type-post","status-publish","format-standard","has-post-thumbnail"],"_links":{"self":[{"href":"https:\/\/haksen.org.tr\/index.php?rest_route=\/wp\/v2\/posts\/2532","targetHints":{"allow":["GET"]}}],"collection":[{"href":"https:\/\/haksen.org.tr\/index.php?rest_route=\/wp\/v2\/posts"}],"about":[{"href":"https:\/\/haksen.org.tr\/index.php?rest_route=\/wp\/v2\/types\/post"}],"author":[{"embeddable":true,"href":"https:\/\/haksen.org.tr\/index.php?rest_route=\/wp\/v2\/users\/1"}],"replies":[{"embeddable":true,"href":"https:\/\/haksen.org.tr\/index.php?rest_route=%2Fwp%2Fv2%2Fcomments&post=2532"}],"version-history":[{"count":0,"href":"https:\/\/haksen.org.tr\/index.php?rest_route=\/wp\/v2\/posts\/2532\/revisions"}],"wp:featuredmedia":[{"embeddable":true,"href":"https:\/\/haksen.org.tr\/index.php?rest_route=\/wp\/v2\/media\/2533"}],"wp:attachment":[{"href":"https:\/\/haksen.org.tr\/index.php?rest_route=%2Fwp%2Fv2%2Fmedia&parent=2532"}],"wp:term":[{"taxonomy":"category","embeddable":true,"href":"https:\/\/haksen.org.tr\/index.php?rest_route=%2Fwp%2Fv2%2Fcategories&post=2532"},{"taxonomy":"post_tag","embeddable":true,"href":"https:\/\/haksen.org.tr\/index.php?rest_route=%2Fwp%2Fv2%2Ftags&post=2532"}],"curies":[{"name":"wp","href":"https:\/\/api.w.org\/{rel}","templated":true}]}}