{"id":2529,"date":"2013-05-07T12:00:00","date_gmt":"2013-05-07T12:00:00","guid":{"rendered":"http:\/\/haksen.org.tr\/?p=2529"},"modified":"2013-05-07T12:00:00","modified_gmt":"2013-05-07T12:00:00","slug":"ankara-vergi-dairesi-baskanini-ziyaret","status":"publish","type":"post","link":"https:\/\/haksen.org.tr\/?p=2529","title":{"rendered":"Ankara Vergi Dairesi Ba\u015fkan\u0131n\u0131 Ziyaret"},"content":{"rendered":"<p>Ziyarete, B\u00fcro Hak-Sen Genel Sekreteri \u00d6zg\u00fcr Tuncer, Maliye \u015eube Ba\u015fkan\u0131 Tuncay Y\u0131ld\u0131r\u0131m, Maliye \u015eubesi Y\u00f6netim Kurulu \u00fcyeleri Dilaver Korkma ve Mehmet Kabasakal kat\u0131ld\u0131lar.<\/p>\n<p>Antalya Vergi Dairesi Ba\u015fkanl\u0131\u011f\u0131 g\u00f6revinden Ankara Vergi Dairesi Ba\u015fkanl\u0131\u011f\u0131 g\u00f6revine atanan Mahmut S\u00fctc\u00fc\u2019ye yeni g\u00f6revinde ba\u015far\u0131lar dileyen Genel Ba\u015fkan Ayhan \u00c7ivi, sorunlar\u0131n sa\u011fl\u0131kl\u0131 bir \u015fekilde \u00e7\u00f6z\u00fclmesi ve hizmetlerin verimlili\u011fi a\u00e7\u0131s\u0131ndan idare ile ileti\u015fimin \u00f6nemli oldu\u011funu s\u00f6yledi,<\/p>\n<p>G\u00f6r\u00fc\u015fmede;<br \/>\n1-T\u00fcm sendika temsilcilerinin kat\u0131l\u0131m\u0131 ile g\u00fcndemli olarak 2 ayda bir toplant\u0131lar yap\u0131lmas\u0131,<\/p>\n<p>2-Gelir Uzmanl\u0131\u011f\u0131 s\u0131navlar\u0131n\u0131n her y\u0131l yap\u0131lmas\u0131,<\/p>\n<p>3-Fazla mesai \u00fccretlerinin \u00f6denmesi,<\/p>\n<p>4-Yaz d\u00f6nemindeki a\u015f\u0131r\u0131 s\u0131caklar nedeniyle vergi Dairelerindeki servislere klima tak\u0131lmas\u0131,<\/p>\n<p>5-Yemek kalitesinin y\u00fckseltilmesi,<\/p>\n<p>6-Servislere internet eri\u015fimi imk\u00e2n\u0131 verilmesi,<\/p>\n<p>Konular\u0131 dile getirildi.<\/p>\n<h2 style='margin:20px 0;'>\u0130\u00e7erik Galerisi<\/h2>\n<p><img decoding=\"async\" src=\"wp-content\/uploads\/2016\/12\/378772397.jpg\" alt=\"Ankara Vergi Dairesi Ba\u015fkan\u0131n\u0131 Ziyaret\" style=\"width:100%;\" \/><\/p>\n","protected":false},"excerpt":{"rendered":"<p>Genel Ba\u015fkan Ayhan \u00c7ivi berberindeki heyetle birlikte Ankara Vergi Dairesi Ba\u015fkan\u0131 Mahmut S\u00fctc\u00fc\u2019y\u00fc makam\u0131nda ziyaret etti.<\/p>\n","protected":false},"author":1,"featured_media":2530,"comment_status":"closed","ping_status":"open","sticky":false,"template":"","format":"standard","meta":{"footnotes":""},"categories":[],"tags":[],"class_list":["post-2529","post","type-post","status-publish","format-standard","has-post-thumbnail"],"_links":{"self":[{"href":"https:\/\/haksen.org.tr\/index.php?rest_route=\/wp\/v2\/posts\/2529","targetHints":{"allow":["GET"]}}],"collection":[{"href":"https:\/\/haksen.org.tr\/index.php?rest_route=\/wp\/v2\/posts"}],"about":[{"href":"https:\/\/haksen.org.tr\/index.php?rest_route=\/wp\/v2\/types\/post"}],"author":[{"embeddable":true,"href":"https:\/\/haksen.org.tr\/index.php?rest_route=\/wp\/v2\/users\/1"}],"replies":[{"embeddable":true,"href":"https:\/\/haksen.org.tr\/index.php?rest_route=%2Fwp%2Fv2%2Fcomments&post=2529"}],"version-history":[{"count":0,"href":"https:\/\/haksen.org.tr\/index.php?rest_route=\/wp\/v2\/posts\/2529\/revisions"}],"wp:featuredmedia":[{"embeddable":true,"href":"https:\/\/haksen.org.tr\/index.php?rest_route=\/wp\/v2\/media\/2530"}],"wp:attachment":[{"href":"https:\/\/haksen.org.tr\/index.php?rest_route=%2Fwp%2Fv2%2Fmedia&parent=2529"}],"wp:term":[{"taxonomy":"category","embeddable":true,"href":"https:\/\/haksen.org.tr\/index.php?rest_route=%2Fwp%2Fv2%2Fcategories&post=2529"},{"taxonomy":"post_tag","embeddable":true,"href":"https:\/\/haksen.org.tr\/index.php?rest_route=%2Fwp%2Fv2%2Ftags&post=2529"}],"curies":[{"name":"wp","href":"https:\/\/api.w.org\/{rel}","templated":true}]}}