{"id":2525,"date":"2013-05-06T12:00:00","date_gmt":"2013-05-06T12:00:00","guid":{"rendered":"http:\/\/haksen.org.tr\/?p=2525"},"modified":"2013-05-06T12:00:00","modified_gmt":"2013-05-06T12:00:00","slug":"ksu-rektorune-ziyaret","status":"publish","type":"post","link":"https:\/\/haksen.org.tr\/?p=2525","title":{"rendered":"KS\u00dc Rekt\u00f6r\u00fcne Ziyaret"},"content":{"rendered":"<p>E\u011fitim Hak-Sen Genel Ba\u015fkan\u0131 Hanifi G\u00f6k\u00e7ek, beraberinde Genel Sekreter Erdin\u00e7 Topta\u015f, Ankara Merkez 1 Nolu \u015eube Ba\u015fkan\u0131 \u00dcmit \u015eeref Yar\u0131c\u0131 ve E\u011fitim Hak-Sen Ankara 2.Nolu \u015eube Y\u00f6netim Kurulu \u00dcyesi Cem Kapukaya e\u015fli\u011finde Rekt\u00f6r Prof. Dr. Mehmet Fatih Karaaslan\u2019a nezaket ziyaretinde bulundu.<\/p>\n<p>Samimi bir havada ge\u00e7en ziyaret esnas\u0131nda E\u011fitim Hak-Sen\u2019in \u00e7al\u0131\u015fmalar\u0131 hakk\u0131nda Rekt\u00f6r Karaaslan\u2019la sohbet eden E\u011fitim Hak-Sen y\u00f6neticileri ziyaretten duyduklar\u0131 memnuniyeti dile getirdi.<\/p>\n<p>KS\u00dc Rekt\u00f6r\u00fc Prof. Dr. Mehmet Fatih Karaaslan da ziyaretten duydu\u011fu memnuniyeti dile getirerek E\u011fitim Hak-Sen y\u00f6neticilerine \u00e7al\u0131\u015fmalar\u0131nda ba\u015far\u0131lar diledi.<\/p>\n<p>E\u011fitim Hak-Sen y\u00f6neticileri daha sonra \u00fcniversite \u00e7al\u0131\u015fanlar\u0131 ile bir araya gelerek \u00e7al\u0131\u015fmalar\u0131na devam etti.<\/p>\n<h2 style='margin:20px 0;'>\u0130\u00e7erik Galerisi<\/h2>\n<p><img decoding=\"async\" src=\"wp-content\/uploads\/2016\/12\/869464911.jpg\" alt=\"KS\u00dc Rekt\u00f6r\u00fcne Ziyaret\" style=\"width:100%;\" \/><\/p>\n<p><img decoding=\"async\" src=\"wp-content\/uploads\/2016\/12\/247873044.jpg\" alt=\"KS\u00dc Rekt\u00f6r\u00fcne Ziyaret\" style=\"width:100%;\" \/><\/p>\n","protected":false},"excerpt":{"rendered":"<p>E\u011fitim Hak-Sen Genel Ba\u015fkan\u0131 Hanifi G\u00f6k\u00e7ek heyetle birlikte Kahramanmara\u015f S\u00fct\u00e7\u00fc \u0130mam \u00dcnv. Rekt\u00f6r\u00fc Prof. Dr. Mehmet Fatih Karaaslan&#8217;\u0131 ziyaret etti<\/p>\n","protected":false},"author":1,"featured_media":2526,"comment_status":"closed","ping_status":"open","sticky":false,"template":"","format":"standard","meta":{"footnotes":""},"categories":[],"tags":[],"class_list":["post-2525","post","type-post","status-publish","format-standard","has-post-thumbnail"],"_links":{"self":[{"href":"https:\/\/haksen.org.tr\/index.php?rest_route=\/wp\/v2\/posts\/2525","targetHints":{"allow":["GET"]}}],"collection":[{"href":"https:\/\/haksen.org.tr\/index.php?rest_route=\/wp\/v2\/posts"}],"about":[{"href":"https:\/\/haksen.org.tr\/index.php?rest_route=\/wp\/v2\/types\/post"}],"author":[{"embeddable":true,"href":"https:\/\/haksen.org.tr\/index.php?rest_route=\/wp\/v2\/users\/1"}],"replies":[{"embeddable":true,"href":"https:\/\/haksen.org.tr\/index.php?rest_route=%2Fwp%2Fv2%2Fcomments&post=2525"}],"version-history":[{"count":0,"href":"https:\/\/haksen.org.tr\/index.php?rest_route=\/wp\/v2\/posts\/2525\/revisions"}],"wp:featuredmedia":[{"embeddable":true,"href":"https:\/\/haksen.org.tr\/index.php?rest_route=\/wp\/v2\/media\/2526"}],"wp:attachment":[{"href":"https:\/\/haksen.org.tr\/index.php?rest_route=%2Fwp%2Fv2%2Fmedia&parent=2525"}],"wp:term":[{"taxonomy":"category","embeddable":true,"href":"https:\/\/haksen.org.tr\/index.php?rest_route=%2Fwp%2Fv2%2Fcategories&post=2525"},{"taxonomy":"post_tag","embeddable":true,"href":"https:\/\/haksen.org.tr\/index.php?rest_route=%2Fwp%2Fv2%2Ftags&post=2525"}],"curies":[{"name":"wp","href":"https:\/\/api.w.org\/{rel}","templated":true}]}}