{"id":2523,"date":"2013-05-06T12:00:00","date_gmt":"2013-05-06T12:00:00","guid":{"rendered":"http:\/\/haksen.org.tr\/?p=2523"},"modified":"2013-05-06T12:00:00","modified_gmt":"2013-05-06T12:00:00","slug":"genel-baskan-ayhan-civi-kanal-bde","status":"publish","type":"post","link":"https:\/\/haksen.org.tr\/?p=2523","title":{"rendered":"Genel Ba\u015fkan Ayhan \u00c7ivi Kanal B&#8217;de"},"content":{"rendered":"<p>Haksen Genel Ba\u015fkan\u0131 Ayhan \u00c7ivi, bug\u00fcn (6 May\u0131s 2013) Kanal B televizyonunda canl\u0131 olarak yay\u0131mlanan G\u00dcNCEL program\u0131na kat\u0131lacakt\u0131r.<\/p>\n<p>Programda, kamu personel mevzuat\u0131nda yap\u0131lmas\u0131 planlanan de\u011fi\u015fiklikler, 4\/C personelin kadro \u00e7al\u0131\u015fmas\u0131ndaki son durum ve di\u011fer \u00f6nemli g\u00fcndem maddelerine ili\u015fkin a\u00e7\u0131klamalar yapacakt\u0131r.<\/p>\n","protected":false},"excerpt":{"rendered":"<p>Genel Ba\u015fkan Ayhan \u00c7ivi bug\u00fcn Kanal B 16:30 da Kanal B &#8216;de canl\u0131 olarak yay\u0131nlanan G\u00dcNCEL program\u0131na kat\u0131lacak.<\/p>\n","protected":false},"author":1,"featured_media":2524,"comment_status":"closed","ping_status":"open","sticky":false,"template":"","format":"standard","meta":{"footnotes":""},"categories":[],"tags":[],"class_list":["post-2523","post","type-post","status-publish","format-standard","has-post-thumbnail"],"_links":{"self":[{"href":"https:\/\/haksen.org.tr\/index.php?rest_route=\/wp\/v2\/posts\/2523","targetHints":{"allow":["GET"]}}],"collection":[{"href":"https:\/\/haksen.org.tr\/index.php?rest_route=\/wp\/v2\/posts"}],"about":[{"href":"https:\/\/haksen.org.tr\/index.php?rest_route=\/wp\/v2\/types\/post"}],"author":[{"embeddable":true,"href":"https:\/\/haksen.org.tr\/index.php?rest_route=\/wp\/v2\/users\/1"}],"replies":[{"embeddable":true,"href":"https:\/\/haksen.org.tr\/index.php?rest_route=%2Fwp%2Fv2%2Fcomments&post=2523"}],"version-history":[{"count":0,"href":"https:\/\/haksen.org.tr\/index.php?rest_route=\/wp\/v2\/posts\/2523\/revisions"}],"wp:featuredmedia":[{"embeddable":true,"href":"https:\/\/haksen.org.tr\/index.php?rest_route=\/wp\/v2\/media\/2524"}],"wp:attachment":[{"href":"https:\/\/haksen.org.tr\/index.php?rest_route=%2Fwp%2Fv2%2Fmedia&parent=2523"}],"wp:term":[{"taxonomy":"category","embeddable":true,"href":"https:\/\/haksen.org.tr\/index.php?rest_route=%2Fwp%2Fv2%2Fcategories&post=2523"},{"taxonomy":"post_tag","embeddable":true,"href":"https:\/\/haksen.org.tr\/index.php?rest_route=%2Fwp%2Fv2%2Ftags&post=2523"}],"curies":[{"name":"wp","href":"https:\/\/api.w.org\/{rel}","templated":true}]}}