{"id":2520,"date":"2013-05-01T12:00:00","date_gmt":"2013-05-01T12:00:00","guid":{"rendered":"http:\/\/haksen.org.tr\/?p=2520"},"modified":"2013-05-01T12:00:00","modified_gmt":"2013-05-01T12:00:00","slug":"istanbulda-emege-karsi-sikiyonetim-","status":"publish","type":"post","link":"https:\/\/haksen.org.tr\/?p=2520","title":{"rendered":"\u0130stanbul\u2019da Eme\u011fe Kar\u015f\u0131 S\u0131k\u0131y\u00f6netim"},"content":{"rendered":"<p>Kamu \u00c7al\u0131\u015fanlar\u0131 Hak Sendikalar\u0131 Konfederasyonu (Haksen)  Genel Ba\u015fkan\u0131 Ayhan \u00c7ivi, yapt\u0131\u011f\u0131 yaz\u0131l\u0131 a\u00e7\u0131klamada; eme\u011fiyle ge\u00e7inen t\u00fcm insanlar\u0131n  \u201cBirlik, m\u00fccadele ve dayan\u0131\u015fma g\u00fcn\u00fc\u201d olan   1 May\u0131s\u2019\u0131  kutlad\u0131.<\/p>\n<p>\u00c7ivi,  d\u00fcnya emek\u00e7ilerinin insan onuruna yak\u0131\u015f\u0131r  \u00e7al\u0131\u015fma ko\u015fullar\u0131n\u0131 elde etmek i\u00e7in ba\u015flatt\u0131klar\u0131 m\u00fccadeleyle birlikte t\u00fcm d\u00fcnyada  124 y\u0131ldan beri b\u00fcy\u00fck bir co\u00e7kuyla kutlanan 1 May\u0131s&#8217;\u0131n \u00fclkemizde bir kez daha engellerle kar\u015f\u0131la\u015ft\u0131\u011f\u0131n\u0131 s\u00f6yledi.<\/p>\n<p>Haksen Genel Ba\u015fkan\u0131 Ayhan \u00c7ivi, yasalar\u0131n \u00e7al\u0131\u015fanlar\u0131n bayram\u0131 olarak kabul etti\u011fi 1 May\u0131s\u2019ta \u0130stanbul\u2019da ya\u015fananlar\u0131 kabul etmek m\u00fcmk\u00fcn olmad\u0131\u011f\u0131n\u0131 belirtti.<\/p>\n<p>\u00c7ivi , iki y\u0131ldan beri herhangi bir toplumsal olay meydana gelmeden  Taksim\u2019de yap\u0131lan kutlamalar, fiziki engeller  ve  \u00e7\u0131kmas\u0131 \u00f6ng\u00f6r\u00fclen olaylar bahane edilerek bu y\u0131l engellenmi\u015ftir. \u00dclkemizin demokratikle\u015fme yolunda y\u00fcr\u00fcmek istedi\u011fi bir ortamda, demokrasinin olmazsa olmaz\u0131 olan emek\u00e7ilere kar\u015f\u0131 adeta s\u0131k\u0131y\u00f6netim ilan edilmi\u015ftir, dedi.<\/p>\n<p>Konfederasyon genel merkezi  olarak  t\u00fcm haz\u0131rl\u0131klar\u0131n yap\u0131larak Ankara\u2019dan hareketle  1 May\u0131s\u2019\u0131 Taksim\u2019de kutlama karar\u0131 ald\u0131klar\u0131n\u0131 da hat\u0131rlatan \u00c7ivi, \u0130stanbul\u2019da ilan edilen s\u0131k\u0131y\u00f6netim  nedeniyle toplu olarak Avrupa yakas\u0131na ula\u015fma imkan\u0131n ortadan kalkmas\u0131 sonucu  program\u0131 iptal etmek zorunda kald\u0131klar\u0131n\u0131 s\u00f6yledi.<\/p>\n<h2 style='margin:20px 0;'>\u0130\u00e7erik Galerisi<\/h2>\n<p><img decoding=\"async\" src=\"wp-content\/uploads\/2016\/12\/669744022.jpg\" alt=\"\u0130stanbul\u2019da Eme\u011fe Kar\u015f\u0131 S\u0131k\u0131y\u00f6netim \" style=\"width:100%;\" \/><\/p>\n","protected":false},"excerpt":{"rendered":"<p>(Haksen) Genel Ba\u015fkan\u0131 Ayhan \u00c7ivi, yapt\u0131\u011f\u0131  a\u00e7\u0131klamada; eme\u011fiyle ge\u00e7inen t\u00fcm insanlar\u0131n  \u201cBirlik, m\u00fccadele ve dayan\u0131\u015fma g\u00fcn\u00fc\u201d olan 1 May\u0131s\u2019\u0131 kutlad\u0131.<\/p>\n","protected":false},"author":1,"featured_media":2521,"comment_status":"closed","ping_status":"open","sticky":false,"template":"","format":"standard","meta":{"footnotes":""},"categories":[],"tags":[],"class_list":["post-2520","post","type-post","status-publish","format-standard","has-post-thumbnail"],"_links":{"self":[{"href":"https:\/\/haksen.org.tr\/index.php?rest_route=\/wp\/v2\/posts\/2520","targetHints":{"allow":["GET"]}}],"collection":[{"href":"https:\/\/haksen.org.tr\/index.php?rest_route=\/wp\/v2\/posts"}],"about":[{"href":"https:\/\/haksen.org.tr\/index.php?rest_route=\/wp\/v2\/types\/post"}],"author":[{"embeddable":true,"href":"https:\/\/haksen.org.tr\/index.php?rest_route=\/wp\/v2\/users\/1"}],"replies":[{"embeddable":true,"href":"https:\/\/haksen.org.tr\/index.php?rest_route=%2Fwp%2Fv2%2Fcomments&post=2520"}],"version-history":[{"count":0,"href":"https:\/\/haksen.org.tr\/index.php?rest_route=\/wp\/v2\/posts\/2520\/revisions"}],"wp:featuredmedia":[{"embeddable":true,"href":"https:\/\/haksen.org.tr\/index.php?rest_route=\/wp\/v2\/media\/2521"}],"wp:attachment":[{"href":"https:\/\/haksen.org.tr\/index.php?rest_route=%2Fwp%2Fv2%2Fmedia&parent=2520"}],"wp:term":[{"taxonomy":"category","embeddable":true,"href":"https:\/\/haksen.org.tr\/index.php?rest_route=%2Fwp%2Fv2%2Fcategories&post=2520"},{"taxonomy":"post_tag","embeddable":true,"href":"https:\/\/haksen.org.tr\/index.php?rest_route=%2Fwp%2Fv2%2Ftags&post=2520"}],"curies":[{"name":"wp","href":"https:\/\/api.w.org\/{rel}","templated":true}]}}