{"id":2518,"date":"2013-04-29T12:00:00","date_gmt":"2013-04-29T12:00:00","guid":{"rendered":"http:\/\/haksen.org.tr\/?p=2518"},"modified":"2013-04-29T12:00:00","modified_gmt":"2013-04-29T12:00:00","slug":"haksen-1-mayisi-taksimde-kutlayacak","status":"publish","type":"post","link":"https:\/\/haksen.org.tr\/?p=2518","title":{"rendered":"HAKSEN 1 May\u0131s&#8217;\u0131 Taksim&#8217;de kutlayacak"},"content":{"rendered":"<p>ANKARA (ANKA) &#8211; \u00c7ivi, &#8220;Siyasal ve ideolojik herhangi bir ayr\u0131mc\u0131l\u0131k yap\u0131lmadan emekten yana t\u00fcm sivil kurulu\u015flar\u0131n Taksim&#8217;de olmas\u0131 gerekir&#8221; dedi.<\/p>\n<p>HAKSEN Genel Ba\u015fkan\u0131 Ayhan \u00c7ivi yapt\u0131\u011f\u0131 a\u00e7\u0131klamada, Emek ve Dayan\u0131\u015fma Bayram\u0131 olan 1 May\u0131s&#8217;ta eme\u011fin ve emek\u00e7inin mabedi olan Taksim&#8217;de olacaklar\u0131n\u0131 belirterek, &#8220;Siyasal ve ideolojik herhangi bir ayr\u0131mc\u0131l\u0131k yap\u0131lmadan emekten yana t\u00fcm sivil kurulu\u015flar\u0131n Taksim&#8217;de olmas\u0131 gerekir&#8221; dedi. \u00c7ivi \u015funlar\u0131 s\u00f6yledi:<\/p>\n<p>&#8220;34 y\u0131l aradan sonra Taksim&#8217;in 1 May\u0131s kutlamalar\u0131na a\u00e7\u0131ld\u0131\u011f\u0131 2011 y\u0131l\u0131nda da t\u00fcm emek\u00e7ilerle birlikte Taksim&#8217;deydik. Ge\u00e7ti\u011fimiz y\u0131l konfederasyonlar\u0131n farkl\u0131 \u015fehirlerde ve alanlarda olmas\u0131n\u0131 protesto i\u00e7in 1 May\u0131s kutlamalar\u0131na kat\u0131lmad\u0131k.<\/p>\n<p>\u0130ki memur konfederasyonu d\u0131\u015f\u0131ndaki konfederasyonlar\u0131n 1 May\u0131s&#8217;\u0131 Taksim&#8217;de kutlama karar\u0131 \u00fczerine, y\u00f6netim kurulumuz yapt\u0131\u011f\u0131 toplant\u0131da Taksim&#8217;de olmam\u0131z gerekti\u011fine karar verdi.&#8221;<\/p>\n<p>-\u0130L TE\u015eK\u0130LATLARI KEND\u0130 \u0130N\u0130S\u0130YAT\u0130FLER\u0130NDE KUTLAMA YAPACAK-<\/p>\n<p>\u00c7ivi, genel merkez olarak Taksim&#8217;de olma karar\u0131yla birlikte konfederasyona ba\u011fl\u0131 il te\u015fkilatlar\u0131n\u0131n da kendi inisiyatiflerine b\u0131rak\u0131larak, kendi illerindeki emek \u00f6rg\u00fctleriyle birlikte kutlama yapacaklar\u0131n\u0131 s\u00f6yledi.<\/p>\n<p>Emek ve Dayan\u0131\u015fma g\u00fcn\u00fcn\u00fcn m\u00fccadele ile kazan\u0131lm\u0131\u015f, ger\u00e7ek anlamda bir bayram, oldu\u011funu vurgulayan \u00c7ivi, 1 May\u0131s&#8217;taki t\u00fcm kutlamalar\u0131n da bayram havas\u0131 i\u00e7inde ge\u00e7mesini diledi.<\/p>\n","protected":false},"excerpt":{"rendered":"<p>Kamu \u00c7al\u0131\u015fanlar\u0131 Hak Sendikalar\u0131 Konfederasyonu (HAKSEN) Genel Ba\u015fkan\u0131 Ayhan \u00c7ivi, 1 May\u0131s&#8217;\u0131 Taksim&#8217;de kutlama karar\u0131 ald\u0131klar\u0131n\u0131 s\u00f6yledi.<\/p>\n","protected":false},"author":1,"featured_media":2519,"comment_status":"closed","ping_status":"open","sticky":false,"template":"","format":"standard","meta":{"footnotes":""},"categories":[],"tags":[],"class_list":["post-2518","post","type-post","status-publish","format-standard","has-post-thumbnail"],"_links":{"self":[{"href":"https:\/\/haksen.org.tr\/index.php?rest_route=\/wp\/v2\/posts\/2518","targetHints":{"allow":["GET"]}}],"collection":[{"href":"https:\/\/haksen.org.tr\/index.php?rest_route=\/wp\/v2\/posts"}],"about":[{"href":"https:\/\/haksen.org.tr\/index.php?rest_route=\/wp\/v2\/types\/post"}],"author":[{"embeddable":true,"href":"https:\/\/haksen.org.tr\/index.php?rest_route=\/wp\/v2\/users\/1"}],"replies":[{"embeddable":true,"href":"https:\/\/haksen.org.tr\/index.php?rest_route=%2Fwp%2Fv2%2Fcomments&post=2518"}],"version-history":[{"count":0,"href":"https:\/\/haksen.org.tr\/index.php?rest_route=\/wp\/v2\/posts\/2518\/revisions"}],"wp:featuredmedia":[{"embeddable":true,"href":"https:\/\/haksen.org.tr\/index.php?rest_route=\/wp\/v2\/media\/2519"}],"wp:attachment":[{"href":"https:\/\/haksen.org.tr\/index.php?rest_route=%2Fwp%2Fv2%2Fmedia&parent=2518"}],"wp:term":[{"taxonomy":"category","embeddable":true,"href":"https:\/\/haksen.org.tr\/index.php?rest_route=%2Fwp%2Fv2%2Fcategories&post=2518"},{"taxonomy":"post_tag","embeddable":true,"href":"https:\/\/haksen.org.tr\/index.php?rest_route=%2Fwp%2Fv2%2Ftags&post=2518"}],"curies":[{"name":"wp","href":"https:\/\/api.w.org\/{rel}","templated":true}]}}