{"id":2514,"date":"2013-04-26T12:00:00","date_gmt":"2013-04-26T12:00:00","guid":{"rendered":"http:\/\/haksen.org.tr\/?p=2514"},"modified":"2013-04-26T12:00:00","modified_gmt":"2013-04-26T12:00:00","slug":"tuik-ankara-bolge-icin-egoya-basvuru","status":"publish","type":"post","link":"https:\/\/haksen.org.tr\/?p=2514","title":{"rendered":"T\u00dc\u0130K Ankara B\u00f6lge \u0130\u00e7in EGO\u2019ya Ba\u015fvuru"},"content":{"rendered":"<p>T\u00fcrkiye \u0130statistik Kurumu Ankara B\u00f6lge M\u00fcd\u00fcrl\u00fc\u011f\u00fcnde alan ara\u015ft\u0131rmalar\u0131nda g\u00f6revlendirilen personelin \u00f6zellikle halk otob\u00fcs\u00fc ve toplu ta\u015f\u0131ma ara\u00e7lar\u0131ndan yararlanmalar\u0131 konusunda ya\u015fad\u0131klar\u0131 ma\u011fduriyetin giderilmesi i\u00e7in Genel Ba\u015fkan Ayhan \u00c7ivi , 8 Nisan 2013 tarihinde Ankara B\u00fcy\u00fck\u015fehir Belediyesi EGO Genel M\u00fcd\u00fcrl\u00fc\u011f\u00fc Ula\u015ft\u0131rma Daire Ba\u015fkan\u0131 M\u00fcmtaz Durlan\u0131k ile g\u00f6r\u00fc\u015fm\u00fc\u015ft\u00fc.<\/p>\n<p>G\u00f6r\u00fc\u015fmede, sorunun \u00e7\u00f6z\u00fcm\u00fc i\u00e7in T\u00dc\u0130K Ankara B\u00f6lge M\u00fcd\u00fcrl\u00fc\u011f\u00fcnce EGO\u2019ya daha \u00f6nce yap\u0131lan yaz\u0131l\u0131 ba\u015fvurular\u0131n ak\u0131betinin bilinmedi\u011fi, bu nedenle sendika taraf\u0131ndan yap\u0131lacak yaz\u0131l\u0131 ba\u015fvuruda b\u00f6lge m\u00fcd\u00fcrl\u00fc\u011f\u00fcnce daha \u00f6nce yap\u0131lan ba\u015fvurular\u0131n ilgi tutularak yeniden bir ba\u015fvuru yap\u0131lmas\u0131 uygun bulunmu\u015ftu.<\/p>\n<p>Personelin ya\u015fad\u0131\u011f\u0131 ma\u011fduriyetin biran evvel giderilmesi i\u00e7in sendikam\u0131z\u0131n \u015fifahi ba\u015fvuruna b\u00f6lge m\u00fcd\u00fcrl\u00fc\u011f\u00fcnce olumsuz cevap verilerek ilgili yaz\u0131lar verilmemi\u015ftir.<\/p>\n<p>Bu nedenle, personelin ya\u015fad\u0131\u011f\u0131 sorunlar\u0131n \u00e7\u00f6z\u00fcm\u00fc i\u00e7in sendikam\u0131z taraf\u0131ndan EGO Genel M\u00fcd\u00fcrl\u00fc\u011f\u00fcne ekteki yaz\u0131l\u0131 ba\u015fvuru yap\u0131lm\u0131\u015f olup takibimiz devam edecektir.<\/p>\n","protected":false},"excerpt":{"rendered":"<p>T\u00dc\u0130K Ankara B\u00f6lge M\u00fcd\u00fcrl\u00fc\u011f\u00fcnde \u00e7al\u0131\u015fan anket\u00f6rlerin ula\u015f\u0131m sorunlar\u0131n\u0131n \u00e7\u00f6z\u00fcm\u00fc i\u00e7in EGO\u2019ya yaz\u0131l\u0131 ba\u015fvuru yap\u0131ld\u0131.<\/p>\n","protected":false},"author":1,"featured_media":2515,"comment_status":"closed","ping_status":"open","sticky":false,"template":"","format":"standard","meta":{"footnotes":""},"categories":[],"tags":[],"class_list":["post-2514","post","type-post","status-publish","format-standard","has-post-thumbnail"],"_links":{"self":[{"href":"https:\/\/haksen.org.tr\/index.php?rest_route=\/wp\/v2\/posts\/2514","targetHints":{"allow":["GET"]}}],"collection":[{"href":"https:\/\/haksen.org.tr\/index.php?rest_route=\/wp\/v2\/posts"}],"about":[{"href":"https:\/\/haksen.org.tr\/index.php?rest_route=\/wp\/v2\/types\/post"}],"author":[{"embeddable":true,"href":"https:\/\/haksen.org.tr\/index.php?rest_route=\/wp\/v2\/users\/1"}],"replies":[{"embeddable":true,"href":"https:\/\/haksen.org.tr\/index.php?rest_route=%2Fwp%2Fv2%2Fcomments&post=2514"}],"version-history":[{"count":0,"href":"https:\/\/haksen.org.tr\/index.php?rest_route=\/wp\/v2\/posts\/2514\/revisions"}],"wp:featuredmedia":[{"embeddable":true,"href":"https:\/\/haksen.org.tr\/index.php?rest_route=\/wp\/v2\/media\/2515"}],"wp:attachment":[{"href":"https:\/\/haksen.org.tr\/index.php?rest_route=%2Fwp%2Fv2%2Fmedia&parent=2514"}],"wp:term":[{"taxonomy":"category","embeddable":true,"href":"https:\/\/haksen.org.tr\/index.php?rest_route=%2Fwp%2Fv2%2Fcategories&post=2514"},{"taxonomy":"post_tag","embeddable":true,"href":"https:\/\/haksen.org.tr\/index.php?rest_route=%2Fwp%2Fv2%2Ftags&post=2514"}],"curies":[{"name":"wp","href":"https:\/\/api.w.org\/{rel}","templated":true}]}}