{"id":2490,"date":"2013-04-21T12:00:00","date_gmt":"2013-04-21T12:00:00","guid":{"rendered":"http:\/\/haksen.org.tr\/?p=2490"},"modified":"2013-04-21T12:00:00","modified_gmt":"2013-04-21T12:00:00","slug":"samsun-il-baskanligimiz-torenle-acildi","status":"publish","type":"post","link":"https:\/\/haksen.org.tr\/?p=2490","title":{"rendered":"Samsun \u0130l Ba\u015fkanl\u0131\u011f\u0131m\u0131z T\u00f6renle A\u00e7\u0131ld\u0131"},"content":{"rendered":"<p>Sendika \u00fcyelerimizin yo\u011fun ilgi g\u00f6sterdi\u011fi a\u00e7\u0131l\u0131\u015fa E\u011fitim Hak-Sen Genel Ba\u015fkan\u0131 Hanifi G\u00f6k\u00e7ek, Sa\u011fl\u0131k Hak-Sen Genel Ba\u015fkan\u0131 Selahattin Karaca, B\u00fcro Hak-Sen Genel Sekreteri \u00d6zg\u00fcr Tuncer, E\u011fitim Hak-Sen Genel Sekreteri Erdin\u00e7 Topta\u015f, B\u00fcro Hak-Sen Sosyal \u0130\u015fler Sekreteri Mehmet Karabulut, TO\u00c7 Hak-Sen E\u011fitim Sekreteri Tamer B\u0131\u00e7k\u0131c\u0131 ve E\u011fitim Hak-Sen Ankara \u015eube Ba\u015fkan\u0131 \u00dcmit \u015eeref Yar\u0131c\u0131 ile \u00fcye sendikalar\u0131n samsun il,il\u00e7e ve i\u015fyeri  temsilcileri kat\u0131ld\u0131lar.<\/p>\n<p>Ankara\u2019dan a\u00e7\u0131l\u0131\u015fa gelen genel ba\u015fkan ve sendika y\u00f6neticilerine te\u015fekk\u00fcr ederek  s\u00f6zlerine ba\u015flayan Haksen  Samsun \u0130l Temsilcisi Alparslan Kayhan, Haksen\u2019in hi\u00e7bir  siyasi partinin arka bah\u00e7esi olmad\u0131\u011f\u0131n\u0131 s\u00f6yledi.<\/p>\n<p>Hak ve emek m\u00fccadelesinde hakl\u0131n\u0131n ve emek\u00e7inin dostu olduklar\u0131n\u0131 belirten Kayhan, bundan sonrada sadece \u00e7al\u0131\u015fanlara hizmet etmek i\u00e7in m\u00fccadele edeceklerini s\u00f6yledi.<\/p>\n<p>A\u00e7\u0131l\u0131\u015fta konu\u015fan Kamu \u00c7al\u0131\u015fanlar\u0131 Hak Sendikalar\u0131 Konfederasyonu (HAKSEN) Genel Ba\u015fkan\u0131 Ayhan \u00c7ivi,  Hak ve emek m\u00fccadelesinin dalga dalga t\u00fcm yurda yay\u0131ld\u0131\u011f\u0131n\u0131 belirterek, Samsun\u2019da bug\u00fcn a\u00e7\u0131l\u0131\u015f\u0131 yap\u0131lacak hizmet binas\u0131n\u0131n \u00fcyelerin eseri oldu\u011funu s\u00f6yledi.<\/p>\n<p>Temsilcili\u011fin a\u00e7\u0131l\u0131\u015f\u0131nda eme\u011fi ge\u00e7enlere te\u015fekk\u00fcr eden \u00c7ivi, Haksen\u2019in emek m\u00fccadelesinde Samsun\u2019da a\u00e7\u0131lan binan\u0131n \u00f6nemli bir mevzii oldu\u011funu ifade ederek, buras\u0131 bizden sonra \u00fcyelerimize emanettir , dedi.<\/p>\n<p>Genel Ba\u015fkan Ayhan \u00c7ivi, bar\u0131\u015f s\u00fcreci ile ilgili yapt\u0131\u011f\u0131 a\u00e7\u0131klamada sendika olarak \u00e7at\u0131\u015fmalardan ve kavgalardan yana olmad\u0131klar\u0131n\u0131 s\u00f6yledi. Ba\u015fkan \u00c7ivi, \u201cSendikal m\u00fccadele i\u00e7in temsilcikler \u00f6nemlidir. Buralar sizin hakk\u0131n\u0131z\u0131n ve m\u00fccadelenize rehber olacakt\u0131r. \u0130nsan her yerde insan insand\u0131r. \u00c7al\u0131\u015fan da kimli\u011fi memleketi ne olursa olsun bu memleketin \u00e7al\u0131\u015fan\u0131d\u0131r ve hizmetkar\u0131d\u0131r. Dolay\u0131s\u0131yla onlar aras\u0131nda e\u015fitli\u011fin sa\u011flanmas\u0131 bizim murad\u0131m\u0131zd\u0131r. <\/p>\n<p>\u015eu an \u00fclkemizde \u00e7\u00f6z\u00fcm s\u00fcreci ba\u015flat\u0131ld\u0131. 30 y\u0131ld\u0131r ter\u00f6rle amans\u0131z bir m\u00fccadele veriyoruz. Bu m\u00fccadele sebebiyle gerek maddi gerekse insan kaynaklar\u0131m\u0131z  feda oldu. Binlerce evlad\u0131m\u0131z \u015fehit olmu\u015ftur. Bu kavgan\u0131n bitmesi gerekiyor. Biz HAKSEN olarak \u00e7at\u0131\u015fmadan ve  kavgadan yana de\u011filiz. Biz bar\u0131\u015f ve \u00f6zg\u00fcrl\u00fck, hak ve adalet istiyoruz. Ancak,  hak ve \u00f6zg\u00fcrl\u00fckler verilirken, ter\u00f6r baronlar\u0131n\u0131n istekleri do\u011frultusunda de\u011fil, halk\u0131n istedi\u011fi temelde olmal\u0131d\u0131r. Verilen haklar, halk\u0131 bar\u0131\u015ft\u0131racak, halk\u0131 birle\u015ftirecek ve b\u00fct\u00fcnle\u015ftirecek temelde olmal\u0131d\u0131r.<\/p>\n<p>Biz sorunun \u00e7\u00f6z\u00fclmesini istiyoruz. Bizden sonrada \u00e7ocuklar\u0131m\u0131z\u0131n ve torunlar\u0131m\u0131z\u0131n  bu \u00fclkede refah ve bar\u0131\u015f i\u00e7erisinde ya\u015famas\u0131n\u0131 istiyoruz. Onun i\u00e7inde bu bar\u0131\u015f s\u00fcrecinde fikrimizi ve samimi d\u00fc\u015f\u00fcncelerimiz s\u00f6yleyece\u011fiz. Yap\u0131lan t\u00fcm \u00e7al\u0131\u015fmalar kamuoyuyla \u015feffaf bir \u015fekilde  payla\u015f\u0131lmal\u0131d\u0131r.  Sadece akil \u0130nsanlar toplulu\u011fu ile yap\u0131lacak \u00e7al\u0131\u015fmalarda kamuoyunun d\u00fc\u015f\u00fcncelerini  saptamak m\u00fcmk\u00fcn de\u011fildir. Aktif kat\u0131l\u0131mc\u0131 vatanda\u015f stratejisiyle vatanda\u015fa inilmeli, gerekirse anayasa de\u011fi\u015fikli\u011finde oldu\u011fu gibi halk\u0131n d\u00fc\u015f\u00fcncelerini a\u00e7\u0131klayaca\u011f\u0131 sanal platformlar olu\u015fturulmal\u0131d\u0131r.\u201d diye konu\u015ftu.<\/p>\n<p>\u00c7al\u0131\u015fma ya\u015fam\u0131ndaki en \u00f6nemli insan haklar\u0131 sorunun da 4\/C \u00e7al\u0131\u015fma stat\u00fcs\u00fc oldu\u011funu belirten \u00c7ivi, \u00e7al\u0131\u015fma ya\u015fam\u0131ndaki bar\u0131\u015f\u0131n tesis edilmesi i\u00e7in 4\/C k\u00f6lelik d\u00fczeninin kald\u0131r\u0131lmas\u0131n\u0131n istedi.<\/p>\n<p>4\/C personelle ilgili kadro \u00e7al\u0131\u015fmalar\u0131 nedeniyle sendikalar\u0131n ve bas\u0131n\u0131n bilgi kirlili\u011fi olu\u015fturdu\u011funu vurgulayan \u00c7ivi, \u00c7al\u0131\u015fma ve Sosyal G\u00fcvenlik Bakan\u0131 Faruk \u00c7elik\u2019in bu konudaki iyi niyetli gayretlerinin sonucunda son s\u00f6z\u00fcn Ba\u015fbakan taraf\u0131ndan s\u00f6ylenee\u011fini hat\u0131rlatarak Ba\u015fbakan Recep Tayyip Erdo\u011fan\u2019a hiteben \u201cSay\u0131n Ba\u015fbakan\u0131m\u0131z, \u00fclkemizde bar\u0131\u015f\u0131 tesis etmek i\u00e7in yapt\u0131\u011f\u0131n \u00e7al\u0131\u015fmalar\u0131n yan\u0131nda 4\/C personeli i\u00e7in de\u00e7\u00f6z\u00fcm s\u00fcrecini ba\u015flatman\u0131z\u0131 talep ediyoruz\u201d dedi.<\/p>\n<p>\u00c7ivi, \u00dclkemizdeki kamu \u00e7al\u0131\u015fanlar\u0131n\u0131n en \u00f6nemli sorunlar\u0131ndan birinin de ek \u00f6demelerin maa\u015flara ve emeklili\u011fe yans\u0131t\u0131lmas\u0131 oldu\u011funu s\u00f6yledi.<\/p>\n<p>Genel Ba\u015fkan Ayhan \u00c7ivi\u2019nin konu\u015fmas\u0131ndan sonra sendika temsilcili\u011finin a\u00e7\u0131l\u0131\u015f\u0131 yap\u0131ld\u0131.<\/p>\n<h2 style='margin:20px 0;'>\u0130\u00e7erik Galerisi<\/h2>\n<p><img decoding=\"async\" src=\"wp-content\/uploads\/2016\/12\/549880446.JPG\" alt=\"Samsun \u0130l Ba\u015fkanl\u0131\u011f\u0131m\u0131z T\u00f6renle A\u00e7\u0131ld\u0131\" style=\"width:100%;\" \/><\/p>\n<p><img decoding=\"async\" src=\"wp-content\/uploads\/2016\/12\/650267248.JPG\" alt=\"Samsun \u0130l Ba\u015fkanl\u0131\u011f\u0131m\u0131z T\u00f6renle A\u00e7\u0131ld\u0131\" style=\"width:100%;\" \/><\/p>\n<p><img decoding=\"async\" src=\"wp-content\/uploads\/2016\/12\/411941906.JPG\" alt=\"Samsun \u0130l Ba\u015fkanl\u0131\u011f\u0131m\u0131z T\u00f6renle A\u00e7\u0131ld\u0131\" style=\"width:100%;\" \/><\/p>\n<p><img decoding=\"async\" src=\"wp-content\/uploads\/2016\/12\/893438472.JPG\" alt=\"Samsun \u0130l Ba\u015fkanl\u0131\u011f\u0131m\u0131z T\u00f6renle A\u00e7\u0131ld\u0131\" style=\"width:100%;\" \/><\/p>\n<p><img decoding=\"async\" src=\"wp-content\/uploads\/2016\/12\/739827291.JPG\" alt=\"Samsun \u0130l Ba\u015fkanl\u0131\u011f\u0131m\u0131z T\u00f6renle A\u00e7\u0131ld\u0131\" style=\"width:100%;\" \/><\/p>\n<p><img decoding=\"async\" src=\"wp-content\/uploads\/2016\/12\/12820417.JPG\" alt=\"Samsun \u0130l Ba\u015fkanl\u0131\u011f\u0131m\u0131z T\u00f6renle A\u00e7\u0131ld\u0131\" style=\"width:100%;\" \/><\/p>\n<p><img decoding=\"async\" src=\"wp-content\/uploads\/2016\/12\/386184662.JPG\" alt=\"Samsun \u0130l Ba\u015fkanl\u0131\u011f\u0131m\u0131z T\u00f6renle A\u00e7\u0131ld\u0131\" style=\"width:100%;\" \/><\/p>\n<p><img decoding=\"async\" src=\"wp-content\/uploads\/2016\/12\/677126229.JPG\" alt=\"Samsun \u0130l Ba\u015fkanl\u0131\u011f\u0131m\u0131z T\u00f6renle A\u00e7\u0131ld\u0131\" style=\"width:100%;\" \/><\/p>\n<p><img decoding=\"async\" src=\"wp-content\/uploads\/2016\/12\/93170757.JPG\" alt=\"Samsun \u0130l Ba\u015fkanl\u0131\u011f\u0131m\u0131z T\u00f6renle A\u00e7\u0131ld\u0131\" style=\"width:100%;\" \/><\/p>\n<p><img decoding=\"async\" src=\"wp-content\/uploads\/2016\/12\/966561385.JPG\" alt=\"Samsun \u0130l Ba\u015fkanl\u0131\u011f\u0131m\u0131z T\u00f6renle A\u00e7\u0131ld\u0131\" style=\"width:100%;\" \/><\/p>\n<p><img decoding=\"async\" src=\"wp-content\/uploads\/2016\/12\/525401866.JPG\" alt=\"Samsun \u0130l Ba\u015fkanl\u0131\u011f\u0131m\u0131z T\u00f6renle A\u00e7\u0131ld\u0131\" style=\"width:100%;\" \/><\/p>\n<p><img decoding=\"async\" src=\"wp-content\/uploads\/2016\/12\/377806337.JPG\" alt=\"Samsun \u0130l Ba\u015fkanl\u0131\u011f\u0131m\u0131z T\u00f6renle A\u00e7\u0131ld\u0131\" style=\"width:100%;\" \/><\/p>\n<p><img decoding=\"async\" src=\"wp-content\/uploads\/2016\/12\/984718985.JPG\" alt=\"Samsun \u0130l Ba\u015fkanl\u0131\u011f\u0131m\u0131z T\u00f6renle A\u00e7\u0131ld\u0131\" style=\"width:100%;\" \/><\/p>\n<p><img decoding=\"async\" src=\"wp-content\/uploads\/2016\/12\/706696962.JPG\" alt=\"Samsun \u0130l Ba\u015fkanl\u0131\u011f\u0131m\u0131z T\u00f6renle A\u00e7\u0131ld\u0131\" style=\"width:100%;\" \/><\/p>\n<p><img decoding=\"async\" src=\"wp-content\/uploads\/2016\/12\/144261364.JPG\" alt=\"Samsun \u0130l Ba\u015fkanl\u0131\u011f\u0131m\u0131z T\u00f6renle A\u00e7\u0131ld\u0131\" style=\"width:100%;\" \/><\/p>\n<p><img decoding=\"async\" src=\"wp-content\/uploads\/2016\/12\/27857145.jpg\" alt=\"Samsun \u0130l Ba\u015fkanl\u0131\u011f\u0131m\u0131z T\u00f6renle A\u00e7\u0131ld\u0131\" style=\"width:100%;\" \/><\/p>\n<p><img decoding=\"async\" src=\"wp-content\/uploads\/2016\/12\/944626327.jpg\" alt=\"Samsun \u0130l Ba\u015fkanl\u0131\u011f\u0131m\u0131z T\u00f6renle A\u00e7\u0131ld\u0131\" style=\"width:100%;\" \/><\/p>\n<p><img decoding=\"async\" src=\"wp-content\/uploads\/2016\/12\/837669495.jpg\" alt=\"Samsun \u0130l Ba\u015fkanl\u0131\u011f\u0131m\u0131z T\u00f6renle A\u00e7\u0131ld\u0131\" style=\"width:100%;\" \/><\/p>\n<p><img decoding=\"async\" src=\"wp-content\/uploads\/2016\/12\/939094587.JPG\" alt=\"Samsun \u0130l Ba\u015fkanl\u0131\u011f\u0131m\u0131z T\u00f6renle A\u00e7\u0131ld\u0131\" style=\"width:100%;\" \/><\/p>\n<p><img decoding=\"async\" src=\"wp-content\/uploads\/2016\/12\/393615753.jpg\" alt=\"Samsun \u0130l Ba\u015fkanl\u0131\u011f\u0131m\u0131z T\u00f6renle A\u00e7\u0131ld\u0131\" style=\"width:100%;\" \/><\/p>\n","protected":false},"excerpt":{"rendered":"<p>Haksen Samsun \u0130l Ba\u015fkanl\u0131\u011f\u0131 d\u00fczenlenen t\u00f6renle Genel Ba\u015fkan Ayhan \u00c7ivi taraf\u0131ndan a\u00e7\u0131ld\u0131.<\/p>\n","protected":false},"author":1,"featured_media":2509,"comment_status":"closed","ping_status":"open","sticky":false,"template":"","format":"standard","meta":{"footnotes":""},"categories":[],"tags":[],"class_list":["post-2490","post","type-post","status-publish","format-standard","has-post-thumbnail"],"_links":{"self":[{"href":"https:\/\/haksen.org.tr\/index.php?rest_route=\/wp\/v2\/posts\/2490","targetHints":{"allow":["GET"]}}],"collection":[{"href":"https:\/\/haksen.org.tr\/index.php?rest_route=\/wp\/v2\/posts"}],"about":[{"href":"https:\/\/haksen.org.tr\/index.php?rest_route=\/wp\/v2\/types\/post"}],"author":[{"embeddable":true,"href":"https:\/\/haksen.org.tr\/index.php?rest_route=\/wp\/v2\/users\/1"}],"replies":[{"embeddable":true,"href":"https:\/\/haksen.org.tr\/index.php?rest_route=%2Fwp%2Fv2%2Fcomments&post=2490"}],"version-history":[{"count":0,"href":"https:\/\/haksen.org.tr\/index.php?rest_route=\/wp\/v2\/posts\/2490\/revisions"}],"wp:featuredmedia":[{"embeddable":true,"href":"https:\/\/haksen.org.tr\/index.php?rest_route=\/wp\/v2\/media\/2509"}],"wp:attachment":[{"href":"https:\/\/haksen.org.tr\/index.php?rest_route=%2Fwp%2Fv2%2Fmedia&parent=2490"}],"wp:term":[{"taxonomy":"category","embeddable":true,"href":"https:\/\/haksen.org.tr\/index.php?rest_route=%2Fwp%2Fv2%2Fcategories&post=2490"},{"taxonomy":"post_tag","embeddable":true,"href":"https:\/\/haksen.org.tr\/index.php?rest_route=%2Fwp%2Fv2%2Ftags&post=2490"}],"curies":[{"name":"wp","href":"https:\/\/api.w.org\/{rel}","templated":true}]}}