{"id":2488,"date":"2013-04-21T12:00:00","date_gmt":"2013-04-21T12:00:00","guid":{"rendered":"http:\/\/haksen.org.tr\/?p=2488"},"modified":"2013-04-21T12:00:00","modified_gmt":"2013-04-21T12:00:00","slug":"4-c-personele-umut-tacirligi-yapiyorlar","status":"publish","type":"post","link":"https:\/\/haksen.org.tr\/?p=2488","title":{"rendered":"4\/C Personele Umut Tacirli\u011fi Yap\u0131yorlar"},"content":{"rendered":"<p>657 say\u0131l\u0131 Yasan\u0131n 4\/C maddesine g\u00f6re \u00e7e\u015fitli kamu kurum ve kurulu\u015flar\u0131nda \u00e7al\u0131\u015fan personel taraf\u0131ndan Giresun\u2019un Bulancak il\u00e7esindeki Tiyatro G\u00f6steri Merkezinde d\u00fczenlenen toplnat\u0131ya kat\u0131lan Haksen Genel Ba\u015fkan\u0131 Ayhan \u00c7ivi, son g\u00fcnlerde ya\u015fanan geli\u015fmeleri de\u011ferlendirdi.<\/p>\n<p>Toplant\u0131ya E\u011fitim Hak-Sen Genel Ba\u015fkan\u0131 Hanifi G\u00f6k\u00e7ek, B\u00fcro Hak-Sen Genel Sekreteri \u00d6zg\u00fcr Tuncer ve B\u00fcro Hak-Sen Genel Sosyal \u0130\u015fler Sekreteri Mehmet Karabulut kat\u0131ld\u0131lar.<\/p>\n<p>Haksen\u2019in verdi\u011fi hukuk m\u00fccadelesi sonu 4\/C personelin memur sendikalar\u0131na \u00fcyelik hakk\u0131n\u0131 elde etti\u011fini hat\u0131rlatan \u00c7ivi, sendika hakk\u0131n\u0131n kazan\u0131lmas\u0131n\u0131n ard\u0131ndan 4\/C\u2019le ilgili  a\u00e7t\u0131klar\u0131 davada Dan\u0131\u015ftay \u0130dari Dava Daireleri Kurulunca 4\/C nin Anayasaya ayk\u0131r\u0131 oldu\u011fu gerek\u00e7esiyle iptali i\u00e7in Anayasa Mahkemesine ba\u015fvuruldu\u011funu belirtti.<\/p>\n<p>\u00c7ivi, Ancak Anayasa Mahkemesinin esastan yapt\u0131\u011f\u0131 inceleme sonucu ba\u015fvurunun reddedilmesi \u00fczerine i\u00e7 hukuk s\u00fcrecinin tamamlanarak  1 y\u0131l \u00f6nce Avrupa \u0130nsan Haklar\u0131 Mahkemesine ba\u015fvuru yapt\u0131klar\u0131n\u0131n s\u00f6yledi.<\/p>\n<p>A\u0130HM\u2019deki incelemenin devam etti\u011fini belirten \u00c7ivi, sendikam\u0131za bu konuda herhangi bir yaz\u0131l\u0131 bildirim gelmedi dedi.<\/p>\n<p>\u00c7ivi konu\u015fmas\u0131nda \u00f6zetle  \u015funlar\u0131 s\u00f6yledi;<\/p>\n<p>Avrupa \u0130nsan Haklar\u0131 Mahkemesine yap\u0131lan ba\u015fvuru, herhangi bir kurum ayr\u0131m\u0131 olmaks\u0131z\u0131n t\u00fcm  4\/C personelinin gelece\u011fini ilgilendirmektedir. Sendikam\u0131z\u0131n yapt\u0131\u011f\u0131 hukuk m\u00fccadelesini de\u011fersiz ve \u00f6nemsiz g\u00f6stermek i\u00e7in yap\u0131lan de\u011ferlendirmeler do\u011fru de\u011fildir. E\u011fer A\u0130HM ba\u015fvurumuzu kabul ederse bundan sonraki a\u015famada \u00fclkemizde 4\/C personel \u00e7al\u0131\u015ft\u0131rman\u0131n \u00e7ok a\u011f\u0131r yapt\u0131r\u0131mlar\u0131 olacakt\u0131r.<\/p>\n<p>\u0130nsanlar\u0131n ge\u00e7mi\u015fi \u00e7ok \u00e7abuk unutuyorlar. \u00dclkemizde 41 y\u0131ldan beri 4\/C personel \u00e7al\u0131\u015ft\u0131r\u0131l\u0131yor. 12 y\u0131ldan beri de toplu g\u00f6r\u00fc\u015fmeler yap\u0131l\u0131yor. Hi\u00e7bir sendika bu konuda en k\u00fc\u00e7\u00fck bir ad\u0131m atmad\u0131 , M\u00fccadele etmedi. \u015eimdi de 4\/C personelin duygular\u0131n\u0131 ve umutlar\u0131n\u0131 s\u00f6m\u00fcr\u00fcyorlar. <\/p>\n<p>Ge\u00e7ti\u011fimiz y\u0131l yap\u0131lan toplu s\u00f6zle\u015fmelerden beri h\u00fck\u00fcmetle yap\u0131lan her toplant\u0131da sanki 4\/C konusunu \u00e7\u00f6zeceklermi\u015f gibi bir izlenim yaratarak 4\/C personeline umut tacirli\u011fi yap\u0131yorlar. Bu toplant\u0131lar\u0131n onlarca g\u00fcndem maddesinden sadece biri 4\/C konusu olmas\u0131na ra\u011fmen, 4\/C personelini sorunu \u00e7\u00f6zeceklerine inand\u0131rmaya \u00e7al\u0131\u015f\u0131yorlar. Son olarak yap\u0131lan Dan\u0131\u015fma Kurulu toplant\u0131s\u0131nda dahi a\u011f\u0131z ve eylem birli\u011fi yapamayan sendikalar, i\u015fin kolay\u0131na ka\u00e7\u0131p \u00c7al\u0131\u015fma Bakan\u0131n\u0131 su\u00e7luyorlar. Bu sendikalar d\u00fcn oldu\u011fu gibi bug\u00fcn de samimi de\u011fildir. Yar\u0131n bu sorun \u00e7\u00f6z\u00fcld\u00fc\u011f\u00fcnde de ilk sahiplenecek de onlard\u0131r. Art\u0131k 4\/C personeli ger\u00e7ekleri g\u00f6rmeli ve bu sendikalara gereken dersi vermelidir.<\/p>\n<p>4\/C personelini temsilen \u00c7al\u0131\u015fma Bakan\u0131yla g\u00f6r\u00fc\u015fen heyette yer alan veya almayan t\u00fcm 4\/C personelini tebrik ediyorum. Sendikalar\u0131n yapamad\u0131\u011f\u0131n\u0131 en az\u0131ndan onlar yapt\u0131lar ve sorunlar\u0131n\u0131 birinci a\u011f\u0131zdan aktard\u0131lar.<\/p>\n<p>Kamu Personel Rejimiyle ilgili Abant\u2019ta yap\u0131lan toplant\u0131larda HAKSEN\u2019in birinci g\u00fcndem maddesinin 4\/C olmas\u0131ndan dolay\u0131 konu g\u00fcndeme geldi. Bu konuda t\u00fcm sendikalar ayn\u0131 s\u00f6ylemi dile getirdiler ancak sonras\u0131nda ba\u015fka konular\u0131 \u00f6ne \u00e7\u0131kard\u0131klar\u0131 i\u00e7in konu ciddiyetini kaybetti.<\/p>\n<p>Biz bu konunun pe\u015fini b\u0131rakmayaca\u011f\u0131z. Say\u0131n Bakan\u00een a\u011fz\u0131ndan kadro yoktur s\u00f6z\u00fcn\u00fc duymad\u0131\u011f\u0131m\u0131z s\u00fcrece talebimizi yenileyece\u011fiz. Bu konuda kamuoyuna yans\u0131yan s\u00f6zlere bakarak 4\/C personeli umutsuzlu\u011fa kap\u0131lmas\u0131n. Konuyla ilgili \u00e7al\u0131\u015fma devam etmektedir. Yak\u0131n bir zamanda ger\u00e7ekleri kamuoyuyla payla\u015faca\u011f\u0131z.<\/p>\n<p>T\u00fcm 4\/C personelini kendilerinin ve \u00e7ocuklar\u0131n\u0131n gelece\u011fi i\u00e7in m\u00fccadele eden HAKSEN&#8217;e bekliyoruz. Sizlerin iyi g\u00fcnde de k\u00f6t\u00fc g\u00fcnde de yan\u0131n\u0131zda olan insanlar\u0131n sizin de yan\u0131nda olmas\u0131 gerekiyoru.<\/p>\n","protected":false},"excerpt":{"rendered":"<p>Giresun\u2019da kat\u0131ld\u0131\u011f\u0131 toplant\u0131da konu\u015fan Genel Ba\u015fkan Ayhan \u00c7ivi, yetkili sendikalar\u0131 umut tacirli\u011fi yapmakla su\u00e7lad\u0131.<\/p>\n","protected":false},"author":1,"featured_media":2489,"comment_status":"closed","ping_status":"open","sticky":false,"template":"","format":"standard","meta":{"footnotes":""},"categories":[],"tags":[],"class_list":["post-2488","post","type-post","status-publish","format-standard","has-post-thumbnail"],"_links":{"self":[{"href":"https:\/\/haksen.org.tr\/index.php?rest_route=\/wp\/v2\/posts\/2488","targetHints":{"allow":["GET"]}}],"collection":[{"href":"https:\/\/haksen.org.tr\/index.php?rest_route=\/wp\/v2\/posts"}],"about":[{"href":"https:\/\/haksen.org.tr\/index.php?rest_route=\/wp\/v2\/types\/post"}],"author":[{"embeddable":true,"href":"https:\/\/haksen.org.tr\/index.php?rest_route=\/wp\/v2\/users\/1"}],"replies":[{"embeddable":true,"href":"https:\/\/haksen.org.tr\/index.php?rest_route=%2Fwp%2Fv2%2Fcomments&post=2488"}],"version-history":[{"count":0,"href":"https:\/\/haksen.org.tr\/index.php?rest_route=\/wp\/v2\/posts\/2488\/revisions"}],"wp:featuredmedia":[{"embeddable":true,"href":"https:\/\/haksen.org.tr\/index.php?rest_route=\/wp\/v2\/media\/2489"}],"wp:attachment":[{"href":"https:\/\/haksen.org.tr\/index.php?rest_route=%2Fwp%2Fv2%2Fmedia&parent=2488"}],"wp:term":[{"taxonomy":"category","embeddable":true,"href":"https:\/\/haksen.org.tr\/index.php?rest_route=%2Fwp%2Fv2%2Fcategories&post=2488"},{"taxonomy":"post_tag","embeddable":true,"href":"https:\/\/haksen.org.tr\/index.php?rest_route=%2Fwp%2Fv2%2Ftags&post=2488"}],"curies":[{"name":"wp","href":"https:\/\/api.w.org\/{rel}","templated":true}]}}