{"id":2482,"date":"2013-04-17T12:00:00","date_gmt":"2013-04-17T12:00:00","guid":{"rendered":"http:\/\/haksen.org.tr\/?p=2482"},"modified":"2013-04-17T12:00:00","modified_gmt":"2013-04-17T12:00:00","slug":"yargi-calisanlarina-ulasim-yardimi","status":"publish","type":"post","link":"https:\/\/haksen.org.tr\/?p=2482","title":{"rendered":"Yarg\u0131 \u00c7al\u0131\u015fanlar\u0131na Ula\u015f\u0131m Yard\u0131m\u0131"},"content":{"rendered":"<p>Yarg\u0131 \u00e7al\u0131\u015fanlar\u0131n\u0131n \u00f6zellikle b\u00fcy\u00fck \u015fehirlerdeki toplu ta\u015f\u0131ma ara\u00e7lar\u0131nda y\u0131llardan beri kullanmakta olduklar\u0131 \u00fccretsiz ula\u015f\u0131m kartlar\u0131; <\/p>\n<p> Adalet Bakanl\u0131\u011f\u0131nca yarg\u0131 birimlerine g\u00f6nderilen 14.11.2012 tarihli yaz\u0131 ile 2013 y\u0131l\u0131ndan itibaren iptal edilmi\u015fti.<\/p>\n<p>Sendikam\u0131z\u0131n yapt\u0131\u011f\u0131 g\u00f6r\u00fc\u015fmelerde, i\u015fyurtlar\u0131 b\u00fct\u00e7esinden yap\u0131lan \u00f6demelerin hukuka ayk\u0131r\u0131 oldu\u011fu gerek\u00e7esiyle ula\u015f\u0131m kartlar\u0131n\u0131n iptal edildi\u011fi bildirilmi\u015fti.  <\/p>\n<p>Yarg\u0131 \u00e7al\u0131\u015fanlar\u0131n\u0131 yap\u0131lan bu haks\u0131zl\u0131\u011fa kar\u015f\u0131 sendikam\u0131z taraf\u0131ndan;<\/p>\n<p>19 Kas\u0131m 2012 tarihinde Ankara B\u00f6lge \u0130dare Mahkemeleri \u00f6n\u00fcnde Genel Ba\u015fkan Ayhan \u00c7ivi taraf\u0131ndan yap\u0131lan kitlesel bas\u0131n a\u00e7\u0131klamas\u0131nda dosyalar\u0131n yak\u0131lmas\u0131 ile;<\/p>\n<p>8 Ocak 2013 tarihinde Adalet Bakanl\u0131\u011f\u0131 \u00f6n\u00fcnde Genel Ba\u015fkan Ayhan \u00c7ivi taraf\u0131ndan yap\u0131lan bas\u0131n a\u00e7\u0131klamas\u0131n\u0131n ard\u0131ndan karl\u0131 havada \u00e7\u0131plak ayakla y\u00fcr\u00fcy\u00fc\u015f yap\u0131larak;<\/p>\n<p>25 Ocak 2013 tarihinde \u0130stanbul \u00c7a\u011flayan Adliyesi \u00f6n\u00fcnde B\u00fcro Hak-Sen Te\u015fkilat Sekreteri Cevdet Telefoncu ve \u00fcyelerin kendinin zincirleyerek yapt\u0131\u011f\u0131 eylemde;<\/p>\n<p>protesto edilmi\u015ftir.<\/p>\n<p>Sendikam\u0131z\u0131n bu kararl\u0131 m\u00fccadelesi sonucu;<\/p>\n<p>\u0130\u015fyurtlar\u0131 Kurumu Daire Ba\u015fkanl\u0131\u011f\u0131nca Adalet Bakanl\u0131\u011f\u0131 ile Ankara, \u0130zmir ve \u0130stanbul Cumhuriyet Ba\u015fsavc\u0131l\u0131klar\u0131na g\u00f6nderilen 25-26 Mart 2013 tarihli yaz\u0131larda,  ki\u015fi ba\u015f\u0131na Nisan-2013 ay\u0131ndan itibaren Ankara ve \u0130zmir i\u00e7in ayl\u0131k 85 TL, \u0130stanbul i\u00e7in de 155 TL \u00f6denek verilece\u011fi bildirilmi\u015ftir.<\/p>\n<p>Ula\u015f\u0131m hizmetinin servis veya toplu ula\u015f\u0131m ara\u00e7lar\u0131ndan al\u0131nabilece\u011fi de belirtilmi\u015ftir.<\/p>\n<p>Bununla birlikte s\u00f6z konusu \u00f6deneklerden, 4\/C\u2019li personel kapsam d\u0131\u015f\u0131nda b\u0131rak\u0131larak yeni bir adaletsizlik yap\u0131lm\u0131\u015ft\u0131r. <\/p>\n<p>Sendikam\u0131z bu konuda gerekli yasal ba\u015fvurular\u0131 yaparak 4\/C personele yap\u0131lan bu haks\u0131zl\u0131\u011f\u0131n da giderilmesi i\u00e7in \u00e7al\u0131\u015fma yap\u0131lacakt\u0131r.<\/p>\n<h2 style='margin:20px 0;'>\u0130\u00e7erik Galerisi<\/h2>\n<p><img decoding=\"async\" src=\"wp-content\/uploads\/2016\/12\/402590859.jpg\" alt=\"Yarg\u0131 \u00c7al\u0131\u015fanlar\u0131na Ula\u015f\u0131m Yard\u0131m\u0131\" style=\"width:100%;\" \/><\/p>\n<p><img decoding=\"async\" src=\"wp-content\/uploads\/2016\/12\/382985054.jpg\" alt=\"Yarg\u0131 \u00c7al\u0131\u015fanlar\u0131na Ula\u015f\u0131m Yard\u0131m\u0131\" style=\"width:100%;\" \/><\/p>\n<p><img decoding=\"async\" src=\"wp-content\/uploads\/2016\/12\/957121437.jpg\" alt=\"Yarg\u0131 \u00c7al\u0131\u015fanlar\u0131na Ula\u015f\u0131m Yard\u0131m\u0131\" style=\"width:100%;\" \/><\/p>\n<p><img decoding=\"async\" src=\"wp-content\/uploads\/2016\/12\/326641555.jpg\" alt=\"Yarg\u0131 \u00c7al\u0131\u015fanlar\u0131na Ula\u015f\u0131m Yard\u0131m\u0131\" style=\"width:100%;\" \/><\/p>\n","protected":false},"excerpt":{"rendered":"<p>Yarg\u0131 \u00e7al\u0131\u015fanlar\u0131n\u0131n serbest ula\u015f\u0131m kartlar\u0131n\u0131n 01.01.2013 tarihinden itibaren iptaline kar\u015f\u0131 sendikam\u0131z\u0131n verdi\u011fi m\u00fccadele sonu\u00e7 verdi.<\/p>\n","protected":false},"author":1,"featured_media":2483,"comment_status":"closed","ping_status":"open","sticky":false,"template":"","format":"standard","meta":{"footnotes":""},"categories":[],"tags":[],"class_list":["post-2482","post","type-post","status-publish","format-standard","has-post-thumbnail"],"_links":{"self":[{"href":"https:\/\/haksen.org.tr\/index.php?rest_route=\/wp\/v2\/posts\/2482","targetHints":{"allow":["GET"]}}],"collection":[{"href":"https:\/\/haksen.org.tr\/index.php?rest_route=\/wp\/v2\/posts"}],"about":[{"href":"https:\/\/haksen.org.tr\/index.php?rest_route=\/wp\/v2\/types\/post"}],"author":[{"embeddable":true,"href":"https:\/\/haksen.org.tr\/index.php?rest_route=\/wp\/v2\/users\/1"}],"replies":[{"embeddable":true,"href":"https:\/\/haksen.org.tr\/index.php?rest_route=%2Fwp%2Fv2%2Fcomments&post=2482"}],"version-history":[{"count":0,"href":"https:\/\/haksen.org.tr\/index.php?rest_route=\/wp\/v2\/posts\/2482\/revisions"}],"wp:featuredmedia":[{"embeddable":true,"href":"https:\/\/haksen.org.tr\/index.php?rest_route=\/wp\/v2\/media\/2483"}],"wp:attachment":[{"href":"https:\/\/haksen.org.tr\/index.php?rest_route=%2Fwp%2Fv2%2Fmedia&parent=2482"}],"wp:term":[{"taxonomy":"category","embeddable":true,"href":"https:\/\/haksen.org.tr\/index.php?rest_route=%2Fwp%2Fv2%2Fcategories&post=2482"},{"taxonomy":"post_tag","embeddable":true,"href":"https:\/\/haksen.org.tr\/index.php?rest_route=%2Fwp%2Fv2%2Ftags&post=2482"}],"curies":[{"name":"wp","href":"https:\/\/api.w.org\/{rel}","templated":true}]}}