{"id":2480,"date":"2013-04-17T12:00:00","date_gmt":"2013-04-17T12:00:00","guid":{"rendered":"http:\/\/haksen.org.tr\/?p=2480"},"modified":"2013-04-17T12:00:00","modified_gmt":"2013-04-17T12:00:00","slug":"imar-hak-sen-ankara-subesi-kuruldu","status":"publish","type":"post","link":"https:\/\/haksen.org.tr\/?p=2480","title":{"rendered":"\u0130mar Hak-Sen Ankara \u015eubesi Kuruldu"},"content":{"rendered":"<p>\u0130mar Hak-Sen y\u00f6netim kurulunca al\u0131nan karar gere\u011fince Ankara\u2019da kurulan \u015fubenin evraklar\u0131 9 Nisan 2013 tarihinde Ankara Valili\u011fine teslim edildi. <\/p>\n<p>Ankara Valili\u011fince verilen kurulu\u015f yaz\u0131s\u0131yla birlikte \u015fube resmen kurulmu\u015f oldu.<\/p>\n<p>Tapu ve Kadastro Genel M\u00fcd\u00fcrl\u00fc\u011f\u00fc\u2019nde g\u00f6rev yapan G\u00fclay Y\u0131ld\u0131r\u0131m\u2019\u0131n ba\u015fkanl\u0131\u011f\u0131nda kurulan \u015fube kurucu y\u00f6netiminde;<\/p>\n<p>Tuncay Erdem<br \/>\nNasuh \u015eahin<br \/>\nAdnan Yetik<br \/>\nBurak Ak\u0131n<br \/>\nYusuf Ziya Ers\u00f6z<br \/>\n\u00d6mer G\u00fcrer<\/p>\n<p>yer ald\u0131.<\/p>\n<p>\u015eubenin kurulu\u015funun ard\u0131ndan \u015eube Ba\u015fkan\u0131 G\u00fclay Y\u0131ld\u0131r\u0131m ile y\u00f6netim kurulu \u00fcyeleri  Tuncay Y\u0131ld\u0131r\u0131m ve Nasuh \u015eahin Genel Ba\u015fkan Ayhan \u00c7ivi\u2019yi ziyaret ettiler. <\/p>\n","protected":false},"excerpt":{"rendered":"<p>Yasal kurulu\u015f \u015fartlar\u0131n\u0131 tamamlayan \u0130mar Hak-Sen Ankara \u015eubesi  kuruldu.<\/p>\n","protected":false},"author":1,"featured_media":2481,"comment_status":"closed","ping_status":"open","sticky":false,"template":"","format":"standard","meta":{"footnotes":""},"categories":[],"tags":[],"class_list":["post-2480","post","type-post","status-publish","format-standard","has-post-thumbnail"],"_links":{"self":[{"href":"https:\/\/haksen.org.tr\/index.php?rest_route=\/wp\/v2\/posts\/2480","targetHints":{"allow":["GET"]}}],"collection":[{"href":"https:\/\/haksen.org.tr\/index.php?rest_route=\/wp\/v2\/posts"}],"about":[{"href":"https:\/\/haksen.org.tr\/index.php?rest_route=\/wp\/v2\/types\/post"}],"author":[{"embeddable":true,"href":"https:\/\/haksen.org.tr\/index.php?rest_route=\/wp\/v2\/users\/1"}],"replies":[{"embeddable":true,"href":"https:\/\/haksen.org.tr\/index.php?rest_route=%2Fwp%2Fv2%2Fcomments&post=2480"}],"version-history":[{"count":0,"href":"https:\/\/haksen.org.tr\/index.php?rest_route=\/wp\/v2\/posts\/2480\/revisions"}],"wp:featuredmedia":[{"embeddable":true,"href":"https:\/\/haksen.org.tr\/index.php?rest_route=\/wp\/v2\/media\/2481"}],"wp:attachment":[{"href":"https:\/\/haksen.org.tr\/index.php?rest_route=%2Fwp%2Fv2%2Fmedia&parent=2480"}],"wp:term":[{"taxonomy":"category","embeddable":true,"href":"https:\/\/haksen.org.tr\/index.php?rest_route=%2Fwp%2Fv2%2Fcategories&post=2480"},{"taxonomy":"post_tag","embeddable":true,"href":"https:\/\/haksen.org.tr\/index.php?rest_route=%2Fwp%2Fv2%2Ftags&post=2480"}],"curies":[{"name":"wp","href":"https:\/\/api.w.org\/{rel}","templated":true}]}}