{"id":2478,"date":"2013-04-12T12:00:00","date_gmt":"2013-04-12T12:00:00","guid":{"rendered":"http:\/\/haksen.org.tr\/?p=2478"},"modified":"2013-04-12T12:00:00","modified_gmt":"2013-04-12T12:00:00","slug":"tuik-ankara-bolgenin-ulasim-sorunu","status":"publish","type":"post","link":"https:\/\/haksen.org.tr\/?p=2478","title":{"rendered":"T\u00dc\u0130K Ankara B\u00f6lgenin Ula\u015f\u0131m Sorunu"},"content":{"rendered":"<p>Haksen Genel Ba\u015fkan\u0131 Ayhan \u00c7ivi, B\u00fcro Hak-Sen Y\u00f6netim Kurulu \u00dcyesi Mehmet Karabulut ve Ankara B\u00f6lge M\u00fcd\u00fcrl\u00fc\u011f\u00fc Temsilcisi S\u00fcleyman Yanaral ile birlikte EGO Genel M\u00fcd\u00fcrl\u00fc\u011f\u00fc Ula\u015f\u0131m Daire Ba\u015fkan\u0131 ile g\u00f6r\u00fc\u015ft\u00fc.<\/p>\n<p>T\u00dc\u0130K Ankara B\u00f6lge M\u00fcd\u00fcrl\u00fc\u011f\u00fcnde g\u00f6rev yapan anket\u00f6rlerin mesai saatleri d\u0131\u015f\u0131ndaki g\u00f6revlerinde halk otob\u00fcslerinden yararlanamamalar\u0131 nedeniyle sorunun \u00e7\u00f6z\u00fcm\u00fc amac\u0131yla yap\u0131lan g\u00f6r\u00fc\u015fmede;<\/p>\n<p>Ankara Ula\u015f\u0131m Koordinasyon Merkezi (UKOME) Genel Kurulunun 2006\/1 say\u0131l\u0131 karar\u0131n\u0131n c bendinde; T\u00dc\u0130K Ankara B\u00f6lge M\u00fcd\u00fcrl\u00fc\u011f\u00fc\u2019nde g\u00f6revli personelin 09:00-17:30 saatleri aras\u0131nda t\u00fcm toplu ula\u015f\u0131m ara\u00e7lar\u0131ndan \u00fccretsiz yararlanmas\u0131na karar verildi\u011fi belirtilerek, anket \u00e7al\u0131\u015fmalar\u0131n\u0131n mesai saatleri d\u0131\u015f\u0131nda ve hafta sonu da yap\u0131lmas\u0131 nedeniyle personelin \u00f6zellikle halk otob\u00fcslerinden yararlanmas\u0131 konusunda sorunlar ya\u015fand\u0131\u011f\u0131 iletilmi\u015ftir.<\/p>\n<p>Bu nedenle, T\u00dc\u0130K Ankara B\u00f6lge M\u00fcd\u00fcrl\u00fc\u011f\u00fc personeli i\u00e7in UKOME karar\u0131ndaki saat s\u0131n\u0131rlamas\u0131n\u0131n kald\u0131r\u0131lmas\u0131 talep edilmi\u015ftir.<\/p>\n<p>Konuya ili\u015fkin T\u00dc\u0130K Ankara B\u00f6lge M\u00fcd\u00fcrl\u00fc\u011f\u00fcnce EGO ile yap\u0131lan yaz\u0131\u015fmalar ilgi tutulmak suretiyle personelin g\u00f6rev ve \u00e7al\u0131\u015fma \u015fartlar\u0131n\u0131 da i\u00e7eren yeni bir yaz\u0131l\u0131 ba\u015fvuru yap\u0131larak \u00e7\u00f6z\u00fcm s\u00fcreci ba\u015flat\u0131lacakt\u0131r.<\/p>\n","protected":false},"excerpt":{"rendered":"<p>Ankara EGO Genel M\u00fcd\u00fcrl\u00fc\u011f\u00fc Ula\u015f\u0131m Daire Ba\u015fkan\u0131 \u0130le T\u00dc\u0130K  Anket\u00f6rlerin Ula\u015f\u0131m Sorunu G\u00f6r\u00fc\u015f\u00fcld\u00fc.<\/p>\n","protected":false},"author":1,"featured_media":2479,"comment_status":"closed","ping_status":"open","sticky":false,"template":"","format":"standard","meta":{"footnotes":""},"categories":[],"tags":[],"class_list":["post-2478","post","type-post","status-publish","format-standard","has-post-thumbnail"],"_links":{"self":[{"href":"https:\/\/haksen.org.tr\/index.php?rest_route=\/wp\/v2\/posts\/2478","targetHints":{"allow":["GET"]}}],"collection":[{"href":"https:\/\/haksen.org.tr\/index.php?rest_route=\/wp\/v2\/posts"}],"about":[{"href":"https:\/\/haksen.org.tr\/index.php?rest_route=\/wp\/v2\/types\/post"}],"author":[{"embeddable":true,"href":"https:\/\/haksen.org.tr\/index.php?rest_route=\/wp\/v2\/users\/1"}],"replies":[{"embeddable":true,"href":"https:\/\/haksen.org.tr\/index.php?rest_route=%2Fwp%2Fv2%2Fcomments&post=2478"}],"version-history":[{"count":0,"href":"https:\/\/haksen.org.tr\/index.php?rest_route=\/wp\/v2\/posts\/2478\/revisions"}],"wp:featuredmedia":[{"embeddable":true,"href":"https:\/\/haksen.org.tr\/index.php?rest_route=\/wp\/v2\/media\/2479"}],"wp:attachment":[{"href":"https:\/\/haksen.org.tr\/index.php?rest_route=%2Fwp%2Fv2%2Fmedia&parent=2478"}],"wp:term":[{"taxonomy":"category","embeddable":true,"href":"https:\/\/haksen.org.tr\/index.php?rest_route=%2Fwp%2Fv2%2Fcategories&post=2478"},{"taxonomy":"post_tag","embeddable":true,"href":"https:\/\/haksen.org.tr\/index.php?rest_route=%2Fwp%2Fv2%2Ftags&post=2478"}],"curies":[{"name":"wp","href":"https:\/\/api.w.org\/{rel}","templated":true}]}}