{"id":2474,"date":"2013-03-28T12:00:00","date_gmt":"2013-03-28T12:00:00","guid":{"rendered":"http:\/\/haksen.org.tr\/?p=2474"},"modified":"2013-03-28T12:00:00","modified_gmt":"2013-03-28T12:00:00","slug":"istanbul-buyuksehir-belediyesine-ziyaret","status":"publish","type":"post","link":"https:\/\/haksen.org.tr\/?p=2474","title":{"rendered":"\u0130stanbul B\u00fcy\u00fck\u015fehir Belediyesi\u2019ne Ziyaret"},"content":{"rendered":"<p>\u0130stanbul B\u00fcy\u00fck\u015fehir Belediyesi Ba\u015fkan Vekili Ahmet Selamet\u2019i makam\u0131nda ziyaret eden Genel Ba\u015fkan Ayhan \u00c7ivi\u2019ye B\u00fcro Hak-Sen \u0130stanbul \u0130l Temsilcisi \u00c7etin Saltar e\u015flik etti.<\/p>\n<p>Ziyarette, T\u00fcrkiye \u0130statistik Kurumu \u0130stanbul B\u00f6lge M\u00fcd\u00fcrl\u00fc\u011f\u00fc\u2019nde \u00e7al\u0131\u015fan personelin serbest ula\u015f\u0131m haklar\u0131 konusunda getirilen k\u0131s\u0131tlamalar\u0131n kald\u0131r\u0131lmas\u0131n\u0131 talep eden \u00c7ivi, personelin rayl\u0131 sistemden \u00fccretsiz olarak yararlanmas\u0131 i\u00e7in T\u00dc\u0130K \u0130stanbul B\u00f6lge M\u00fcd\u00fcrl\u00fc\u011f\u00fcnce \u0130stanbul Ula\u015f\u0131m A.\u015e\u2019ye yap\u0131lan ba\u015fvurunun olumlu sonu\u00e7land\u0131r\u0131lmas\u0131 i\u00e7in destek istedi.<\/p>\n<p>\u0130stanbul B\u00fcy\u00fck\u015fehir Belediye Ba\u015fkan Vekili Ahmet Selamet konuyla ilgili gerekli incelemeyi yapaca\u011f\u0131n\u0131 belirterek, T\u00dc\u0130K \u0130stanbul B\u00f6lge M\u00fcd\u00fcrl\u00fc\u011f\u00fcn\u00fcn yapt\u0131\u011f\u0131 ba\u015fvurunun sonu\u00e7land\u0131r\u0131lmas\u0131 i\u00e7in Ula\u015f\u0131m A.\u015e y\u00f6netimini arayarak talimat verdi.<\/p>\n<p>Bu g\u00f6r\u00fc\u015fme sonras\u0131, T\u00dc\u0130K \u0130stabul B\u00f6lge M\u00fcd\u00fcrl\u00fc\u011f\u00fc personelinin rayl\u0131 sistemlerden \u00fccretsiz olarak yararlanmas\u0131 karar\u0131 al\u0131nd\u0131.<\/p>\n<p>\u0130stanbul B\u00fcy\u00fck\u015fehir Belediye Ba\u015fkan Vekili say\u0131n Ahmet Selamet\u2019e ilgilerinden dolay\u0131 te\u015fekk\u00fcr\u00fc bor\u00e7 biliriz.<\/p>\n","protected":false},"excerpt":{"rendered":"<p>Genel Ba\u015fkan Ayhan \u00c7ivi, T\u00dc\u0130K personelinin ula\u015f\u0131m sorununu g\u00f6r\u00fc\u015fmek \u00fczere \u0130stanbul B\u00fcy\u00fck\u015fehir Belediyesi Ba\u015fkan Vekili Ahmet Selamet\u2019i ziyaret etti.<\/p>\n","protected":false},"author":1,"featured_media":2475,"comment_status":"closed","ping_status":"open","sticky":false,"template":"","format":"standard","meta":{"footnotes":""},"categories":[],"tags":[],"class_list":["post-2474","post","type-post","status-publish","format-standard","has-post-thumbnail"],"_links":{"self":[{"href":"https:\/\/haksen.org.tr\/index.php?rest_route=\/wp\/v2\/posts\/2474","targetHints":{"allow":["GET"]}}],"collection":[{"href":"https:\/\/haksen.org.tr\/index.php?rest_route=\/wp\/v2\/posts"}],"about":[{"href":"https:\/\/haksen.org.tr\/index.php?rest_route=\/wp\/v2\/types\/post"}],"author":[{"embeddable":true,"href":"https:\/\/haksen.org.tr\/index.php?rest_route=\/wp\/v2\/users\/1"}],"replies":[{"embeddable":true,"href":"https:\/\/haksen.org.tr\/index.php?rest_route=%2Fwp%2Fv2%2Fcomments&post=2474"}],"version-history":[{"count":0,"href":"https:\/\/haksen.org.tr\/index.php?rest_route=\/wp\/v2\/posts\/2474\/revisions"}],"wp:featuredmedia":[{"embeddable":true,"href":"https:\/\/haksen.org.tr\/index.php?rest_route=\/wp\/v2\/media\/2475"}],"wp:attachment":[{"href":"https:\/\/haksen.org.tr\/index.php?rest_route=%2Fwp%2Fv2%2Fmedia&parent=2474"}],"wp:term":[{"taxonomy":"category","embeddable":true,"href":"https:\/\/haksen.org.tr\/index.php?rest_route=%2Fwp%2Fv2%2Fcategories&post=2474"},{"taxonomy":"post_tag","embeddable":true,"href":"https:\/\/haksen.org.tr\/index.php?rest_route=%2Fwp%2Fv2%2Ftags&post=2474"}],"curies":[{"name":"wp","href":"https:\/\/api.w.org\/{rel}","templated":true}]}}